{"id":87755,"date":"2024-08-29T10:11:29","date_gmt":"2024-08-29T10:11:29","guid":{"rendered":"https:\/\/rdnews.al\/?p=87755"},"modified":"2024-08-29T10:11:29","modified_gmt":"2024-08-29T10:11:29","slug":"kellici-pd-nuk-do-te-ndalet-derisa-te-dalin-para-drejtesise-pergjegjesit-e-aferes-se-inceneratoreve","status":"publish","type":"post","link":"https:\/\/rdnews.al\/index.php\/2024\/08\/29\/kellici-pd-nuk-do-te-ndalet-derisa-te-dalin-para-drejtesise-pergjegjesit-e-aferes-se-inceneratoreve\/","title":{"rendered":"K\u00eblli\u00e7i: PD nuk do t\u00eb ndalet derisa t\u00eb dalin para drejt\u00ebsis\u00eb p\u00ebrgjegj\u00ebsit e afer\u00ebs s\u00eb incenerator\u00ebve"},"content":{"rendered":"<p>An\u00ebtari i Kryesis\u00eb s\u00eb PD, Belind K\u00eblli\u00e7i nga protesta e opozit\u00ebs deklaroi se demokrat\u00ebt nuk do t\u00eb t\u00ebrhiqen nga kauza e tyre e d\u00ebrgimit para p\u00ebrgjegj\u00ebsis\u00eb t\u00eb abuzuesve t\u00eb inceneratorit t\u00eb Tiran\u00ebs. Ai tha se t\u00eb enjten q\u00eb vjen opozita do t\u00eb protestoj\u00eb s\u00ebrish.<\/p>\n<p>\u201cNj\u00ebsit\u00eb administrative n\u00eb Tiran\u00eb, fshatrat dhe kryeqyteti \u00ebsht\u00eb i tejmbushur nga plehrat. N\u00eb k\u00ebt\u00eb vend nuk ka drejt\u00ebsi. P\u00ebrher\u00eb kam qen\u00eb nga m\u00eb t\u00eb moderuarit p\u00ebr t\u00eb folur p\u00ebr SPAK-un. Por duhet t\u00eb themi disa t\u00eb v\u00ebrteta. Altin Dumani u shpreh se disa krime jan\u00eb krime intelektuale. N\u00eb mars t\u00eb 20170\u00ebs Veliaj i hapi rrug\u00eb koncensionarit 30 vje\u00e7ar t\u00eb inceneratorit t\u00eb Tiran\u00ebs.<\/p>\n<p>Faktet jan\u00eb flagrante p\u00ebr p\u00ebrfshirjen e Veliajt n\u00eb vjedhjen e shekullit. T\u00eb enjten tjet\u00ebr do t\u00eb jemi s\u00ebrish k\u00ebtu p\u00ebr t\u00eb protestuar p\u00ebr k\u00ebt\u00eb vjedhje t\u00eb paprecedent\u00eb, n\u00eb or\u00ebn 11. Vjedhjes s\u00eb incenerator\u00ebve PD do t\u2019i shkoj\u00eb deri n\u00eb fund. Pa dal\u00eb p\u00ebrgjegj\u00ebsia e personave q\u00eb kan\u00eb firmosur p\u00ebr k\u00ebto afera, nuk do t\u00eb t\u00ebrhiqemi!\u201d, tha ai.<\/p>\n","protected":false},"excerpt":{"rendered":"<p>An\u00ebtari i Kryesis\u00eb s\u00eb PD, Belind K\u00eblli\u00e7i nga protesta e opozit\u00ebs deklaroi se demokrat\u00ebt nuk do t\u00eb t\u00ebrhiqen nga kauza e tyre e d\u00ebrgimit para p\u00ebrgjegj\u00ebsis\u00eb t\u00eb abuzuesve t\u00eb inceneratorit t\u00eb Tiran\u00ebs. Ai tha se t\u00eb enjten q\u00eb vjen opozita do t\u00eb protestoj\u00eb s\u00ebrish. \u201cNj\u00ebsit\u00eb administrative n\u00eb Tiran\u00eb, fshatrat dhe kryeqyteti \u00ebsht\u00eb i tejmbushur nga &hellip;<\/p>\n","protected":false},"author":4,"featured_media":85460,"comment_status":"closed","ping_status":"closed","sticky":false,"template":"","format":"standard","meta":{"footnotes":""},"categories":[37],"tags":[],"class_list":["post-87755","post","type-post","status-publish","format-standard","has-post-thumbnail","","category-politike"],"_links":{"self":[{"href":"https:\/\/rdnews.al\/index.php\/wp-json\/wp\/v2\/posts\/87755","targetHints":{"allow":["GET"]}}],"collection":[{"href":"https:\/\/rdnews.al\/index.php\/wp-json\/wp\/v2\/posts"}],"about":[{"href":"https:\/\/rdnews.al\/index.php\/wp-json\/wp\/v2\/types\/post"}],"author":[{"embeddable":true,"href":"https:\/\/rdnews.al\/index.php\/wp-json\/wp\/v2\/users\/4"}],"replies":[{"embeddable":true,"href":"https:\/\/rdnews.al\/index.php\/wp-json\/wp\/v2\/comments?post=87755"}],"version-history":[{"count":0,"href":"https:\/\/rdnews.al\/index.php\/wp-json\/wp\/v2\/posts\/87755\/revisions"}],"wp:featuredmedia":[{"embeddable":true,"href":"https:\/\/rdnews.al\/index.php\/wp-json\/wp\/v2\/media\/85460"}],"wp:attachment":[{"href":"https:\/\/rdnews.al\/index.php\/wp-json\/wp\/v2\/media?parent=87755"}],"wp:term":[{"taxonomy":"category","embeddable":true,"href":"https:\/\/rdnews.al\/index.php\/wp-json\/wp\/v2\/categories?post=87755"},{"taxonomy":"post_tag","embeddable":true,"href":"https:\/\/rdnews.al\/index.php\/wp-json\/wp\/v2\/tags?post=87755"}],"curies":[{"name":"wp","href":"https:\/\/api.w.org\/{rel}","templated":true}]}}