{"id":88008,"date":"2024-09-02T11:10:51","date_gmt":"2024-09-02T11:10:51","guid":{"rendered":"https:\/\/rdnews.al\/?p=88008"},"modified":"2024-09-02T11:11:12","modified_gmt":"2024-09-02T11:11:12","slug":"deshmia-ne-hage-me-rrembyen-njerez-te-uck-se-dhe-torturuan-se-isha-me-ldk","status":"publish","type":"post","link":"https:\/\/rdnews.al\/index.php\/2024\/09\/02\/deshmia-ne-hage-me-rrembyen-njerez-te-uck-se-dhe-torturuan-se-isha-me-ldk\/","title":{"rendered":"D\u00ebshmia n\u00eb Hag\u00eb: M\u00eb rr\u00ebmbyen njer\u00ebz t\u00eb U\u00c7K-s\u00eb dhe m\u00eb torturuan se isha me LDK"},"content":{"rendered":"<p>N\u00eb Dhomat e Specializuara t\u00eb Kosov\u00ebs (DhSK) n\u00eb Hag\u00eb ka filluar d\u00ebshmin\u00eb d\u00ebshmitari i 83-t\u00eb i Zyr\u00ebs s\u00eb Prokuroris\u00eb s\u00eb Specializuar (ZPS), Imer Imeri i cili mban\u00eb kodin 04735 n\u00eb procesin gjyq\u00ebsor ndaj Hashim Tha\u00e7it, Kadri Veselit, Rexhep Selimit dhe Jakup Krasniqit.<\/p>\n<p>Pyetjet p\u00ebr k\u00ebt\u00eb d\u00ebshmitar i ka filluar p\u00ebrfaq\u00ebsuesja e ZPS-s\u00eb, prokurorja Vega Iodice e cila sipas p\u00ebrmbledhjes se lexuar n\u00eb sall\u00ebn e gjyqit, ky d\u00ebshmitar ishte rr\u00ebmbyer nga an\u00ebtar\u00ebt e U\u00c7K-s\u00eb me maska dhe ishte mbajtur i ndaluar n\u00eb Shqip\u00ebri, raporton \u201cBetimi p\u00ebr Drejt\u00ebsi\u201d.<\/p>\n<p>\u201cD\u00ebshmitari 04735 \u00ebsht\u00eb shqiptar i Kosov\u00ebs q\u00eb \u00ebsht\u00eb rr\u00ebmbyer n\u00eb Kosov\u00eb nga ushtar\u00ebt e U\u00c7K-s\u00eb me maska sepse ishte p\u00ebrkrah\u00ebs i LDK-s\u00eb dhe e kan\u00eb mbajtur n\u00eb kazerm\u00ebn ushtarake t\u00eb U\u00c7K-s\u00eb n\u00eb Shqip\u00ebri dhe e kan\u00eb rrahur ushtar\u00ebt e U\u00c7K-s\u00eb. Ai ka qen\u00eb n\u00eb kushte t\u00eb k\u00ebqija sanitare edhe ka par\u00eb se si jan\u00eb keqtrajtuar persona t\u00eb tjer\u00eb q\u00eb kan\u00eb qen\u00eb t\u00eb ndaluar ma t\u00eb\u201d, tha prokurorja Iodice.<\/p>\n<p>Ajo tha se m\u00eb pas d\u00ebshmitari ishte liruar por q\u00eb iu ishte k\u00ebrkuar q\u00eb t\u00eb mos i tregonte askujt.<\/p>\n<p>\u201cRreth mesit t\u00eb qershorit 1999, d\u00ebshmitari 04735 u transferua n\u00eb Prizren ku u mbajt i ndaluar p\u00ebr disa dit\u00eb bashke me disa t\u00eb tjer\u00eb ku p\u00ebrfshiheshin serb edhe rom\u00eb p\u00ebrpara se ta lironin an\u00ebtar\u00ebt e U\u00c7K-s\u00eb t\u00eb cilit i k\u00ebrkuan q\u00eb t\u00eb mos tregonte askujt se e kishin mbajtur t\u00eb ndaluar\u201d, tha prokurorja.<\/p>\n<p>Ndryshe, d\u00ebshmitari tha se q\u00ebndron prapa deklaratave q\u00eb i ka dh\u00ebn\u00eb m\u00eb her\u00ebt p\u00ebrpara autoriteteve t\u00eb drejt\u00ebsis\u00eb dhe se \u00ebsht\u00eb e v\u00ebrtet\u00eb ajo se \u00e7far\u00eb ka th\u00ebn\u00eb.<\/p>\n<p>D\u00ebshmia e k\u00ebtij d\u00ebshmitari pritet t\u00eb zgjas\u00eb dy dit\u00eb e q\u00eb nj\u00eb or\u00eb e gjysm\u00eb jan\u00eb ndar\u00eb p\u00ebr ZPS-s\u00eb, mbrojt\u00ebsi i viktimave rreth 15 minuta dhe ekipet e mbrojtjes rreth shtat\u00eb or\u00eb.<\/p>\n<p>Paraprakisht, kryetari i trupit gjykues tha se do t\u00eb flasin lidhur me dy \u00e7\u00ebshtje q\u00eb sipas tij e para ka t\u00eb b\u00ebj\u00eb me k\u00ebrkes\u00ebn e mbrojt\u00ebsit t\u00eb viktimave p\u00ebr t\u2019i b\u00ebr\u00eb pyetje d\u00ebshmitarit p\u00ebr \u00e7ka mbrojtja e t\u00eb akuzuarve e ka kund\u00ebrshtuar.<\/p>\n<p>Lidhur me k\u00ebt\u00eb, Charles Smith III tha se do t\u00eb marr\u00eb vendim pasi prokuroria t\u2019i p\u00ebrfundoj\u00eb pyetjet e veta.<\/p>\n<p>Sa i takon k\u00ebsaj pjese, mbrojtja e Tha\u00e7it p\u00ebrmes avokatit Luka Mishetiq, tha se ata nuk e kan\u00eb kund\u00ebrshtuar k\u00ebrkes\u00ebn por kan\u00eb th\u00ebn\u00eb q\u00eb mbase do t\u00eb ken\u00eb kund\u00ebrshtime p\u00ebr \u00e7ka do ta japin m\u00eb von\u00eb q\u00ebndrimin e tyre.<\/p>\n<p>Me kaq seanca kaloi n\u00eb sesion privat p\u00ebr mbrojtjen e identitetit t\u00eb d\u00ebshmuarit dhe p\u00ebr t\u2019u diskutuar nj\u00eb \u00e7\u00ebshtje n\u00eb pranin\u00eb e tij<\/p>\n<p>Po ashtu, vlen t\u00eb theksohet se t\u00eb gjith\u00eb t\u00eb akuzuarit jan\u00eb t\u00eb pranish\u00ebm n\u00eb sall\u00ebn e gjyqit. Nd\u00ebrsa, t\u00eb gjitha deklaratat e d\u00ebshmitarit t\u00eb dh\u00ebna m\u00eb her\u00ebt p\u00ebrpara autoriteteve t\u00eb drejt\u00ebsis\u00eb u pranuan n\u00eb prova gjyq\u00ebsore duke p\u00ebrfshir\u00eb edhe ato t\u00eb dh\u00ebna n\u00eb gjykimin ndaj Sabit Gecit n\u00eb 2011-\u00ebn dhe Xhemshit Krasnqiit n\u00eb 2016-\u00ebn.<\/p>\n<p>Ndryshe, Zyra e Prokurorit t\u00eb Specializuar, m\u00eb 30 shtator 2022 ka dor\u00ebzuar aktakuz\u00ebn e konfirmuar t\u00eb ndryshuar ndaj Hashim Tha\u00e7it, Kadri Veselit, Jakup Krasniqit dhe Rexhep Selimit, e cila p\u00ebrb\u00ebhet nga dhjet\u00eb pika me akuza, ku k\u00ebta t\u00eb fundit ngarkohen p\u00ebr krime lufte e krime kund\u00ebr njer\u00ebzimit.<\/p>\n<p>M\u00eb 29 prill 2022, Zyra e Prokurorit t\u00eb Specializuar kishte dor\u00ebzuar nj\u00eb aktakuz\u00eb t\u00eb ndryshuar ndaj Hashim Tha\u00e7it, Kadri Veselit, Rexhep Selimit e Jakup Krasniqit, ku pretendohet se kat\u00ebr t\u00eb akuzuarit kan\u00eb kryer krime lufte edhe n\u00eb Gjilan, Budakov\u00eb e Semetisht\u00eb.<\/p>\n<p>M\u00eb 9 n\u00ebntor t\u00eb vitit 2020, n\u00eb paraqitjet e tyre t\u00eb para, Jakup Krasniqi e Hashim Tha\u00e7i jan\u00eb deklaruar t\u00eb pafajsh\u00ebm p\u00ebr akuzat q\u00eb u vihen n\u00eb barr\u00eb. Nj\u00ebjt\u00eb \u00ebsht\u00eb deklaruar edhe Veseli n\u00eb paraqitjen e tij m\u00eb 10 n\u00ebntor, sikurse edhe Rexhep Selimi m\u00eb 11 n\u00ebntor.<\/p>\n<p>Aktakuza ndaj Hashim Tha\u00e7it, Kadri Veselit, Rexhep Selimit dhe Jakup Krasniqit \u00ebsht\u00eb konfirmuar m\u00eb 26 tetor 2020.<\/p>\n","protected":false},"excerpt":{"rendered":"<p>N\u00eb Dhomat e Specializuara t\u00eb Kosov\u00ebs (DhSK) n\u00eb Hag\u00eb ka filluar d\u00ebshmin\u00eb d\u00ebshmitari i 83-t\u00eb i Zyr\u00ebs s\u00eb Prokuroris\u00eb s\u00eb Specializuar (ZPS), Imer Imeri i cili mban\u00eb kodin 04735 n\u00eb procesin gjyq\u00ebsor ndaj Hashim Tha\u00e7it, Kadri Veselit, Rexhep Selimit dhe Jakup Krasniqit. Pyetjet p\u00ebr k\u00ebt\u00eb d\u00ebshmitar i ka filluar p\u00ebrfaq\u00ebsuesja e ZPS-s\u00eb, prokurorja Vega Iodice &hellip;<\/p>\n","protected":false},"author":3,"featured_media":88009,"comment_status":"closed","ping_status":"closed","sticky":false,"template":"","format":"standard","meta":{"footnotes":""},"categories":[38],"tags":[],"class_list":["post-88008","post","type-post","status-publish","format-standard","has-post-thumbnail","","category-bota"],"_links":{"self":[{"href":"https:\/\/rdnews.al\/index.php\/wp-json\/wp\/v2\/posts\/88008","targetHints":{"allow":["GET"]}}],"collection":[{"href":"https:\/\/rdnews.al\/index.php\/wp-json\/wp\/v2\/posts"}],"about":[{"href":"https:\/\/rdnews.al\/index.php\/wp-json\/wp\/v2\/types\/post"}],"author":[{"embeddable":true,"href":"https:\/\/rdnews.al\/index.php\/wp-json\/wp\/v2\/users\/3"}],"replies":[{"embeddable":true,"href":"https:\/\/rdnews.al\/index.php\/wp-json\/wp\/v2\/comments?post=88008"}],"version-history":[{"count":0,"href":"https:\/\/rdnews.al\/index.php\/wp-json\/wp\/v2\/posts\/88008\/revisions"}],"wp:featuredmedia":[{"embeddable":true,"href":"https:\/\/rdnews.al\/index.php\/wp-json\/wp\/v2\/media\/88009"}],"wp:attachment":[{"href":"https:\/\/rdnews.al\/index.php\/wp-json\/wp\/v2\/media?parent=88008"}],"wp:term":[{"taxonomy":"category","embeddable":true,"href":"https:\/\/rdnews.al\/index.php\/wp-json\/wp\/v2\/categories?post=88008"},{"taxonomy":"post_tag","embeddable":true,"href":"https:\/\/rdnews.al\/index.php\/wp-json\/wp\/v2\/tags?post=88008"}],"curies":[{"name":"wp","href":"https:\/\/api.w.org\/{rel}","templated":true}]}}