{"id":88253,"date":"2024-09-04T20:24:34","date_gmt":"2024-09-04T20:24:34","guid":{"rendered":"https:\/\/rdnews.al\/?p=88253"},"modified":"2024-09-04T20:36:59","modified_gmt":"2024-09-04T20:36:59","slug":"fushata-e-kamala-harris-merr-nje-goditje-te-forte-e-gjithe-familja-e-zevendesit-te-saj-mbeshtet-trump","status":"publish","type":"post","link":"https:\/\/rdnews.al\/index.php\/2024\/09\/04\/fushata-e-kamala-harris-merr-nje-goditje-te-forte-e-gjithe-familja-e-zevendesit-te-saj-mbeshtet-trump\/","title":{"rendered":"Fushata e Kamala Harris merr nj\u00eb goditje t\u00eb fort\u00eb, e gjith\u00eb familja e z\u00ebvend\u00ebsit t\u00eb saj mb\u00ebshtet Trump"},"content":{"rendered":"<p>Fotoq\u00eb ka qarkulluar n\u00eb rrjetet sociale me shpejt\u00ebsi tregon an\u00ebtar\u00ebt e familjes\u00a0 t\u00eb kandidatit p\u00ebr z\u00ebvend\u00ebspresident, Tim Walz, t\u00eb cil\u00ebt mb\u00ebshtesin rivalin e tij republikan Donald Trump.<\/p>\n<p>Fotoja e shp\u00ebrndar\u00eb nga ish- kandidati p\u00ebr guvernatori republikan i Nebrask\u00ebs , Charles W. Herbster, tregon tet\u00eb persona t\u00eb veshur me bluza \u201d Nebraska Walz\u2019s for Trump\u201d (Walz-\u00ebt e Nebraks\u00ebs p\u00ebr Trump).<\/p>\n<p>Trump iu p\u00ebrgjigj imazhit t\u00eb m\u00ebrkur\u00ebn duke shfaqur paraprakisht se ai planifikon t\u00eb takohet me nj\u00eb an\u00ebtar tjet\u00ebr t\u00eb familjes s\u00eb Walz q\u00eb nuk \u00ebsht\u00eb n\u00eb imazh \u2013 v\u00ebllai i madh i guvernatorit Jeff, i cili ish-presidenti thot\u00eb se mb\u00ebshtet ofert\u00ebn e tij n\u00eb Sht\u00ebpin\u00eb e Bardh\u00eb.<\/p>\n<p>Fotoja u b\u00eb shpejt virale n\u00eb mesin e p\u00ebrdoruesve t\u00eb MAGA-s, t\u00eb cil\u00ebt thon\u00eb se kund\u00ebrshtimi i familjes s\u00eb tij ndaj kandidatur\u00ebs s\u00eb tij \u00ebsht\u00eb prov\u00eb se njer\u00ebzit duhet t\u00eb jen\u00eb t\u00eb kujdessh\u00ebm p\u00ebr t\u00eb votuar p\u00ebr nj\u00eb ofert\u00eb Harris-Walz.<\/p>\n<p>Fushata Kamala Harris-Tim Walz nuk iu p\u00ebrgjigj k\u00ebrkes\u00ebs s\u00eb DailyMail p\u00ebr koment mbi imazhin dhe numrin n\u00eb rritje t\u00eb an\u00ebtar\u00ebve t\u00eb familjes q\u00eb dol\u00ebn n\u00eb mb\u00ebshtetje t\u00eb ofert\u00ebs republikane Donald Trump-JD Vance.<\/p>\n<p>Imazhi i bluzave t\u00eb veshura nga nj\u00eb fraksion i an\u00ebtar\u00ebve t\u00eb familjes pro-Trump Walz vjen pasi u zbulua se v\u00ebllai i kandidatit demokrat p\u00ebr z\u00ebvend\u00ebspresident ka paralajm\u00ebruar kund\u00ebr njer\u00ebzve q\u00eb ta lejojn\u00eb at\u00eb t\u00eb hyj\u00eb n\u00eb Sht\u00ebpin\u00eb e Bardh\u00eb.<\/p>\n<p>Jeff Walz, 67 vje\u00e7, jeton n\u00eb Florida dhe \u00ebsht\u00eb v\u00ebllai m\u00eb i madh i Tim Walz. Ai postoi p\u00ebr karakterin e v\u00ebllait t\u00eb tij n\u00eb nj\u00eb postim n\u00eb Facebook jav\u00ebn e kaluar.<\/p>\n<p>\u201cJam 100% kund\u00ebr gjith\u00eb ideologjis\u00eb s\u00eb tij\u201d, ka th\u00ebn\u00eb ai n\u00eb nj\u00eb nga postimet.<\/p>\n<p>Por Jeff tani pranon se nuk donte t\u00eb ndikonte tek votuesit me aktivitetin e tij n\u00eb mediat sociale.<\/p>\n<p>\u201cNuk ishte q\u00ebllimi im, nuk ishte q\u00ebllimi yn\u00eb si familje, t\u00eb nxirrnim di\u00e7ka p\u00ebr t\u00eb ndikuar n\u00eb publikun e gjer\u00eb\u201d, tha Jeff Walz p\u00ebr NewsNation.<\/p>\n<p>\u201cPo merrja shum\u00eb reagime nga miqt\u00eb e mi, t\u00eb njohurit e vjet\u00ebr, duke menduar se po ndihesha n\u00eb t\u00eb nj\u00ebjt\u00ebn m\u00ebnyr\u00eb si v\u00ebllai im p\u00ebr k\u00ebto \u00e7\u00ebshtje dhe po p\u00ebrpiqesha t\u2019ua sqaroja k\u00ebt\u00eb vet\u00ebm miqve,\u201d vazhdoi ai.<\/p>\n<p>\u201cUn\u00eb p\u00ebrdora Facebook-un, i cili nuk ishte platforma e duhur p\u00ebr ta b\u00ebr\u00eb k\u00ebt\u00eb. Por un\u00eb do t\u00eb them, nuk jam dakord me politikat e tij.\u201d, tha ai.<\/p>\n<p>Trump postoi n\u00eb Truth Social t\u00eb m\u00ebrkur\u00ebn imazhin e familjes Walz dhe tha se ka n\u00eb plan t\u00eb takoj\u00eb v\u00ebllain e Walz.<\/p>\n<p>\u201cFaleminderit shum\u00eb, Jeff\u201d, ka shkruar ish-presidenti. \u201c\u00cbsht\u00eb nj\u00eb nder i madh t\u00eb kesh miratimin t\u00ebnd.\u201d<\/p>\n<p>\u201cMezi pres t\u00eb takohem s\u00eb shpejti\u201d, u shpreh Trump.<\/p>\n","protected":false},"excerpt":{"rendered":"<p>Fotoq\u00eb ka qarkulluar n\u00eb rrjetet sociale me shpejt\u00ebsi tregon an\u00ebtar\u00ebt e familjes\u00a0 t\u00eb kandidatit p\u00ebr z\u00ebvend\u00ebspresident, Tim Walz, t\u00eb cil\u00ebt mb\u00ebshtesin rivalin e tij republikan Donald Trump. Fotoja e shp\u00ebrndar\u00eb nga ish- kandidati p\u00ebr guvernatori republikan i Nebrask\u00ebs , Charles W. Herbster, tregon tet\u00eb persona t\u00eb veshur me bluza \u201d Nebraska Walz\u2019s for Trump\u201d (Walz-\u00ebt &hellip;<\/p>\n","protected":false},"author":3,"featured_media":88254,"comment_status":"closed","ping_status":"closed","sticky":false,"template":"","format":"standard","meta":{"footnotes":""},"categories":[38],"tags":[],"class_list":["post-88253","post","type-post","status-publish","format-standard","has-post-thumbnail","","category-bota"],"_links":{"self":[{"href":"https:\/\/rdnews.al\/index.php\/wp-json\/wp\/v2\/posts\/88253","targetHints":{"allow":["GET"]}}],"collection":[{"href":"https:\/\/rdnews.al\/index.php\/wp-json\/wp\/v2\/posts"}],"about":[{"href":"https:\/\/rdnews.al\/index.php\/wp-json\/wp\/v2\/types\/post"}],"author":[{"embeddable":true,"href":"https:\/\/rdnews.al\/index.php\/wp-json\/wp\/v2\/users\/3"}],"replies":[{"embeddable":true,"href":"https:\/\/rdnews.al\/index.php\/wp-json\/wp\/v2\/comments?post=88253"}],"version-history":[{"count":0,"href":"https:\/\/rdnews.al\/index.php\/wp-json\/wp\/v2\/posts\/88253\/revisions"}],"wp:featuredmedia":[{"embeddable":true,"href":"https:\/\/rdnews.al\/index.php\/wp-json\/wp\/v2\/media\/88254"}],"wp:attachment":[{"href":"https:\/\/rdnews.al\/index.php\/wp-json\/wp\/v2\/media?parent=88253"}],"wp:term":[{"taxonomy":"category","embeddable":true,"href":"https:\/\/rdnews.al\/index.php\/wp-json\/wp\/v2\/categories?post=88253"},{"taxonomy":"post_tag","embeddable":true,"href":"https:\/\/rdnews.al\/index.php\/wp-json\/wp\/v2\/tags?post=88253"}],"curies":[{"name":"wp","href":"https:\/\/api.w.org\/{rel}","templated":true}]}}