{"id":8837,"date":"2022-04-07T16:53:44","date_gmt":"2022-04-07T16:53:44","guid":{"rendered":"https:\/\/rdnews.al\/?p=8837"},"modified":"2022-04-07T16:53:44","modified_gmt":"2022-04-07T16:53:44","slug":"ministrja-e-kercenoi-me-padi-reagon-vokshi-shihemi-ne-gjykate-evis-kushi","status":"publish","type":"post","link":"https:\/\/rdnews.al\/index.php\/2022\/04\/07\/ministrja-e-kercenoi-me-padi-reagon-vokshi-shihemi-ne-gjykate-evis-kushi\/","title":{"rendered":"Ministrja e k\u00ebrc\u00ebnoi me padi, reagon Vokshi: Shihemi n\u00eb gjykat\u00eb, Evis Kushi!"},"content":{"rendered":"<p>Deputetja demokrate e Komisionit t\u00eb Rithemelimit, Albana Vokshi, i \u00ebsht\u00eb p\u00ebrgjigjur ministres s\u00eb Arsimit, Evis Kushi pasi kjo e fundit e\u00a0k\u00ebrc\u00ebnoi me nj\u00eb padi\u00a0lidhur me shpifjen si\u00e7 e cil\u00ebsoi ajo t\u00eb qarkullimit t\u00eb tez\u00ebs s\u00eb vler\u00ebsimit t\u00eb m\u00ebsuesve n\u00eb arsimin parauniversitar.<\/p>\n<p>Vokshi thot\u00eb se, n\u00eb vend q\u00eb ministrja t\u00eb k\u00ebrkoj\u00eb ndjes\u00eb ndaj m\u00ebsuesve e t\u00eb marr\u00eb masat p\u00ebr k\u00ebdo q\u00eb ka nxjerr\u00eb tezat e provimit n\u00eb em\u00ebr t\u00eb saj, Evis Kushi merr n\u00eb mbrojtje shkel\u00ebsit e ligjit.<\/p>\n<p><strong>Statusi i plot\u00eb i Albana Vokshit\u00a0<\/strong><\/p>\n<p>N\u00eb vend q\u00eb t\u00eb k\u00ebrkoj\u00eb ndjes\u00eb m\u00ebsuesve e t\u00eb marr\u00eb masat p\u00ebr k\u00ebdo q\u00eb ka nxjerr\u00eb tezat e provimit n\u00eb em\u00ebr t\u00eb saj, Ministrja e Arsimit, Evis Kushi, merr n\u00eb mbrojtje shkel\u00ebsit e ligjit e m\u00eb k\u00ebrc\u00ebnon me padi n\u00eb gjykat\u00eb.<\/p>\n<p>E mir\u00ebpres padin\u00eb e Ministres Kushi, do ishte e pesta n\u00eb rradh\u00eb\u00a0 pas padive t\u00eb Edi Ram\u00ebs, Erjon Veliajt, Taulant Ball\u00ebs\u2026<\/p>\n<p>Znj. Ministre, m\u00ebsues t\u00eb ndersh\u00ebm, t\u00eb cil\u00ebve ju dhimbset arsimi denoncuan nj\u00eb veprim skandaloz q\u00eb duhej ndalur. Kishit rastin t\u00eb distancoheshit nga ai, duke i k\u00ebrkuar ndjes\u00eb cdo m\u00ebsuesi q\u00eb hyn n\u00eb k\u00ebt\u00eb provim e duke v\u00ebn\u00eb para p\u00ebrgjegj\u00ebsis\u00eb cdok\u00ebnd q\u00eb shkel ligjet, procedurat e rrjedhimisht edhe barazin\u00eb n\u00eb nj\u00eb test t\u00eb till\u00eb t\u00eb r\u00ebnd\u00ebsish\u00ebm duke favorizuar militant\u00eb partie, miq, patronazhist\u00eb etj etj.<\/p>\n<p>Ju zgjodh\u00ebt t\u00eb mbronit shkel\u00ebsit e abuzuesit e jo m\u00ebsuesit.<\/p>\n<p>Zgjodha t\u00eb mos i publikoj tezat me shpres\u00ebn e nj\u00eb reagimi ndryshe nga ana juaj.<\/p>\n<p>Por tani jam e gatshme t\u2019i dor\u00ebzoj ato n\u00eb gjykat\u00eb.<\/p>\n<p>Shihemi n\u00eb gjykat\u00eb Evis Kushi.<\/p>\n","protected":false},"excerpt":{"rendered":"<p>Deputetja demokrate e Komisionit t\u00eb Rithemelimit, Albana Vokshi, i \u00ebsht\u00eb p\u00ebrgjigjur ministres s\u00eb Arsimit, Evis Kushi pasi kjo e fundit e\u00a0k\u00ebrc\u00ebnoi me nj\u00eb padi\u00a0lidhur me shpifjen si\u00e7 e cil\u00ebsoi ajo t\u00eb qarkullimit t\u00eb tez\u00ebs s\u00eb vler\u00ebsimit t\u00eb m\u00ebsuesve n\u00eb arsimin parauniversitar. Vokshi thot\u00eb se, n\u00eb vend q\u00eb ministrja t\u00eb k\u00ebrkoj\u00eb ndjes\u00eb ndaj m\u00ebsuesve e t\u00eb &hellip;<\/p>\n","protected":false},"author":4,"featured_media":0,"comment_status":"open","ping_status":"open","sticky":false,"template":"","format":"standard","meta":{"footnotes":""},"categories":[40],"tags":[],"class_list":["post-8837","post","type-post","status-publish","format-standard","","category-aktualitet"],"_links":{"self":[{"href":"https:\/\/rdnews.al\/index.php\/wp-json\/wp\/v2\/posts\/8837","targetHints":{"allow":["GET"]}}],"collection":[{"href":"https:\/\/rdnews.al\/index.php\/wp-json\/wp\/v2\/posts"}],"about":[{"href":"https:\/\/rdnews.al\/index.php\/wp-json\/wp\/v2\/types\/post"}],"author":[{"embeddable":true,"href":"https:\/\/rdnews.al\/index.php\/wp-json\/wp\/v2\/users\/4"}],"replies":[{"embeddable":true,"href":"https:\/\/rdnews.al\/index.php\/wp-json\/wp\/v2\/comments?post=8837"}],"version-history":[{"count":0,"href":"https:\/\/rdnews.al\/index.php\/wp-json\/wp\/v2\/posts\/8837\/revisions"}],"wp:attachment":[{"href":"https:\/\/rdnews.al\/index.php\/wp-json\/wp\/v2\/media?parent=8837"}],"wp:term":[{"taxonomy":"category","embeddable":true,"href":"https:\/\/rdnews.al\/index.php\/wp-json\/wp\/v2\/categories?post=8837"},{"taxonomy":"post_tag","embeddable":true,"href":"https:\/\/rdnews.al\/index.php\/wp-json\/wp\/v2\/tags?post=8837"}],"curies":[{"name":"wp","href":"https:\/\/api.w.org\/{rel}","templated":true}]}}