{"id":88424,"date":"2024-09-07T17:40:10","date_gmt":"2024-09-07T17:40:10","guid":{"rendered":"https:\/\/rdnews.al\/?p=88424"},"modified":"2024-09-07T17:40:10","modified_gmt":"2024-09-07T17:40:10","slug":"tirana-po-vdes-perdite-sepse-mafia-veliaj-ja-ka-mberthyer-thonjte-ne-fyt","status":"publish","type":"post","link":"https:\/\/rdnews.al\/index.php\/2024\/09\/07\/tirana-po-vdes-perdite-sepse-mafia-veliaj-ja-ka-mberthyer-thonjte-ne-fyt\/","title":{"rendered":"Tirana po vdes p\u00ebrdit\u00eb sepse mafia Veliaj ja ka mb\u00ebrthyer thonjt\u00eb n\u00eb fyt"},"content":{"rendered":"<p><strong>Nga Petrit VASILI<\/strong><\/p>\n<p>Tirana qytet q\u00eb po vdes, pa uj\u00eb, me plehra dhe i helmuar me beton, pasoj\u00eb e mafiozit Veliaj!<\/p>\n<p>Kryeqytet ne agoni, vuajtje dhe asfiksim t\u00eb plot\u00eb kjo \u00ebsht\u00eb Tirana sot!<\/p>\n<p>Kriza e munges\u00ebs s\u00eb ujit ka pushtuar lagje t\u00eb t\u00ebra super te populluara megjithse \u00e7mimi i ujit u rrit 45% dhe Veliaj premtoi uj\u00eb 24 or\u00eb dhe me \u00e7mim Bathoreje.<\/p>\n<p>Kryeqytet primitiv ku qarkullojn\u00eb autbote uji p\u00ebr t\u00eb furnizuar banor\u00ebt pa uj\u00eb n\u00eb nj\u00eb mot me 40 grade celsius.<\/p>\n<p>Plehrat kan\u00eb mbytur k\u00ebt\u00eb kryeqytet t\u00eb pla\u00e7kitur e primitiv sepse lek\u00ebt vidhen nga Veliaj me incenerator\u00eb, q\u00eb nuk ekzistojn\u00eb.<\/p>\n<p>Kullat nuk ndalen megjithse dhjetra mijra apartamente jan\u00eb bosh, t\u00eb tjera kulla do t\u00eb vzhdojne t\u00eb ngrihen edhe n\u00eb zem\u00ebr t\u00eb Tiran\u00ebs p\u00ebrqark ish Teatrit Komb\u00ebtar.<\/p>\n<p>Nje trafik asfiksues shkat\u00ebrrimtar ku lumi i makinave hyn n\u0113 hinkat e krijuara nga Veliaj duke bllokuar qytetar\u00ebt ne trafik dhe duke shkat\u00ebrruar mjedisin.<\/p>\n<p>Tirana po vdes p\u00ebrdit\u00eb sepse mafia Veliaj i ka mb\u00ebrthyer thonjt\u00eb n\u00eb fyt asaj.<\/p>\n<p>Tirana eshte qytet, q\u00eb vret sh\u00ebndetin me ajrin shum\u00eb t\u00eb ndotur, me qytetin ku nuk leviz ajri sepse \u00e7do koridor ajror \u00ebsht\u00eb bllokuar me kulla.<\/p>\n<p>Rritja e numrit t\u00eb pacient\u00ebve me s\u00ebmundjet kardiovaskulare, tumorale apo atyre respiratore, shum\u00eb her\u00eb vjen si pasoj\u00eb direkte e ndotjes s\u00eb mjedisit.<\/p>\n<p>Shkaktari kryesor p\u00ebr ndotjen e ajrit n\u00eb Tiran\u00eb \u00ebsht\u00eb trafiku. T\u00eb gjitha llojet e gazrave q\u00eb emetohen jan\u00eb jan\u00eb gazra t\u00eb helm\u00ebta.<\/p>\n<p>T\u00eb gjith\u00eb k\u00ebto faktor\u00eb ndikojn\u00eb pastaj n\u00eb zinxhirin ushqimor, pra nuk mund t\u00eb shmanget kontaminimi i ushqimit n\u00ebp\u00ebrmjet uj\u00ebrave t\u00eb ndotur, n\u00ebp\u00ebrmjet sendimenteve q\u00eb vijn\u00eb nga ajri i ndotur n\u00eb tokat bujq\u00ebsore pra nhe hemim t\u00ebr\u00ebsor shum\u00eb agresiv ndaj sh\u00ebndetit<\/p>\n<p>\u00c7do qytetar i Tiran\u00ebs sot ka te drejt\u00eb t\u00eb plot\u00eb t\u00eb reagoj\u00eb e t\u00eb revoltohet me \u00e7do mjet e form\u0113 p\u00ebr t\u00eb vetmbrojtur sh\u00ebndetin dhe jet\u00ebn, qe po ja vrasin p\u00ebrdit\u00eb Veliaj me band\u00ebn e tij.<\/p>\n<p>Drejt\u00ebsia e kapur dhe bler\u00eb me eurot e incenerator\u00ebve nuk do ta shp\u00ebtoj\u00eb dot Veliaj ora e gjykimit ka ardhur.<\/p>\n","protected":false},"excerpt":{"rendered":"<p>Nga Petrit VASILI Tirana qytet q\u00eb po vdes, pa uj\u00eb, me plehra dhe i helmuar me beton, pasoj\u00eb e mafiozit Veliaj! Kryeqytet ne agoni, vuajtje dhe asfiksim t\u00eb plot\u00eb kjo \u00ebsht\u00eb Tirana sot! Kriza e munges\u00ebs s\u00eb ujit ka pushtuar lagje t\u00eb t\u00ebra super te populluara megjithse \u00e7mimi i ujit u rrit 45% dhe Veliaj &hellip;<\/p>\n","protected":false},"author":4,"featured_media":78110,"comment_status":"closed","ping_status":"closed","sticky":false,"template":"","format":"standard","meta":{"footnotes":""},"categories":[44],"tags":[],"class_list":["post-88424","post","type-post","status-publish","format-standard","has-post-thumbnail","","category-editorial"],"_links":{"self":[{"href":"https:\/\/rdnews.al\/index.php\/wp-json\/wp\/v2\/posts\/88424","targetHints":{"allow":["GET"]}}],"collection":[{"href":"https:\/\/rdnews.al\/index.php\/wp-json\/wp\/v2\/posts"}],"about":[{"href":"https:\/\/rdnews.al\/index.php\/wp-json\/wp\/v2\/types\/post"}],"author":[{"embeddable":true,"href":"https:\/\/rdnews.al\/index.php\/wp-json\/wp\/v2\/users\/4"}],"replies":[{"embeddable":true,"href":"https:\/\/rdnews.al\/index.php\/wp-json\/wp\/v2\/comments?post=88424"}],"version-history":[{"count":0,"href":"https:\/\/rdnews.al\/index.php\/wp-json\/wp\/v2\/posts\/88424\/revisions"}],"wp:featuredmedia":[{"embeddable":true,"href":"https:\/\/rdnews.al\/index.php\/wp-json\/wp\/v2\/media\/78110"}],"wp:attachment":[{"href":"https:\/\/rdnews.al\/index.php\/wp-json\/wp\/v2\/media?parent=88424"}],"wp:term":[{"taxonomy":"category","embeddable":true,"href":"https:\/\/rdnews.al\/index.php\/wp-json\/wp\/v2\/categories?post=88424"},{"taxonomy":"post_tag","embeddable":true,"href":"https:\/\/rdnews.al\/index.php\/wp-json\/wp\/v2\/tags?post=88424"}],"curies":[{"name":"wp","href":"https:\/\/api.w.org\/{rel}","templated":true}]}}