{"id":88429,"date":"2024-09-07T18:31:29","date_gmt":"2024-09-07T18:31:29","guid":{"rendered":"https:\/\/rdnews.al\/?p=88429"},"modified":"2024-09-07T18:31:29","modified_gmt":"2024-09-07T18:31:29","slug":"berisha-krimi-ka-futur-ne-doren-e-tij-te-pameshire-shkodren-kalohet-nga-nje-atentat-ne-nje-atentat","status":"publish","type":"post","link":"https:\/\/rdnews.al\/index.php\/2024\/09\/07\/berisha-krimi-ka-futur-ne-doren-e-tij-te-pameshire-shkodren-kalohet-nga-nje-atentat-ne-nje-atentat\/","title":{"rendered":"Berisha: Krimi ka futur n\u00eb dor\u00ebn e tij t\u00eb pam\u00ebshir\u00eb Shkodr\u00ebn, kalohet nga nj\u00eb atentat n\u00eb nj\u00eb atentat"},"content":{"rendered":"<p>Lideri i opozit\u00ebs, Sali Berisha, gjat\u00eb tubimit t\u00eb sot\u00ebm u ndal\u00a0dhe tek ngjarjet kriminale t\u00eb ndodhura nj\u00eb pas nj\u00eb n\u00eb qytetin e Shkodr\u00ebs, teksa p\u00ebr k\u00ebt\u00eb faj\u00ebsoi drejtp\u00ebrdret qeverin\u00eb.<\/p>\n<p>Berisha tha se, krimi \u00ebsht\u00eb vendimmarr\u00ebsi m\u00eb kryesor p\u00ebr arsye se ligji nuk ekziston p\u00ebr krimin.<\/p>\n<p>\u201cMir\u00ebmbr\u00ebma dhe p\u00ebrsh\u00ebndetjet m\u00eb t\u00eb p\u00ebrzem\u00ebrta.<\/p>\n<p>Mir\u00ebnjohjen m\u00eb t\u00eb pakufishme ju q\u00ebndrestar\u00ebve t\u00eb pamposhtur t\u00eb kauz\u00ebs s\u00eb drejt\u00eb.<\/p>\n<p>Mir\u00ebnjohje orator\u00ebve t\u00eb platform\u00ebs s\u00eb fjal\u00ebs s\u00eb lir\u00eb.<\/p>\n<p>Nj\u00eb urim t\u00eb p\u00ebrzem\u00ebrt Deas p\u00ebr dit\u00eblindjen e saj.<\/p>\n<p>Nj\u00eb p\u00ebrqafim t\u00eb fort\u00eb Dionisit p\u00ebr fjal\u00ebn e tij.<\/p>\n<p>T\u00eb dashur miq, sot Shqip\u00ebria ka nevoj\u00eb p\u00ebr z\u00ebrin e \u00e7do shqiptari. E \u00e7do t\u00eb riu, \u00e7do adoleshenti, \u00e7do t\u00eb mituri, \u00e7do burri, \u00e7do gruaje, \u00e7do t\u00eb moshuari sepse \u00e7do dit\u00eb q\u00eb vendi p\u00ebrjeton, ai b\u00ebhet m\u00eb i pasigurt.<\/p>\n<p>B\u00ebhet m\u00eb i varf\u00ebr.<\/p>\n<p>B\u00ebhet m\u00eb i vjedhur.<\/p>\n<p>M\u00eb i shtypur.<\/p>\n<p>Ju jeni d\u00ebshmitar\u00eb se si krimi ka futur n\u00eb dar\u00ebn e tij t\u00eb pam\u00ebshir\u00eb Shkodr\u00ebn.<\/p>\n<p>Kalohet nga nj\u00eb atentat n\u00eb nj\u00eb atentat.<\/p>\n<p>Nga nj\u00eb ekzekutim n\u00eb nj\u00eb ekzekutim tjet\u00ebr.<\/p>\n<p>Ju jeni d\u00ebshmitar\u00eb se krimi godet pa m\u00ebshir\u00eb n\u00eb Tiran\u00eb.<\/p>\n<p>Godet n\u00eb mbar\u00eb vendin.<\/p>\n<p>Dhe se ai \u00ebsht\u00eb vendimmarr\u00ebsi m\u00eb kryesor.<\/p>\n<p>Ai \u00ebsht\u00eb vendimmarr\u00ebsi m\u00eb kryesor p\u00ebr arsye se ligji nuk ekziston p\u00ebr krimin.<\/p>\n<p>Ai ka ushtar\u00ebt e tij ministrat, qeveritar\u00ebt, zyrtar\u00ebt, drejtor\u00ebt e policis\u00eb q\u00eb i blen me lecka, q\u00eb i urdh\u00ebron si ushtar\u00eb t\u00eb bindur\u201d, tha Berisha.<\/p>\n","protected":false},"excerpt":{"rendered":"<p>Lideri i opozit\u00ebs, Sali Berisha, gjat\u00eb tubimit t\u00eb sot\u00ebm u ndal\u00a0dhe tek ngjarjet kriminale t\u00eb ndodhura nj\u00eb pas nj\u00eb n\u00eb qytetin e Shkodr\u00ebs, teksa p\u00ebr k\u00ebt\u00eb faj\u00ebsoi drejtp\u00ebrdret qeverin\u00eb. Berisha tha se, krimi \u00ebsht\u00eb vendimmarr\u00ebsi m\u00eb kryesor p\u00ebr arsye se ligji nuk ekziston p\u00ebr krimin. \u201cMir\u00ebmbr\u00ebma dhe p\u00ebrsh\u00ebndetjet m\u00eb t\u00eb p\u00ebrzem\u00ebrta. Mir\u00ebnjohjen m\u00eb t\u00eb pakufishme &hellip;<\/p>\n","protected":false},"author":4,"featured_media":82601,"comment_status":"closed","ping_status":"closed","sticky":false,"template":"","format":"standard","meta":{"footnotes":""},"categories":[37],"tags":[],"class_list":["post-88429","post","type-post","status-publish","format-standard","has-post-thumbnail","","category-politike"],"_links":{"self":[{"href":"https:\/\/rdnews.al\/index.php\/wp-json\/wp\/v2\/posts\/88429","targetHints":{"allow":["GET"]}}],"collection":[{"href":"https:\/\/rdnews.al\/index.php\/wp-json\/wp\/v2\/posts"}],"about":[{"href":"https:\/\/rdnews.al\/index.php\/wp-json\/wp\/v2\/types\/post"}],"author":[{"embeddable":true,"href":"https:\/\/rdnews.al\/index.php\/wp-json\/wp\/v2\/users\/4"}],"replies":[{"embeddable":true,"href":"https:\/\/rdnews.al\/index.php\/wp-json\/wp\/v2\/comments?post=88429"}],"version-history":[{"count":0,"href":"https:\/\/rdnews.al\/index.php\/wp-json\/wp\/v2\/posts\/88429\/revisions"}],"wp:featuredmedia":[{"embeddable":true,"href":"https:\/\/rdnews.al\/index.php\/wp-json\/wp\/v2\/media\/82601"}],"wp:attachment":[{"href":"https:\/\/rdnews.al\/index.php\/wp-json\/wp\/v2\/media?parent=88429"}],"wp:term":[{"taxonomy":"category","embeddable":true,"href":"https:\/\/rdnews.al\/index.php\/wp-json\/wp\/v2\/categories?post=88429"},{"taxonomy":"post_tag","embeddable":true,"href":"https:\/\/rdnews.al\/index.php\/wp-json\/wp\/v2\/tags?post=88429"}],"curies":[{"name":"wp","href":"https:\/\/api.w.org\/{rel}","templated":true}]}}