{"id":88431,"date":"2024-09-07T18:40:11","date_gmt":"2024-09-07T18:40:11","guid":{"rendered":"https:\/\/rdnews.al\/?p=88431"},"modified":"2024-09-07T18:40:11","modified_gmt":"2024-09-07T18:40:11","slug":"berisha-taulant-balla-me-vath-staken-liruan-terroristet-qe-i-vendosen-tritol-qytetarit","status":"publish","type":"post","link":"https:\/\/rdnews.al\/index.php\/2024\/09\/07\/berisha-taulant-balla-me-vath-staken-liruan-terroristet-qe-i-vendosen-tritol-qytetarit\/","title":{"rendered":"Berisha: Taulant Balla me Vath Stak\u00ebn liruan terrorist\u00ebt q\u00eb i vendos\u00ebn tritol qytetarit"},"content":{"rendered":"<p>Kryetari i Partis\u00eb Demokratike, Sali Berisha gjat\u00eb fjal\u00ebs s\u00eb tij t\u00eb mbajtur n\u00eb protest\u00ebn maraton\u00eb te \u2018Rruga e Shpres\u00ebs\u2019 u ndal dhe tek ngjarja q\u00eb tronditi opionionin publik, ku dit\u00ebn e sotme n\u00eb maternitetin e Kor\u00e7\u00ebs lindi f\u00ebmij\u00ebn e saj nj\u00eb 14-vje\u00e7are, por p\u00ebr k\u00ebt\u00eb rast u arrestua i fejuari i saj 21-vje\u00e7ar.<\/p>\n<p>Ndaj t\u00eb riut r\u00ebndon akuza p\u00ebr vepr\u00ebn penale &#8220;Marr\u00ebdh\u00ebnie seksuale ose homoseksuale me t\u00eb mitur&#8221;.<\/p>\n<p>Akuz\u00eb t\u00eb cil\u00ebn Berisha e quajti t\u00eb padrejt\u00eb, ashtu si dhe &#8216;mbajtjen e babait pas hekurave&#8217;, teksa krahasoi k\u00ebt\u00eb me lirimin e terrorist\u00ebve q\u00eb i\u00a0vendos\u00ebn tritol qytetarit, nga Taulant Balla me Vath Stak\u00ebn.<\/p>\n<p>\u201cSot po lexoja se kan\u00eb arrestuar p\u00ebr shkelje t\u00eb ligjit t\u00eb mosh\u00ebs s\u00eb martes\u00ebs baban\u00eb e nj\u00eb djali t\u00eb sapolindur, i martuar natyrisht para kohe me dashuri me bashk\u00ebshorten e tij.<\/p>\n<p>Mendojeni miq, ai ka foshnjen n\u00eb sht\u00ebpi dhe vet\u00eb n\u00eb qeli.<\/p>\n<p>Taulant Balla, i cili me Vath Stak\u00ebn, t\u00eb urdh\u00ebruar nga banda, liroi terrorist\u00ebt q\u00eb i vendos\u00ebn tritol qytetarit p\u00ebr ta hedhur n\u00eb er\u00eb, kalon nga nj\u00eb minist\u00ebr n\u00eb nj\u00eb minist\u00ebr tjet\u00ebr.<\/p>\n<p>Altin Dumani, i cili merr n\u00eb pyetje Ymer Lal\u00ebn p\u00ebr vrasje, i denoncuar p\u00ebr vrasje nga d\u00ebshmitari i drejt\u00ebsis\u00eb, n\u00eb 90 pyetje q\u00eb i drejton, asnj\u00eb pyetje p\u00ebr vrasjen dhe ekzoneron, e amniston nga vrasja.<\/p>\n<p>Miq, a mund t\u00eb pyesim Taulant Ball\u00ebn: sa para t\u00eb pagoi Suel \u00c7ela q\u00eb t\u00eb urdh\u00ebroi p\u00ebr t\u00eb liruar vras\u00ebsit e tij n\u00eb Shkod\u00ebr?<\/p>\n<p>Sa para t\u00eb paguan Bajr\u00ebt p\u00ebr t\u00eb liruar autor\u00ebt e vrasjes s\u00eb porositur?<\/p>\n<p>A mund t\u00eb pyesim Dumanin, sa para o mercenar, t\u00eb pagoi Ymer Lala p\u00ebr t\u00eb mos e pyetur p\u00ebr vrasjen dhe p\u00ebr t\u00eb mbyllur \u00e7\u00ebshtjen e vrasjes?<\/p>\n<p>Miq, k\u00ebto jan\u00eb vet\u00ebm dy pyetje, por si k\u00ebta jan\u00eb me dhjet\u00ebra, jan\u00eb me qindra.<\/p>\n<p>Jan\u00eb n\u00eb prokurori, jan\u00eb n\u00eb gjykata.<\/p>\n<p>Jan\u00eb n\u00eb kryeministri.<\/p>\n<p>Jan\u00eb bashk\u00ebpun\u00ebtor\u00ebt m\u00eb t\u00eb ngusht\u00eb t\u00eb Edi Ram\u00ebs\u201d, tha Berisha.<\/p>\n","protected":false},"excerpt":{"rendered":"<p>Kryetari i Partis\u00eb Demokratike, Sali Berisha gjat\u00eb fjal\u00ebs s\u00eb tij t\u00eb mbajtur n\u00eb protest\u00ebn maraton\u00eb te \u2018Rruga e Shpres\u00ebs\u2019 u ndal dhe tek ngjarja q\u00eb tronditi opionionin publik, ku dit\u00ebn e sotme n\u00eb maternitetin e Kor\u00e7\u00ebs lindi f\u00ebmij\u00ebn e saj nj\u00eb 14-vje\u00e7are, por p\u00ebr k\u00ebt\u00eb rast u arrestua i fejuari i saj 21-vje\u00e7ar. Ndaj t\u00eb &hellip;<\/p>\n","protected":false},"author":4,"featured_media":56586,"comment_status":"closed","ping_status":"closed","sticky":false,"template":"","format":"standard","meta":{"footnotes":""},"categories":[37],"tags":[],"class_list":["post-88431","post","type-post","status-publish","format-standard","has-post-thumbnail","","category-politike"],"_links":{"self":[{"href":"https:\/\/rdnews.al\/index.php\/wp-json\/wp\/v2\/posts\/88431","targetHints":{"allow":["GET"]}}],"collection":[{"href":"https:\/\/rdnews.al\/index.php\/wp-json\/wp\/v2\/posts"}],"about":[{"href":"https:\/\/rdnews.al\/index.php\/wp-json\/wp\/v2\/types\/post"}],"author":[{"embeddable":true,"href":"https:\/\/rdnews.al\/index.php\/wp-json\/wp\/v2\/users\/4"}],"replies":[{"embeddable":true,"href":"https:\/\/rdnews.al\/index.php\/wp-json\/wp\/v2\/comments?post=88431"}],"version-history":[{"count":0,"href":"https:\/\/rdnews.al\/index.php\/wp-json\/wp\/v2\/posts\/88431\/revisions"}],"wp:featuredmedia":[{"embeddable":true,"href":"https:\/\/rdnews.al\/index.php\/wp-json\/wp\/v2\/media\/56586"}],"wp:attachment":[{"href":"https:\/\/rdnews.al\/index.php\/wp-json\/wp\/v2\/media?parent=88431"}],"wp:term":[{"taxonomy":"category","embeddable":true,"href":"https:\/\/rdnews.al\/index.php\/wp-json\/wp\/v2\/categories?post=88431"},{"taxonomy":"post_tag","embeddable":true,"href":"https:\/\/rdnews.al\/index.php\/wp-json\/wp\/v2\/tags?post=88431"}],"curies":[{"name":"wp","href":"https:\/\/api.w.org\/{rel}","templated":true}]}}