{"id":88433,"date":"2024-09-07T18:51:24","date_gmt":"2024-09-07T18:51:24","guid":{"rendered":"https:\/\/rdnews.al\/?p=88433"},"modified":"2024-09-07T18:51:24","modified_gmt":"2024-09-07T18:51:24","slug":"berisha-ai-qe-zevendesoi-rrumbullakun-eshte-emertese-e-suel-celes-ministri-i-ri-eshte-ne-xhep-te-krimit","status":"publish","type":"post","link":"https:\/\/rdnews.al\/index.php\/2024\/09\/07\/berisha-ai-qe-zevendesoi-rrumbullakun-eshte-emertese-e-suel-celes-ministri-i-ri-eshte-ne-xhep-te-krimit\/","title":{"rendered":"Berisha: Ai q\u00eb z\u00ebvend\u00ebsoi Rrumbullakun \u00ebsht\u00eb em\u00ebrtes\u00eb e Suel \u00c7el\u00ebs! Ministri i ri \u00ebsht\u00eb n\u00eb xhep t\u00eb krimit"},"content":{"rendered":"<p>Kryetari i PD, Sali Berisha, gjat\u00eb fjal\u00ebs s\u00eb tij n\u00eb tubimin e sot\u00ebm posht\u00eb sht\u00ebpis\u00eb s\u00eb tij, u ndal dhe t\u00eb shkarkimi i\u00a0drejtorit t\u00eb p\u00ebrgjithsh\u00ebm te Policis\u00eb, Muhamet Rumbullaku, ku u shpreh se ai q\u00eb z\u00ebvend\u00ebsoi Rrumbullakun \u00ebsht\u00eb em\u00ebrtes\u00eb e Suel \u00c7el\u00ebs.<\/p>\n<p>\u201cDje shkarkuan Rrumbullakun, i cili u shnd\u00ebrrua n\u00eb nj\u00eb veg\u00ebl t\u00eb verb\u00ebr dhe u flak si nj\u00eb limon i shtrydhur nga ministra kriminel\u00eb dhe bandit\u00eb.<\/p>\n<p>Por, ai q\u00eb z\u00ebvend\u00ebson Rrumbullakun, ai \u00ebsht\u00eb njeriu i medaljeve t\u00eb zeza.<\/p>\n<p>Ai \u00ebsht\u00eb em\u00ebrtes\u00eb e Suel \u00c7el\u00ebs dhe Taulant Ball\u00ebs.<\/p>\n<p>Shikoni miq gjer ku arrin krimi, t\u00eb na em\u00ebroj\u00eb drejtorin e p\u00ebrgjithsh\u00ebm t\u00eb policis\u00eb, sepse ministri i ri \u00ebsht\u00eb n\u00eb xhep t\u00eb krimit.<\/p>\n<p>Ky ushtar i Lubi Ballukut zbaton vet\u00ebm urdhra.<\/p>\n<p>At\u00ebher\u00eb m\u00eb thoni mua, a nuk jan\u00eb k\u00ebta vras\u00ebs, k\u00ebta kriminel\u00eb mbi ligjin?<\/p>\n<p>A nuk \u00ebsht\u00eb shteti ligjor nj\u00eb hipokrizi n\u00eb Shqip\u00ebri?<\/p>\n<p>Ku t\u00eb ket\u00eb siguri n\u00eb k\u00ebt\u00eb vend, kur bandat vendosin kudo.<\/p>\n<p>Miqt\u00eb e mi, Shqip\u00ebria th\u00ebrret sot \u00e7do shqiptar t\u2019i dal\u00eb zot k\u00ebtij vendi.<\/p>\n<p>Shqip\u00ebria ka pasuri p\u00ebrrallore p\u00ebr t\u00eb begatuar \u00e7do shqiptar.<\/p>\n<p>Shqip\u00ebria ka potenciale t\u00eb jasht\u00ebzakonshme p\u00ebr t\u00eb pun\u00ebsuar edhe dy her\u00eb m\u00eb shum\u00eb shqiptar\u00eb se \u00e7\u2019banojn\u00eb sot k\u00ebtu.<\/p>\n<p>Por Shqip\u00ebria \u00ebsht\u00eb vendi q\u00eb pla\u00e7kitet, q\u00eb vidhet m\u00eb shum\u00eb se \u00e7do vend tjet\u00ebr n\u00eb Europ\u00eb.<\/p>\n<p>Shqip\u00ebria \u00ebsht\u00eb vendi n\u00eb t\u00eb cilin fondet publike vidhen si askund tjet\u00ebr.<\/p>\n<p>Pasurit\u00eb publike shnd\u00ebrrohen n\u00eb pasurit\u00eb e qeveritar\u00ebve.<\/p>\n<p>Shqip\u00ebria \u00ebsht\u00eb vendi i qytetar\u00ebve pa drejt\u00ebsi.<\/p>\n<p>Vendi n\u00eb t\u00eb cilin nj\u00eb qytetar, p\u00ebr t\u00eb marr\u00eb nj\u00eb vendim nga gjykatat, duhet t\u00eb pres\u00eb 14.6 vite.<\/p>\n<p>Kjo koh\u00eb nuk ekziston kurr\u00eb n\u00eb asnj\u00eb vend t\u00eb planetit tok\u00eb.<\/p>\n<p>Kjo ndodh n\u00eb mes t\u00eb Europ\u00ebs.<\/p>\n<p>Kjo ndodh me shqiptar\u00ebt.<\/p>\n<p>Dhe ata t\u00eb cil\u00ebt me Edi Ram\u00ebn realizuan k\u00ebt\u00eb eksperiment t\u00eb turpsh\u00ebm, l\u00ebnien e nj\u00eb kombi pa drejt\u00ebsi, mbrojn\u00eb vepr\u00ebn e tyre, d\u00ebshtimin e tyre dhe jo t\u00eb drejt\u00ebn e shqiptar\u00ebve p\u00ebr proces ligjor t\u00eb drejt\u00eb\u201d, tha Berisha.<\/p>\n","protected":false},"excerpt":{"rendered":"<p>Kryetari i PD, Sali Berisha, gjat\u00eb fjal\u00ebs s\u00eb tij n\u00eb tubimin e sot\u00ebm posht\u00eb sht\u00ebpis\u00eb s\u00eb tij, u ndal dhe t\u00eb shkarkimi i\u00a0drejtorit t\u00eb p\u00ebrgjithsh\u00ebm te Policis\u00eb, Muhamet Rumbullaku, ku u shpreh se ai q\u00eb z\u00ebvend\u00ebsoi Rrumbullakun \u00ebsht\u00eb em\u00ebrtes\u00eb e Suel \u00c7el\u00ebs. \u201cDje shkarkuan Rrumbullakun, i cili u shnd\u00ebrrua n\u00eb nj\u00eb veg\u00ebl t\u00eb verb\u00ebr dhe &hellip;<\/p>\n","protected":false},"author":4,"featured_media":82604,"comment_status":"closed","ping_status":"closed","sticky":false,"template":"","format":"standard","meta":{"footnotes":""},"categories":[37],"tags":[],"class_list":["post-88433","post","type-post","status-publish","format-standard","has-post-thumbnail","","category-politike"],"_links":{"self":[{"href":"https:\/\/rdnews.al\/index.php\/wp-json\/wp\/v2\/posts\/88433","targetHints":{"allow":["GET"]}}],"collection":[{"href":"https:\/\/rdnews.al\/index.php\/wp-json\/wp\/v2\/posts"}],"about":[{"href":"https:\/\/rdnews.al\/index.php\/wp-json\/wp\/v2\/types\/post"}],"author":[{"embeddable":true,"href":"https:\/\/rdnews.al\/index.php\/wp-json\/wp\/v2\/users\/4"}],"replies":[{"embeddable":true,"href":"https:\/\/rdnews.al\/index.php\/wp-json\/wp\/v2\/comments?post=88433"}],"version-history":[{"count":0,"href":"https:\/\/rdnews.al\/index.php\/wp-json\/wp\/v2\/posts\/88433\/revisions"}],"wp:featuredmedia":[{"embeddable":true,"href":"https:\/\/rdnews.al\/index.php\/wp-json\/wp\/v2\/media\/82604"}],"wp:attachment":[{"href":"https:\/\/rdnews.al\/index.php\/wp-json\/wp\/v2\/media?parent=88433"}],"wp:term":[{"taxonomy":"category","embeddable":true,"href":"https:\/\/rdnews.al\/index.php\/wp-json\/wp\/v2\/categories?post=88433"},{"taxonomy":"post_tag","embeddable":true,"href":"https:\/\/rdnews.al\/index.php\/wp-json\/wp\/v2\/tags?post=88433"}],"curies":[{"name":"wp","href":"https:\/\/api.w.org\/{rel}","templated":true}]}}