{"id":88435,"date":"2024-09-07T18:54:58","date_gmt":"2024-09-07T18:54:58","guid":{"rendered":"https:\/\/rdnews.al\/?p=88435"},"modified":"2024-09-07T18:54:58","modified_gmt":"2024-09-07T18:54:58","slug":"berisha-eshte-koha-per-sulm-tu-deshmojme-partnereve-tane-se-shqiptari-i-ndershem-nuk-ka-humbur-kurre-besimin-tek-vota","status":"publish","type":"post","link":"https:\/\/rdnews.al\/index.php\/2024\/09\/07\/berisha-eshte-koha-per-sulm-tu-deshmojme-partnereve-tane-se-shqiptari-i-ndershem-nuk-ka-humbur-kurre-besimin-tek-vota\/","title":{"rendered":"Berisha: \u00cbsht\u00eb koha p\u00ebr sulm, t\u2019u d\u00ebshmojm\u00eb partner\u00ebve tan\u00eb se shqiptari i ndersh\u00ebm nuk ka humbur kurr\u00eb besimin tek vota"},"content":{"rendered":"<p>Lideri i opozit\u00ebs, Sali Berisha deklaroi se tashm\u00eb \u00ebsht\u00eb koha p\u00ebr sulm, t\u2019u d\u00ebshmojm\u00eb partner\u00ebve tan\u00eb se shqiptari i ndersh\u00ebm nuk ka humbur kurr\u00eb besimin tek vota.<\/p>\n<p>Berisha tha se, vet\u00ebm zem\u00ebrimi juaj, vet\u00ebm revolta e qytetar\u00ebve do t\u00eb mund\u00eb t\u00eb nxjerr\u00eb shqiptar\u00ebt dhe Shqip\u00ebrin\u00eb nga kthetrat e zeza t\u00eb k\u00ebtij krimi q\u00eb ka ng\u00ebrthyer shtetin, narkoshtetin e tyre n\u00eb \u00e7do qeliz\u00eb.<\/p>\n<p>Gjith\u00e7ka varet nga guximi yn\u00eb.<\/p>\n<p>Gjith\u00e7ka varet nga revolta jon\u00eb.<\/p>\n<p>Gjith\u00e7ka varet nga zem\u00ebrimi yn\u00eb.<\/p>\n<p>Ndaj dhe sot p\u00ebr \u00e7do shqiptar duhet t\u00eb ket\u00eb vet\u00ebm nj\u00eb moto: sulm, sulm dhe vet\u00ebm sulm!<\/p>\n<p>Sot \u00ebsht\u00eb ora e sulmit kund\u00ebr k\u00ebtij regjimi.<\/p>\n<p>Sot \u00ebsht\u00eb ora e guximit.<\/p>\n<p>Sot \u00ebsht\u00eb ora e revolt\u00ebs popullore!<\/p>\n<p>Vet\u00ebm zem\u00ebrimi juaj, vet\u00ebm revolta e qytetar\u00ebve do t\u00eb mund\u00eb t\u00eb nxjerr\u00eb shqiptar\u00ebt dhe Shqip\u00ebrin\u00eb nga kthetrat e zeza t\u00eb k\u00ebtij krimi q\u00eb ka ng\u00ebrthyer shtetin, narkoshtetin e tyre n\u00eb \u00e7do qeliz\u00eb.<\/p>\n<p>K\u00ebtu gara e zyrtar\u00ebve \u00ebsht\u00eb kush t\u00eb vjedh\u00eb m\u00eb shum\u00eb.<\/p>\n<p>Cili t\u00eb pla\u00e7kis\u00eb m\u00eb shum\u00eb.<\/p>\n<p>Cili t\u00eb shtr\u00ebngoj\u00eb lidhjet, aleancat me bandat dhe krimin.<\/p>\n<p>Qytetar\u00eb dhe qytetare, ne jemi shumica, ata jan\u00eb pakica.<\/p>\n<p>Un\u00eb ju garantoj ju se sapo ne t\u00eb ngrihemi, t\u00eb v\u00ebrsulemi kund\u00ebr tyre, ata si minj do t\u00eb k\u00ebrkojn\u00eb vrimat e miut.<\/p>\n<p>T\u00eb dashur qytetar\u00eb, mos harroni kurr\u00eb se nuk ka hajdut trim mbi tok\u00eb.<\/p>\n<p>Se hajduti \u00ebsht\u00eb vet\u00ebm frikacak.<\/p>\n<p>\u00cbsht\u00eb vet\u00ebm mbatharak.<\/p>\n<p>Hajduti ka frik\u00eb nga hija e tij, pa l\u00ebre m\u00eb nga qytetari i guximsh\u00ebm.<\/p>\n<p>Ndaj dhe t\u00eb bashkuar m\u00eb shum\u00eb se kurr\u00eb t\u00eb nisim revolt\u00ebn ton\u00eb.<\/p>\n<p>T\u00eb nisim betej\u00ebn ton\u00eb.<\/p>\n<p>T\u2019u d\u00ebshmojm\u00eb t\u00eb gjith\u00eb shqiptar\u00ebve, t\u2019u d\u00ebshmojm\u00eb partner\u00ebve tan\u00eb q\u00eb duan nj\u00eb Shqip\u00ebri demokratike, se shqiptari i ndersh\u00ebm nuk ka humbur kurr\u00eb besimin tek vota.<\/p>\n<p>Nuk humbet kurr\u00eb besimin tek vota e lir\u00eb.<\/p>\n<p>Vler\u00ebsimin tek vota e lir\u00eb.<\/p>\n<p>Nuk humbet kurr\u00eb betej\u00ebn p\u00ebr dinjitetin e tij.<\/p>\n<p>P\u00ebr lirin\u00eb e tij, p\u00ebr shpres\u00ebn dhe t\u00eb ardhmen evropiane t\u00eb shqiptar\u00ebve.<\/p>\n<p>Ndaj dhe t\u00eb d\u00ebshmojm\u00eb veten si evropiane t\u00eb v\u00ebrtet\u00eb q\u00eb mbrojn\u00eb vlerat e liris\u00eb.<\/p>\n<p>Q\u00eb sakrifikojn\u00eb p\u00ebr vlerat e liris\u00eb.<\/p>\n<p>Q\u00eb nuk pranojn\u00eb t\u00eb qeverisen nga ministra kriminel\u00eb, nga kryeminist\u00ebr kriminel.<\/p>\n<p>Nuk pranojn\u00eb t\u00eb qeverisen nga qeveritar\u00ebt q\u00eb i pla\u00e7kisin ata dit\u00ebn dhe nat\u00ebn.<\/p>\n<p>Nuk pranojn\u00eb kurr\u00eb t\u2019u rr\u00ebmbejn\u00eb vot\u00ebn. Ta shnd\u00ebrrojn\u00eb vot\u00ebn e tyre n\u00eb krim dhe krimin n\u00eb privilegje p\u00ebr hajdut\u00ebt.<\/p>\n<p>Miq, fitorja \u00ebsht\u00eb n\u00eb duart tona.<\/p>\n<p>Fitorja \u00ebsht\u00eb n\u00eb guximin ton\u00eb.<\/p>\n<p>Fitorja \u00ebsht\u00eb n\u00eb nd\u00ebrgjegjen ton\u00eb.<\/p>\n<p>Fitorja \u00ebsht\u00eb n\u00eb vullnetin tone\u201d, tha Berisha.<\/p>\n","protected":false},"excerpt":{"rendered":"<p>Lideri i opozit\u00ebs, Sali Berisha deklaroi se tashm\u00eb \u00ebsht\u00eb koha p\u00ebr sulm, t\u2019u d\u00ebshmojm\u00eb partner\u00ebve tan\u00eb se shqiptari i ndersh\u00ebm nuk ka humbur kurr\u00eb besimin tek vota. Berisha tha se, vet\u00ebm zem\u00ebrimi juaj, vet\u00ebm revolta e qytetar\u00ebve do t\u00eb mund\u00eb t\u00eb nxjerr\u00eb shqiptar\u00ebt dhe Shqip\u00ebrin\u00eb nga kthetrat e zeza t\u00eb k\u00ebtij krimi q\u00eb ka ng\u00ebrthyer &hellip;<\/p>\n","protected":false},"author":4,"featured_media":82794,"comment_status":"closed","ping_status":"closed","sticky":false,"template":"","format":"standard","meta":{"footnotes":""},"categories":[37],"tags":[],"class_list":["post-88435","post","type-post","status-publish","format-standard","has-post-thumbnail","","category-politike"],"_links":{"self":[{"href":"https:\/\/rdnews.al\/index.php\/wp-json\/wp\/v2\/posts\/88435","targetHints":{"allow":["GET"]}}],"collection":[{"href":"https:\/\/rdnews.al\/index.php\/wp-json\/wp\/v2\/posts"}],"about":[{"href":"https:\/\/rdnews.al\/index.php\/wp-json\/wp\/v2\/types\/post"}],"author":[{"embeddable":true,"href":"https:\/\/rdnews.al\/index.php\/wp-json\/wp\/v2\/users\/4"}],"replies":[{"embeddable":true,"href":"https:\/\/rdnews.al\/index.php\/wp-json\/wp\/v2\/comments?post=88435"}],"version-history":[{"count":0,"href":"https:\/\/rdnews.al\/index.php\/wp-json\/wp\/v2\/posts\/88435\/revisions"}],"wp:featuredmedia":[{"embeddable":true,"href":"https:\/\/rdnews.al\/index.php\/wp-json\/wp\/v2\/media\/82794"}],"wp:attachment":[{"href":"https:\/\/rdnews.al\/index.php\/wp-json\/wp\/v2\/media?parent=88435"}],"wp:term":[{"taxonomy":"category","embeddable":true,"href":"https:\/\/rdnews.al\/index.php\/wp-json\/wp\/v2\/categories?post=88435"},{"taxonomy":"post_tag","embeddable":true,"href":"https:\/\/rdnews.al\/index.php\/wp-json\/wp\/v2\/tags?post=88435"}],"curies":[{"name":"wp","href":"https:\/\/api.w.org\/{rel}","templated":true}]}}