{"id":88732,"date":"2024-09-11T11:24:16","date_gmt":"2024-09-11T11:24:16","guid":{"rendered":"https:\/\/rdnews.al\/?p=88732"},"modified":"2024-09-11T11:24:16","modified_gmt":"2024-09-11T11:24:16","slug":"gjekmarkaj-grupi-parlamentar-i-pd-do-te-shkoje-te-protestoje-para-parlamentit-evropian","status":"publish","type":"post","link":"https:\/\/rdnews.al\/index.php\/2024\/09\/11\/gjekmarkaj-grupi-parlamentar-i-pd-do-te-shkoje-te-protestoje-para-parlamentit-evropian\/","title":{"rendered":"Gjekmarkaj: Grupi Parlamentar i PD do t\u00eb shkoj\u00eb t\u00eb protestoj\u00eb para Parlamentit Evropian"},"content":{"rendered":"<p>P\u00ebrpara godin\u00ebs s\u00eb SPAK ka qen\u00eb edhe n\u00ebnkryetari i Kuvendit Agaron Gjekmarkaj i cili i ka cil\u00ebsuar akuzat ndaj Berishws si poltike. Gjekmarkaj tha se, Grupi Parlamentar i PD do t\u00eb shkoj\u00eb t\u00eb protestoj\u00eb para Parlamentit Evropian p\u00ebr t\u00eb denoncuar p\u00ebrndjekjen politike t\u00eb Berish\u00ebs.<\/p>\n<p>\u201cUn\u00eb e konsideroj nj\u00eb padrejt\u00ebsi t\u00eb madhe thirrjen e Berish\u00ebs n\u00eb SPAK. Jam d\u00ebshmitar i shkeljes s\u00eb Kushtetut\u00ebs p\u00ebr t\u00eb panalizuar Sali Berish\u00ebn. Kur kushtetuta shkelet n\u00eb m\u00ebnyr\u00eb t\u00eb paligjshme, se ajo nuk duhet t\u00eb shkelet asnj\u00ebher\u00eb n\u00eb fakt, kjo b\u00ebhet p\u00ebr arsye politike dhe beneficar i k\u00ebsaj \u00ebsht\u00eb padyshim kryeministri Edi Rama dhe qeveria. \u00cbsht\u00eb mazhoranca e cila p\u00ebrpiqet t\u00eb trukoj\u00eb gar\u00ebn elektorale, ta fut\u00eb opozit\u00ebn n\u00eb proces elektoral me liderin e saj t\u00eb arrestuar.<\/p>\n<p>P\u00ebr mua \u00ebsht\u00eb tashm\u00eb nj\u00eb i burgosur i nd\u00ebrgjegjes, \u00ebsht\u00eb nj\u00eb bjerrje e madhe e standardeve demokratike politike dhe legale t\u00eb Shqip\u00ebris\u00eb q\u00eb \u00ebsht\u00eb an\u00ebtare e NATO-s dhe q\u00eb aspiron p\u00ebr t\u00eb shkuar n\u00eb Bashkimin Evropian. Ju e shikoni sot njer\u00ebzit e shumt\u00eb q\u00eb jan\u00eb k\u00ebtu, dhe zem\u00ebrimin e tyre. K\u00ebt\u00eb e p\u00ebrjetojn\u00eb si nj\u00eb padrejt\u00ebsi t\u00eb madhe gjith\u00eb demokrat\u00ebt e Shqip\u00ebris\u00eb, por jo vet\u00ebm demokrat\u00eb por \u00e7do qytetar i cili sigurin\u00eb e vet e ka tek ligji, tek Kushtetuta dhe tek drejt\u00ebsia. Ai sot ndihet i cenuar.<\/p>\n<p>Ka nj\u00eb tendenc\u00eb p\u00ebr t\u00eb krijuar nj\u00eb barzvlefshm\u00ebri nd\u00ebrmjet Sali Berish\u00ebs dhe t\u00eb korruptuarve t\u00eb qeveris\u00eb t\u00eb cil\u00ebt thirren nga SPAK-u, pasi l\u00ebshohen nga kryeministri p\u00ebr t\u00eb kompozuar kuadrin e nj\u00eb drejt\u00ebsie me regji. Por Sali Berisha \u00ebsht\u00eb Sali Berisha dhe hajdut\u00ebt jan\u00eb hajdut\u00ebt. Kjo nuk \u00ebsht\u00eb nj\u00eb gj\u00eb q\u00eb mund t\u00eb krijoj\u00eb nj\u00eb ekuivalenc\u00eb, nd\u00ebrmjet tij dhe atyre q\u00eb thirren nga prokuror\u00ebt e SPAK-ut.<\/p>\n<p>Un\u00eb besoj q\u00eb Grupi Parlamentar i PD nuk do t\u00eb ndalet me kaq. Ne po shkojm\u00eb drejt nj\u00eb vendimi p\u00ebr t\u00eb shkuar sa m\u00eb shpejt p\u00ebr t\u00eb protestuar n\u00eb m\u00ebnyr\u00eb m\u00eb paq\u00ebsore e demokratike, pran\u00eb institucioneve, evropiane n\u00eb Bruksel apo tek Parlamenti Evropian.<\/p>\n<p>N\u00eb do t\u00eb b\u00ebjm\u00eb hap pas hapi \u00e7do l\u00ebvizje per t\u00eb denoncuar, krimin dhe korrupsionin n\u00eb Shqip\u00ebri q\u00eb nuk po gjen p\u00ebrgjigje nga organet e drejt\u00ebsis\u00eb p\u00ebr t\u00eb denoncuar drejt\u00ebsin\u00eb me regji e cila selekton vet\u00ebm liderin e opozit\u00ebs pa prova dhe pa fakte dhe ne nuk do t\u00eb kthehemi prej atje pa biseduar, pa patur nj\u00eb kontakt, pa sensibilizuar Evrop\u00ebn Demokratike, Brukselin, Komision Evropian. Parlamentin Evropian. Dhe mendoj q\u00eb do t\u00eb jemi shum\u00eb deputet\u00eb t\u00eb opozit\u00ebs ne k\u00ebt\u00eb udh\u00ebtim drejt Evrop\u00ebs\u201d, tha Gjekmarkaj.<\/p>\n","protected":false},"excerpt":{"rendered":"<p>P\u00ebrpara godin\u00ebs s\u00eb SPAK ka qen\u00eb edhe n\u00ebnkryetari i Kuvendit Agaron Gjekmarkaj i cili i ka cil\u00ebsuar akuzat ndaj Berishws si poltike. Gjekmarkaj tha se, Grupi Parlamentar i PD do t\u00eb shkoj\u00eb t\u00eb protestoj\u00eb para Parlamentit Evropian p\u00ebr t\u00eb denoncuar p\u00ebrndjekjen politike t\u00eb Berish\u00ebs. \u201cUn\u00eb e konsideroj nj\u00eb padrejt\u00ebsi t\u00eb madhe thirrjen e Berish\u00ebs n\u00eb &hellip;<\/p>\n","protected":false},"author":4,"featured_media":0,"comment_status":"closed","ping_status":"closed","sticky":false,"template":"","format":"standard","meta":{"footnotes":""},"categories":[37],"tags":[],"class_list":["post-88732","post","type-post","status-publish","format-standard","","category-politike"],"_links":{"self":[{"href":"https:\/\/rdnews.al\/index.php\/wp-json\/wp\/v2\/posts\/88732","targetHints":{"allow":["GET"]}}],"collection":[{"href":"https:\/\/rdnews.al\/index.php\/wp-json\/wp\/v2\/posts"}],"about":[{"href":"https:\/\/rdnews.al\/index.php\/wp-json\/wp\/v2\/types\/post"}],"author":[{"embeddable":true,"href":"https:\/\/rdnews.al\/index.php\/wp-json\/wp\/v2\/users\/4"}],"replies":[{"embeddable":true,"href":"https:\/\/rdnews.al\/index.php\/wp-json\/wp\/v2\/comments?post=88732"}],"version-history":[{"count":0,"href":"https:\/\/rdnews.al\/index.php\/wp-json\/wp\/v2\/posts\/88732\/revisions"}],"wp:attachment":[{"href":"https:\/\/rdnews.al\/index.php\/wp-json\/wp\/v2\/media?parent=88732"}],"wp:term":[{"taxonomy":"category","embeddable":true,"href":"https:\/\/rdnews.al\/index.php\/wp-json\/wp\/v2\/categories?post=88732"},{"taxonomy":"post_tag","embeddable":true,"href":"https:\/\/rdnews.al\/index.php\/wp-json\/wp\/v2\/tags?post=88732"}],"curies":[{"name":"wp","href":"https:\/\/api.w.org\/{rel}","templated":true}]}}