{"id":88762,"date":"2024-09-11T16:28:15","date_gmt":"2024-09-11T16:28:15","guid":{"rendered":"https:\/\/rdnews.al\/?p=88762"},"modified":"2024-09-11T16:28:15","modified_gmt":"2024-09-11T16:28:15","slug":"vasili-beteja-e-sali-berishes-me-ram-dumanet-eshte-beteja-me-madhore-per-cdo-shqiptar","status":"publish","type":"post","link":"https:\/\/rdnews.al\/index.php\/2024\/09\/11\/vasili-beteja-e-sali-berishes-me-ram-dumanet-eshte-beteja-me-madhore-per-cdo-shqiptar\/","title":{"rendered":"Vasili: Beteja e Sali Berish\u00ebs me Ram-Duman\u00ebt \u00ebsht\u00eb beteja m\u00eb madhore p\u00ebr \u00e7do shqiptar"},"content":{"rendered":"<p>Deputeti i Partis\u00eb s\u00eb Liris\u00eb, Petrit Vasili, ka komentuar akuz\u00ebn politike t\u00eb ngritur nga drejt\u00ebsia e komanduar e Edi Ram\u00ebs ndaj liderit t\u00eb Partis\u00eb Demokratike, Sali Berisha mesdit\u00ebn e sotme (e m\u00ebrkur\u00eb 11 shtator 2024).<\/p>\n<p>N\u00eb komentin e tij, deputeti i PL shprehet se sot \u00ebsht\u00eb nj\u00eb dit\u00eb shum\u00eb e zezq p\u00ebr shtetin ligjor, demokracin\u00eb dhe t\u00eb drejtat e shqiptar\u00ebve.<\/p>\n<p>Ai shprehet nd\u00ebr t\u00eb tjera se ngritja e nj\u00eb akuze pa prova \u00ebsht\u00eb nj\u00eb mesazh p\u00ebr \u00e7do njeri, q\u00eb zbaton me korrektes\u00eb dhe deri n\u00eb fund ligjin se ka marr\u00eb nga Ram-Duman\u00ebt mesazhin se drejt\u00ebsia \u00ebsht\u00eb eg\u00ebrsisht kund\u00ebr tyre, nd\u00ebrsa \u00e7do bandit \u00ebsht\u00eb i papreksh\u00ebm dhe i mbrojtur prej saj.<\/p>\n<p><strong>Postimi i Vasilit<\/strong><\/p>\n<p>Berisha p\u00ebrballje madhore me Ram-Duman\u00ebt e narkoshtetit!<\/p>\n<p>Sot \u00ebsht\u00eb nj\u00eb dit\u00eb shum\u00eb e zez\u00eb p\u00ebr shtetin ligjor, demokracin\u00eb dhe t\u00eb drejtat e shqiptar\u00ebve.<\/p>\n<p>Prof.Dr.Sali Berisha \u00ebsht\u00eb p\u00ebrball\u00eb sot me drejt\u00ebsin\u00eb m\u00eb t\u00eb korruptuar, m\u00eb t\u00eb inkriminuar dhe m\u00eb t\u00eb kapur, q\u00eb nga krijimi i shtetit shqiptar.<\/p>\n<p>Ram- Duman\u00ebt kan\u00eb zgjedhur t\u00eb b\u00ebjn\u00eb kamikazen t\u00eb komanduar nga parat\u00eb e korrupsionit dhe te narkoshtetit.<\/p>\n<p>Ram-Duman\u00ebt kan\u00eb dh\u00ebn\u00eb mesazhin e qart\u00eb se jan\u00eb mbrojt\u00ebs t\u00eb flakt\u00eb te korrupsionit t\u00eb Ram\u00ebs, inkriminimit shtet\u00ebror shum\u00eb t\u00eb thell\u00eb dhe antiligjit m\u00eb t\u00eb neveritsh\u00ebm.<\/p>\n<p>Sot \u00e7do njeri, q\u00eb zbaton me korrektes\u00eb dhe deri ne fund ligjin ka marr\u00eb nga Ram-Duman\u00ebt mesazhin se drejt\u00ebsia \u00ebsht\u00eb eg\u00ebrsisht kunder tyre, nd\u00ebrsa \u00e7do bandit \u00ebsht\u00eb i papreksh\u00ebm dhe i mbrojtur prej saj.<\/p>\n<p>Rama dhe Veliaj grabit\u00ebsit e miliarda euro t\u00eb provuar me qidra fakte, dokumente e shkresa zg\u00ebrdhihen e sp\u00ebrdridhen para kamerave dhe vazhdojn\u00eb t\u00eb rr\u00ebmbejn\u00eb miliona euro \u00e7do dit\u00eb.<\/p>\n<p>Qindra horra rilindas vjedhin an\u00eb e mban\u00eb v\u00ebndit parat\u00eb e taksave t\u00eb gjakut e djers\u00ebs s\u00eb shqiptar\u00ebve dhe Ram-Duman\u00ebt nuk i nd\u00ebshkojn\u00eb.<\/p>\n<p>Sot beteja e Sali Berish\u00ebs me Ram- Duman\u00ebt \u00ebsht\u00eb beteja m\u00eb madhore p\u00ebr \u00e7do shqiptar.<\/p>\n<p>Q\u00ebndrimi i jasht\u00ebzakonsh\u00ebm, principal dhe statalist i Sali Berish\u00ebs \u00ebsht\u00eb sot moment bashkimi p\u00ebr \u00e7do shqiptar t\u00eb ndersh\u00ebm q\u00eb k\u00ebrkon t\u00eb jetoj\u00eb me pun\u00ebn e tij dhe q\u00eb t\u00eb jet\u00eb i barabart\u00eb p\u00ebrpara ligjit.<\/p>\n<p>Beteja e Sali Berish\u00ebs \u00ebsht\u00eb p\u00ebrballje dh\u00ebmb p\u00ebr dh\u00ebmb me antigjin, mafien qeveritare, narkoshtetin dhe Ram- Duman\u00ebt e tij, ndaj t\u00eb gjith\u00eb jemi n\u00eb mb\u00ebshtetje t\u00eb pal\u00ebkundur t\u00eb kauz\u00ebs s\u00eb tij madhore.<\/p>\n<p>&nbsp;<\/p>\n","protected":false},"excerpt":{"rendered":"<p>Deputeti i Partis\u00eb s\u00eb Liris\u00eb, Petrit Vasili, ka komentuar akuz\u00ebn politike t\u00eb ngritur nga drejt\u00ebsia e komanduar e Edi Ram\u00ebs ndaj liderit t\u00eb Partis\u00eb Demokratike, Sali Berisha mesdit\u00ebn e sotme (e m\u00ebrkur\u00eb 11 shtator 2024). N\u00eb komentin e tij, deputeti i PL shprehet se sot \u00ebsht\u00eb nj\u00eb dit\u00eb shum\u00eb e zezq p\u00ebr shtetin ligjor, demokracin\u00eb &hellip;<\/p>\n","protected":false},"author":4,"featured_media":88763,"comment_status":"closed","ping_status":"closed","sticky":false,"template":"","format":"standard","meta":{"footnotes":""},"categories":[37],"tags":[],"class_list":["post-88762","post","type-post","status-publish","format-standard","has-post-thumbnail","","category-politike"],"_links":{"self":[{"href":"https:\/\/rdnews.al\/index.php\/wp-json\/wp\/v2\/posts\/88762","targetHints":{"allow":["GET"]}}],"collection":[{"href":"https:\/\/rdnews.al\/index.php\/wp-json\/wp\/v2\/posts"}],"about":[{"href":"https:\/\/rdnews.al\/index.php\/wp-json\/wp\/v2\/types\/post"}],"author":[{"embeddable":true,"href":"https:\/\/rdnews.al\/index.php\/wp-json\/wp\/v2\/users\/4"}],"replies":[{"embeddable":true,"href":"https:\/\/rdnews.al\/index.php\/wp-json\/wp\/v2\/comments?post=88762"}],"version-history":[{"count":0,"href":"https:\/\/rdnews.al\/index.php\/wp-json\/wp\/v2\/posts\/88762\/revisions"}],"wp:featuredmedia":[{"embeddable":true,"href":"https:\/\/rdnews.al\/index.php\/wp-json\/wp\/v2\/media\/88763"}],"wp:attachment":[{"href":"https:\/\/rdnews.al\/index.php\/wp-json\/wp\/v2\/media?parent=88762"}],"wp:term":[{"taxonomy":"category","embeddable":true,"href":"https:\/\/rdnews.al\/index.php\/wp-json\/wp\/v2\/categories?post=88762"},{"taxonomy":"post_tag","embeddable":true,"href":"https:\/\/rdnews.al\/index.php\/wp-json\/wp\/v2\/tags?post=88762"}],"curies":[{"name":"wp","href":"https:\/\/api.w.org\/{rel}","templated":true}]}}