{"id":88818,"date":"2024-09-12T08:36:34","date_gmt":"2024-09-12T08:36:34","guid":{"rendered":"https:\/\/rdnews.al\/?p=88818"},"modified":"2024-09-12T08:42:40","modified_gmt":"2024-09-12T08:42:40","slug":"bardhi-ndryshimi-i-ligjit-per-garden-me-sponsorizim","status":"publish","type":"post","link":"https:\/\/rdnews.al\/index.php\/2024\/09\/12\/bardhi-ndryshimi-i-ligjit-per-garden-me-sponsorizim\/","title":{"rendered":"Bardhi: Ndryshimi i ligjit p\u00ebr Gard\u00ebn me sponsorizim!\u00a0"},"content":{"rendered":"<p>Ka nisur seanca plenare q\u00eb parashikohet t\u00eb ket\u00eb debat mes PS-PD, nd\u00ebrkoh\u00eb q\u00eb nj\u00eb nga pikat kryesore t\u00eb rendit t\u00eb dit\u00ebs, \u00ebsht\u00eb interpelanca e thirrur nga kreu i grupit parlamentar t\u00eb Partis\u00eb Demokratike Gazment Bardhi, me kryeministrin Edi Rama, n\u00eb lidhje me mbetjet toksike.<\/p>\n<p>Kreu i grupit Parlamentar t\u00eb PD, Gazment Bardhi, ka folur n\u00eb Kuvend ndryshimin e ligjit p\u00ebr Gard\u00ebn e Republik\u00ebs<\/p>\n<p>Bardhi k\u00ebrkon t\u00eb ngrihet nj\u00eb komision etike p\u00ebr t\u00eb v\u00ebrtetuar si u sponsorizua ligji. Ai shton m\u00eb tej se ligjet me porosi jan\u00eb kthyer normalitet p\u00ebr k\u00ebt\u00eb mazhoranc\u00eb.<\/p>\n<p>\u201c10 shtator 2024 ministri i Brendsh\u00ebm njoftoi zgjedhjen e drejtorit t\u00eb Grad\u00ebs s\u00eb Republik\u00ebs me gar\u00eb. N\u00eb fakt n\u00eb mars 2023 kur miratonit ndryshmit p\u00ebr Gard\u00ebn e Republik\u00ebs ju kam th\u00ebn\u00eb q\u00eb \u00ebsht\u00eb investim p\u00ebr t\u00eb zgjedhur nj\u00eb njeri q\u00eb vjen nga jasht\u00eb sistemit. E votuat me urdh\u00ebr t\u00eb Ram\u00ebs, dhe gjasht\u00eb muaj m\u00eb von\u00eb u zgjodh emri q\u00eb jua tham\u00eb edhe ne, p\u00ebr t\u00eb cilin u ndryshua ligji. Nuk ka akt m\u00eb korruptiv se t\u00eb detyrosh deputet\u00ebt e mazhoranc\u00ebs t\u00eb votojn\u00eb p\u00ebr interesat e nj\u00eb personi.<\/p>\n<p>Ngrini nj\u00eb komision etike p\u00ebr t\u00eb v\u00ebrtetuar si u sponsorizua ligji. Ligjet me porosi jan\u00eb kthyer normalitet p\u00ebr k\u00ebt\u00eb mazhoranc\u00eb\u201d,\u00a0tha Bardhi.<\/p>\n<p>Kujtojm\u00eb se n\u00eb rendin e dit\u00ebs parashikohet edhe nj\u00eb interpelanc\u00eb me zv. kryeministren Belinda Balluku, e k\u00ebrkuar nga nj\u00eb grup deputet\u00ebsh t\u00eb PD, p\u00ebr nd\u00ebrtimin e segmentit Thuman\u00eb-Kashar dhe aksin \u201cRruga e Kombit\u201d, n\u00eb lidhje me bllokimin e aksesit t\u00eb qytetar\u00ebve q\u00eb banojn\u00eb n\u00eb zonat pran\u00eb, si dhe shqyrtimi i mandatit t\u00eb Olta Xha\u00e7k\u00ebs, p\u00ebr d\u00ebrgimin n\u00eb Gjykat\u00ebn Kushtetuese t\u00eb mocionit t\u00eb 1\/10 s\u00eb deputet\u00ebve p\u00ebr papajtueshm\u00ebrin\u00eb e mandatit.<\/p>\n","protected":false},"excerpt":{"rendered":"<p>Ka nisur seanca plenare q\u00eb parashikohet t\u00eb ket\u00eb debat mes PS-PD, nd\u00ebrkoh\u00eb q\u00eb nj\u00eb nga pikat kryesore t\u00eb rendit t\u00eb dit\u00ebs, \u00ebsht\u00eb interpelanca e thirrur nga kreu i grupit parlamentar t\u00eb Partis\u00eb Demokratike Gazment Bardhi, me kryeministrin Edi Rama, n\u00eb lidhje me mbetjet toksike. Kreu i grupit Parlamentar t\u00eb PD, Gazment Bardhi, ka folur n\u00eb &hellip;<\/p>\n","protected":false},"author":4,"featured_media":88001,"comment_status":"closed","ping_status":"closed","sticky":false,"template":"","format":"standard","meta":{"footnotes":""},"categories":[37],"tags":[],"class_list":["post-88818","post","type-post","status-publish","format-standard","has-post-thumbnail","","category-politike"],"_links":{"self":[{"href":"https:\/\/rdnews.al\/index.php\/wp-json\/wp\/v2\/posts\/88818","targetHints":{"allow":["GET"]}}],"collection":[{"href":"https:\/\/rdnews.al\/index.php\/wp-json\/wp\/v2\/posts"}],"about":[{"href":"https:\/\/rdnews.al\/index.php\/wp-json\/wp\/v2\/types\/post"}],"author":[{"embeddable":true,"href":"https:\/\/rdnews.al\/index.php\/wp-json\/wp\/v2\/users\/4"}],"replies":[{"embeddable":true,"href":"https:\/\/rdnews.al\/index.php\/wp-json\/wp\/v2\/comments?post=88818"}],"version-history":[{"count":0,"href":"https:\/\/rdnews.al\/index.php\/wp-json\/wp\/v2\/posts\/88818\/revisions"}],"wp:featuredmedia":[{"embeddable":true,"href":"https:\/\/rdnews.al\/index.php\/wp-json\/wp\/v2\/media\/88001"}],"wp:attachment":[{"href":"https:\/\/rdnews.al\/index.php\/wp-json\/wp\/v2\/media?parent=88818"}],"wp:term":[{"taxonomy":"category","embeddable":true,"href":"https:\/\/rdnews.al\/index.php\/wp-json\/wp\/v2\/categories?post=88818"},{"taxonomy":"post_tag","embeddable":true,"href":"https:\/\/rdnews.al\/index.php\/wp-json\/wp\/v2\/tags?post=88818"}],"curies":[{"name":"wp","href":"https:\/\/api.w.org\/{rel}","templated":true}]}}