{"id":88935,"date":"2024-09-12T19:54:42","date_gmt":"2024-09-12T19:54:42","guid":{"rendered":"https:\/\/rdnews.al\/?p=88935"},"modified":"2024-09-12T19:54:42","modified_gmt":"2024-09-12T19:54:42","slug":"dosja-partizani-lubonja-operacion-fasade-ndaj-berishes-i-pandehur-duhet-te-merret-edi-rama","status":"publish","type":"post","link":"https:\/\/rdnews.al\/index.php\/2024\/09\/12\/dosja-partizani-lubonja-operacion-fasade-ndaj-berishes-i-pandehur-duhet-te-merret-edi-rama\/","title":{"rendered":"Dosja \u201cPartizani\u201d\/ Lubonja: Operacion fasad\u00eb\u00a0ndaj Berish\u00ebs, i pandehur duhet t\u00eb merret Edi Rama"},"content":{"rendered":"<p>Analisti Fatos Lubonja n\u00eb emisionin \u201cOpen\u201d n\u00eb News24 tha se ne jemi n\u00eb politik\u00ebn e fasad\u00ebs, q\u00eb \u00ebsht\u00eb politika q\u00eb di t\u00eb b\u00ebj\u00eb m\u00eb mir\u00eb Edi Rama.<\/p>\n<p>Duke folur p\u00ebr vendimin e SPAK q\u00eb mori t\u00eb pandehur ish-Kryeministrin Sali Berisha, Lubonja tha se amerikan\u00ebt duhet t\u00eb na thon\u00eb a \u00ebsht\u00eb rrezik p\u00ebr demokracin\u00eb apo edhe p\u00ebr amerikan\u00ebt, kreu i PD-s\u00eb q\u00eb ka 10 vjet q\u00eb ka ikur.<\/p>\n<p>\u201cDosja \u2018Partizani\u2019, n\u00ebse e marrim si standard, dit\u00eb p\u00ebr dit\u00eb mund t\u00eb merret i pandehur Edi Rama se ka miratuar ligje e ka ndryshuar ligje. Kemi t\u00eb b\u00ebjm\u00eb me nj\u00eb operacion fasade nga nj\u00ebra an\u00eb dhe interesa amerikane q\u00eb e mb\u00ebshtesin n\u00eb k\u00ebt\u00eb rast.<\/p>\n<p>N\u00eb koh\u00ebn e PD-s\u00eb \u00ebsht\u00eb b\u00ebr\u00eb korrupsion, ka pasur edhe krim q\u00eb ka b\u00ebr\u00eb gj\u00ebra. Por \u00e7\u00ebshtja \u00ebsht\u00eb k\u00ebta q\u00eb jan\u00eb sot n\u00eb pushtet a do t\u00eb hetohen? Sistemi po ec\u00ebn, po fuqizohet dhe po i shkakton nj\u00eb d\u00ebm t\u00eb madh Shqip\u00ebris\u00eb\u201d, tha Lubonja.<\/p>\n","protected":false},"excerpt":{"rendered":"<p>Analisti Fatos Lubonja n\u00eb emisionin \u201cOpen\u201d n\u00eb News24 tha se ne jemi n\u00eb politik\u00ebn e fasad\u00ebs, q\u00eb \u00ebsht\u00eb politika q\u00eb di t\u00eb b\u00ebj\u00eb m\u00eb mir\u00eb Edi Rama. Duke folur p\u00ebr vendimin e SPAK q\u00eb mori t\u00eb pandehur ish-Kryeministrin Sali Berisha, Lubonja tha se amerikan\u00ebt duhet t\u00eb na thon\u00eb a \u00ebsht\u00eb rrezik p\u00ebr demokracin\u00eb apo edhe &hellip;<\/p>\n","protected":false},"author":4,"featured_media":88936,"comment_status":"closed","ping_status":"closed","sticky":false,"template":"","format":"standard","meta":{"footnotes":""},"categories":[37],"tags":[],"class_list":["post-88935","post","type-post","status-publish","format-standard","has-post-thumbnail","","category-politike"],"_links":{"self":[{"href":"https:\/\/rdnews.al\/index.php\/wp-json\/wp\/v2\/posts\/88935","targetHints":{"allow":["GET"]}}],"collection":[{"href":"https:\/\/rdnews.al\/index.php\/wp-json\/wp\/v2\/posts"}],"about":[{"href":"https:\/\/rdnews.al\/index.php\/wp-json\/wp\/v2\/types\/post"}],"author":[{"embeddable":true,"href":"https:\/\/rdnews.al\/index.php\/wp-json\/wp\/v2\/users\/4"}],"replies":[{"embeddable":true,"href":"https:\/\/rdnews.al\/index.php\/wp-json\/wp\/v2\/comments?post=88935"}],"version-history":[{"count":0,"href":"https:\/\/rdnews.al\/index.php\/wp-json\/wp\/v2\/posts\/88935\/revisions"}],"wp:featuredmedia":[{"embeddable":true,"href":"https:\/\/rdnews.al\/index.php\/wp-json\/wp\/v2\/media\/88936"}],"wp:attachment":[{"href":"https:\/\/rdnews.al\/index.php\/wp-json\/wp\/v2\/media?parent=88935"}],"wp:term":[{"taxonomy":"category","embeddable":true,"href":"https:\/\/rdnews.al\/index.php\/wp-json\/wp\/v2\/categories?post=88935"},{"taxonomy":"post_tag","embeddable":true,"href":"https:\/\/rdnews.al\/index.php\/wp-json\/wp\/v2\/tags?post=88935"}],"curies":[{"name":"wp","href":"https:\/\/api.w.org\/{rel}","templated":true}]}}