{"id":88984,"date":"2024-09-13T14:46:19","date_gmt":"2024-09-13T14:46:19","guid":{"rendered":"https:\/\/rdnews.al\/?p=88984"},"modified":"2024-09-13T14:46:19","modified_gmt":"2024-09-13T14:46:19","slug":"ish-kreu-i-bashkesise-islame-ne-maqedonise-e-veriut-i-quan-ordinere-shpfjet-e-gazetarit-te-rames-ndaj-metes","status":"publish","type":"post","link":"https:\/\/rdnews.al\/index.php\/2024\/09\/13\/ish-kreu-i-bashkesise-islame-ne-maqedonise-e-veriut-i-quan-ordinere-shpfjet-e-gazetarit-te-rames-ndaj-metes\/","title":{"rendered":"Ish-kreu i Bashk\u00ebsis\u00eb Islame n\u00eb Maqedonis\u00eb e Veriut i quan ordinere shpfjet e gazetarit t\u00eb Ram\u00ebs ndaj Met\u00ebs"},"content":{"rendered":"<p><strong>Sulejman Rexhepi<\/strong><\/p>\n<p>Shpifjet ordinere t\u00eb publikuara nga gazeta \u201cTema\u201d e Mero Bazes dhe portalet e tjera t\u00eb \u201cRilindjes\u201d n\u00eb Shqip\u00ebri nuk kan\u00eb asnj\u00eb lidhje me emrin tim dhe me Presidentin Ilir Meta dhe as nuk jan\u00eb shkruar nga un\u00eb.<\/p>\n<p>Kurr\u00eb nuk kam b\u00ebr\u00eb nj\u00eb akuz\u00eb kaq ordinere ndaj Presidentit Ilir Meta, p\u00ebrkundrazi u q\u00ebndroj t\u00eb gjitha vler\u00ebsimeve publike q\u00eb kam b\u00ebr\u00eb p\u00ebr t\u00eb, si nj\u00eb burr\u00eb shteti q\u00eb q\u00ebllim t\u00eb vet\u00ebm t\u00eb angazhimit t\u00eb tij politik ka patur mbrojtjen e interesit komb\u00ebtar dhe \u00e7\u00ebshtjes shqiptare. I p\u00ebrg\u00ebnjeshtroj me p\u00ebrbuzje shpifjet e f\u00eblliqura t\u00eb mediave t\u00eb \u201cRilindjes\u201d dhe u k\u00ebrkoj t\u00eb fshijn\u00eb urgjentisht artikujt dashakeq, n\u00eb t\u00eb kund\u00ebrt jam i detyruar t\u00eb ndjek rrug\u00ebn m\u00eb t\u00eb ashp\u00ebr ligjore ndaj tyre.<\/p>\n<p>Presidenti Ilir Meta \u00ebsht\u00eb nj\u00eb burr\u00eb shteti, patriot dhe mbrojt\u00ebs i paepur i interesit komb\u00ebtar, mik i imi dhe i familjes time dhe q\u00eb kurr\u00eb, n\u00eb asnj\u00eb rrethan\u00eb dhe n\u00eb asnj\u00eb moment, nuk ka lidhje me akuzat politike t\u00eb fabrikuara kund\u00ebr tij duke keqp\u00ebrdorur emrin tim.<\/p>\n","protected":false},"excerpt":{"rendered":"<p>Sulejman Rexhepi Shpifjet ordinere t\u00eb publikuara nga gazeta \u201cTema\u201d e Mero Bazes dhe portalet e tjera t\u00eb \u201cRilindjes\u201d n\u00eb Shqip\u00ebri nuk kan\u00eb asnj\u00eb lidhje me emrin tim dhe me Presidentin Ilir Meta dhe as nuk jan\u00eb shkruar nga un\u00eb. Kurr\u00eb nuk kam b\u00ebr\u00eb nj\u00eb akuz\u00eb kaq ordinere ndaj Presidentit Ilir Meta, p\u00ebrkundrazi u q\u00ebndroj t\u00eb &hellip;<\/p>\n","protected":false},"author":3,"featured_media":0,"comment_status":"closed","ping_status":"closed","sticky":false,"template":"","format":"standard","meta":{"footnotes":""},"categories":[37],"tags":[],"class_list":["post-88984","post","type-post","status-publish","format-standard","","category-politike"],"_links":{"self":[{"href":"https:\/\/rdnews.al\/index.php\/wp-json\/wp\/v2\/posts\/88984","targetHints":{"allow":["GET"]}}],"collection":[{"href":"https:\/\/rdnews.al\/index.php\/wp-json\/wp\/v2\/posts"}],"about":[{"href":"https:\/\/rdnews.al\/index.php\/wp-json\/wp\/v2\/types\/post"}],"author":[{"embeddable":true,"href":"https:\/\/rdnews.al\/index.php\/wp-json\/wp\/v2\/users\/3"}],"replies":[{"embeddable":true,"href":"https:\/\/rdnews.al\/index.php\/wp-json\/wp\/v2\/comments?post=88984"}],"version-history":[{"count":0,"href":"https:\/\/rdnews.al\/index.php\/wp-json\/wp\/v2\/posts\/88984\/revisions"}],"wp:attachment":[{"href":"https:\/\/rdnews.al\/index.php\/wp-json\/wp\/v2\/media?parent=88984"}],"wp:term":[{"taxonomy":"category","embeddable":true,"href":"https:\/\/rdnews.al\/index.php\/wp-json\/wp\/v2\/categories?post=88984"},{"taxonomy":"post_tag","embeddable":true,"href":"https:\/\/rdnews.al\/index.php\/wp-json\/wp\/v2\/tags?post=88984"}],"curies":[{"name":"wp","href":"https:\/\/api.w.org\/{rel}","templated":true}]}}