{"id":89108,"date":"2024-09-14T20:06:24","date_gmt":"2024-09-14T20:06:24","guid":{"rendered":"https:\/\/rdnews.al\/?p=89108"},"modified":"2024-09-14T20:06:24","modified_gmt":"2024-09-14T20:06:24","slug":"berisha-vlereson-gazetarin-gjerman-sot-kushdo-qe-takon-ramen-e-di-se-puthet-me-nje-narkodiktator","status":"publish","type":"post","link":"https:\/\/rdnews.al\/index.php\/2024\/09\/14\/berisha-vlereson-gazetarin-gjerman-sot-kushdo-qe-takon-ramen-e-di-se-puthet-me-nje-narkodiktator\/","title":{"rendered":"Berisha vler\u00ebson gazetarin gjerman: Sot kushdo q\u00eb takon Ram\u00ebn e di se puthet me nj\u00eb narkodiktator"},"content":{"rendered":"<p><strong>Sali BERISHA<\/strong><\/p>\n<p>Walter Meyer, ky publicist, nd\u00ebr m\u00eb t\u00eb\u00a0 njohurit e Europ\u00ebs, i b\u00ebri portretin Edi Ram\u00ebs ashtu si\u00e7 e ka, themeluesi i narkoshtetit t\u00eb par\u00eb dhe t\u00eb vet\u00ebm n\u00eb Europ\u00eb.<\/p>\n<p>Olsi Ram\u00ebn, t\u00eb lidhur k\u00ebmb\u00eb e xhep me drog\u00ebn, korrupsionin q\u00eb ngrihet direkt te Edi Rama, vjedhjet, vjedhjet, vjedhjet.<\/p>\n<p>Kontrollin total t\u00eb drejt\u00ebsis\u00eb s\u00eb reform\u00ebs s\u00eb Xhorxh Sorosit.<\/p>\n<p>Farsat e tij elektorale.<\/p>\n<p>Miq, ndokush mund t\u00eb thot\u00eb se ky \u00ebsht\u00eb nj\u00eb artikull. Po, por ky \u00ebsht\u00eb nj\u00eb artikull themelor i nj\u00eb publicisti me reputacion europian dhe bot\u00ebror.<\/p>\n<p>Dhe sot e tutje, cilido q\u00eb i jep dor\u00ebn Edi Ram\u00ebs, cilido q\u00eb p\u00ebrqafohet, e di se i jep dor\u00ebn nj\u00eb zyrtari t\u00eb korruptuar kok\u00eb e k\u00ebmb\u00eb.<\/p>\n<p>E di se i jep dor\u00ebn nj\u00eb kryeministri t\u00eb lidhur kok\u00eb e k\u00ebmb\u00eb me krimin.<\/p>\n<p>E di se p\u00ebrqafohet dhe puthet me nj\u00eb narkodiktator dhe kjo nuk \u00ebsht\u00eb pak.<\/p>\n<p>Duhet t\u2019i shpreh mir\u00ebnjohje shtypit t\u00eb lir\u00eb, t\u00eb cilin Edi Rama ishte p\u00ebrpjekur ta intimidonte.<\/p>\n<p>Por miq, t\u00eb gjitha k\u00ebto jan\u00eb zhvillime pozitive n\u00eb drejtimin e duhur.<\/p>\n<p>Por u garantoj se \u00e7do qytetar gjerman q\u00eb lexon artikull.<\/p>\n<p>\u00c7do qytetar shqiptar q\u00eb lexon at\u00eb artikull.<\/p>\n<p>T\u00eb gjith\u00eb ata q\u00eb lexojn\u00eb deklarat\u00ebn e Sarrazinit, shtrojn\u00eb vet\u00ebm nj\u00eb pyetje:<\/p>\n<p>Mir\u00eb se burr\u00ebshtetasit e tjer\u00eb e p\u00ebrkrahkan Edi Ram\u00ebn si jesmen, si njeri q\u00eb b\u00ebn \u00e7far\u00eb i thon\u00eb, por q\u00eb shet pasurin\u00eb publike p\u00ebr njer\u00ebzit e vet, q\u00eb nuk ndjek asnj\u00eb kod, asnj\u00eb ligj, asnj\u00eb moral, pyetja shtrohet, po shqiptar\u00ebt \u00e7far\u00eb b\u00ebjn\u00eb?<\/p>\n<p>Pyetja shtrohet: e kujt \u00ebsht\u00eb p\u00ebrgjegj\u00ebsia?<\/p>\n<p>P\u00ebrgjegj\u00ebsia miq \u00ebsht\u00eb e jona, e jona dhe vet\u00ebm e jona.<\/p>\n<p>P\u00ebrgjegj\u00ebsia \u00ebsht\u00eb e guximtar\u00ebve.<\/p>\n<p>Vet\u00ebm guximtar\u00ebt b\u00ebjn\u00eb historin\u00eb.<\/p>\n<p>Vet\u00ebm guximtar\u00ebt firmosin fitore.<\/p>\n<p>Vet\u00ebm guximtar\u00ebt meritojn\u00eb fitore.<\/p>\n<p>Vet\u00ebm guximtar\u00ebt mbrojn\u00eb dinjitetin dhe lirin\u00eb e njeriut.<\/p>\n<p>Vet\u00ebm guximtar\u00ebt mbrojn\u00eb interesin komb\u00ebtar.<\/p>\n<p>Vet\u00ebm guximtar\u00ebt do krijojn\u00eb qeverin\u00eb teknike.<\/p>\n<p>Vet\u00ebm guximtar\u00ebt do u rikthejn\u00eb shqiptar\u00ebve vot\u00ebn e lir\u00eb.<\/p>\n<p>Vet\u00ebm guximtar\u00ebt do firmosin ndryshimin e pushtetit.<\/p>\n<p>Vet\u00ebm guximtar\u00ebt do firmosin fitoren e opozit\u00ebs.<\/p>\n<p>Duke p\u00ebrsh\u00ebndetur t\u00eb gjith\u00eb ata q\u00eb protestuan tek bashkia, ftoj qytetar\u00ebt t\u00eb nisim betej\u00ebn e madhe, betej\u00ebn e pandalshme, betej\u00ebn pa kthim p\u00ebr qeverin\u00eb teknike, vot\u00eb t\u00eb lir\u00eb.<\/p>\n<p>Rrofshi ju, rroft\u00eb Shqip\u00ebria.<\/p>\n<p>Fitore, fitore, fitore!<\/p>\n","protected":false},"excerpt":{"rendered":"<p>Sali BERISHA Walter Meyer, ky publicist, nd\u00ebr m\u00eb t\u00eb\u00a0 njohurit e Europ\u00ebs, i b\u00ebri portretin Edi Ram\u00ebs ashtu si\u00e7 e ka, themeluesi i narkoshtetit t\u00eb par\u00eb dhe t\u00eb vet\u00ebm n\u00eb Europ\u00eb. Olsi Ram\u00ebn, t\u00eb lidhur k\u00ebmb\u00eb e xhep me drog\u00ebn, korrupsionin q\u00eb ngrihet direkt te Edi Rama, vjedhjet, vjedhjet, vjedhjet. Kontrollin total t\u00eb drejt\u00ebsis\u00eb s\u00eb &hellip;<\/p>\n","protected":false},"author":3,"featured_media":89109,"comment_status":"closed","ping_status":"closed","sticky":false,"template":"","format":"standard","meta":{"footnotes":""},"categories":[37],"tags":[],"class_list":["post-89108","post","type-post","status-publish","format-standard","has-post-thumbnail","","category-politike"],"_links":{"self":[{"href":"https:\/\/rdnews.al\/index.php\/wp-json\/wp\/v2\/posts\/89108","targetHints":{"allow":["GET"]}}],"collection":[{"href":"https:\/\/rdnews.al\/index.php\/wp-json\/wp\/v2\/posts"}],"about":[{"href":"https:\/\/rdnews.al\/index.php\/wp-json\/wp\/v2\/types\/post"}],"author":[{"embeddable":true,"href":"https:\/\/rdnews.al\/index.php\/wp-json\/wp\/v2\/users\/3"}],"replies":[{"embeddable":true,"href":"https:\/\/rdnews.al\/index.php\/wp-json\/wp\/v2\/comments?post=89108"}],"version-history":[{"count":0,"href":"https:\/\/rdnews.al\/index.php\/wp-json\/wp\/v2\/posts\/89108\/revisions"}],"wp:featuredmedia":[{"embeddable":true,"href":"https:\/\/rdnews.al\/index.php\/wp-json\/wp\/v2\/media\/89109"}],"wp:attachment":[{"href":"https:\/\/rdnews.al\/index.php\/wp-json\/wp\/v2\/media?parent=89108"}],"wp:term":[{"taxonomy":"category","embeddable":true,"href":"https:\/\/rdnews.al\/index.php\/wp-json\/wp\/v2\/categories?post=89108"},{"taxonomy":"post_tag","embeddable":true,"href":"https:\/\/rdnews.al\/index.php\/wp-json\/wp\/v2\/tags?post=89108"}],"curies":[{"name":"wp","href":"https:\/\/api.w.org\/{rel}","templated":true}]}}