{"id":89134,"date":"2024-09-15T18:46:42","date_gmt":"2024-09-15T18:46:42","guid":{"rendered":"https:\/\/rdnews.al\/?p=89134"},"modified":"2024-09-15T18:46:42","modified_gmt":"2024-09-15T18:46:42","slug":"bardhi-takon-demokratet-e-lushnjes-eshte-ne-doren-tone-qe-tu-fitojme-besimin-qytetareve","status":"publish","type":"post","link":"https:\/\/rdnews.al\/index.php\/2024\/09\/15\/bardhi-takon-demokratet-e-lushnjes-eshte-ne-doren-tone-qe-tu-fitojme-besimin-qytetareve\/","title":{"rendered":"Bardhi takon demokrat\u00ebt e Lushnj\u00ebs: \u00cbsht\u00eb n\u00eb dor\u00ebn ton\u00eb q\u00eb t\u2019u fitojm\u00eb besimin qytetar\u00ebve"},"content":{"rendered":"<p>Kreu i grupit parlamentar t\u00eb PD-s\u00eb, Gazment Bardhi vijon takimet si drejtues politik i PD-s\u00eb n\u00eb Fier, teksa ka zhvilluar nj\u00eb takim me demokrat\u00ebt e Lushnj\u00ebs.<\/p>\n<p>N\u00eb nj\u00eb postim n\u00eb rrjetet sociale, Bardhi shkruan se u ka ritheksuar se sipas tij, qytetar\u00ebt e ndersh\u00ebm i kan\u00eb syt\u00eb nga opozita dhe PD-ja, teksa \u00ebsht\u00eb n\u00eb dor\u00eb t\u00eb tyre q\u00eb t\u00eb fitojn\u00eb besimin e qytetar\u00ebve dhe t\u00eb b\u00ebjn\u00eb realitet ndryshimin e shum\u00ebpritur.<\/p>\n<p>Ai shton m\u00eb tej se ka gjetur gadishm\u00ebrin\u00eb p\u00ebr t\u00eb b\u00ebr\u00eb m\u00eb t\u00eb mir\u00ebn, t\u00eb gjith\u00eb s\u00ebbashku, gjat\u00eb k\u00ebtij rrug\u00ebtimi transformues p\u00ebr Lushnjen dhe Shqip\u00ebrin\u00eb. Po ashtu, Bardhi vijon edhe me akuzat ndaj Qeveris\u00eb, teksa fokusin e ka v\u00ebn\u00eb tek sektori i bujq\u00ebsis\u00eb.<\/p>\n<p>T\u00eb oranish\u00ebm n\u00eb takim kan\u00eb qen\u00eb dhe Sekretari i P\u00ebrgjithsh\u00ebm i PD-s\u00eb, Flamur Noka, deputeti i zon\u00ebs Saimir Korreshi, si dhe kryetari i deg\u00ebs Eduart Sharka.<\/p>\n<p><strong>Postimi Gazment Bardhit<\/strong><\/p>\n<div class=\"jnews_inline_related_post_wrapper left\">\n<div class=\"jnews_inline_related_post\">\n<div class=\"jeg_postblock_29 jeg_postblock jeg_module_hook jeg_pagination_disable jeg_col_2o3 jnews_module_1439514_1_66e722453b8ff   \" data-unique=\"jnews_module_1439514_1_66e722453b8ff\">\n<div class=\"jeg_block_heading jeg_block_heading_6 jeg_subcat_right\"><\/div>\n<div class=\"jeg_block_navigation\">N\u00eb Lushnje ku vijuam takimin prezantues me strukturat drejtuese t\u00eb deg\u00ebs, ritheksova se qytetar\u00ebt e ndersh\u00ebm t\u00eb Shqip\u00ebris\u00eb i kan\u00eb syt\u00eb nga Partia Demokratike dhe opozita. \u00cbsht\u00eb n\u00eb dor\u00ebn ton\u00eb t\u00eb fitojm\u00eb besimin e tyre dhe t\u00eb b\u00ebjm\u00eb realitet ndryshimin e shum\u00ebpritur. Gjeta si gjithmon\u00eb nga strukturat drejtuese t\u00eb Deg\u00ebs gadishm\u00ebrin\u00eb p\u00ebr t\u00eb b\u00ebr\u00eb m\u00eb t\u00eb mir\u00ebn, t\u00eb gjith\u00eb s\u00ebbashku, gjat\u00eb k\u00ebtij rrug\u00ebtimi transformues p\u00ebr Lushnjen dhe Shqip\u00ebrin\u00eb.<\/div>\n<\/div>\n<\/div>\n<\/div>\n<p>12 vjet jan\u00eb mjaftuesh\u00ebm p\u00ebr t\u00eb kuptuar n\u00ebse nj\u00eb qeveri punon p\u00ebr veten apo p\u00ebr qytetar\u00ebt. Tashm\u00eb \u00ebsht\u00eb e provuar se qeveria e Edi Ram\u00ebs po pasuron veten dhe po varf\u00ebron shqiptar\u00ebt! Mjafton t\u00eb shohim vet\u00ebm sjelljen e Edi Ram\u00ebs ndaj sektorit t\u00eb bujq\u00ebsis\u00eb, q\u00eb \u00ebsht\u00eb e vetmja mund\u00ebsi jetese edhe p\u00ebr mij\u00ebra familje n\u00eb Bashkin\u00eb Lushnje, p\u00ebr t\u00eb v\u00ebrtetuar nevoj\u00ebn ul\u00ebrit\u00ebse p\u00ebr ndryshim. Nj\u00eb Qeveri q\u00eb ka braktisur qytetarin e zakonsh\u00ebm, duhet braktisur p\u00ebrgjithmon\u00eb!<\/p>\n<p><img loading=\"lazy\" decoding=\"async\" class=\"alignnone size-medium wp-image-1439518\" src=\"https:\/\/boldnews.al\/wp-content\/uploads\/2024\/09\/459902616_927178669428963_1842757095366122129_n-640x453.jpg\" sizes=\"auto, (max-width: 640px) 100vw, 640px\" srcset=\"https:\/\/boldnews.al\/wp-content\/uploads\/2024\/09\/459902616_927178669428963_1842757095366122129_n-640x453.jpg 640w, https:\/\/boldnews.al\/wp-content\/uploads\/2024\/09\/459902616_927178669428963_1842757095366122129_n-1280x906.jpg 1280w, https:\/\/boldnews.al\/wp-content\/uploads\/2024\/09\/459902616_927178669428963_1842757095366122129_n-1024x725.jpg 1024w, https:\/\/boldnews.al\/wp-content\/uploads\/2024\/09\/459902616_927178669428963_1842757095366122129_n-1536x1088.jpg 1536w, https:\/\/boldnews.al\/wp-content\/uploads\/2024\/09\/459902616_927178669428963_1842757095366122129_n-120x86.jpg 120w, https:\/\/boldnews.al\/wp-content\/uploads\/2024\/09\/459902616_927178669428963_1842757095366122129_n-750x531.jpg 750w, https:\/\/boldnews.al\/wp-content\/uploads\/2024\/09\/459902616_927178669428963_1842757095366122129_n-1140x807.jpg 1140w, https:\/\/boldnews.al\/wp-content\/uploads\/2024\/09\/459902616_927178669428963_1842757095366122129_n.jpg 2048w\" alt=\"\" width=\"640\" height=\"453\" data-pin-no-hover=\"true\" \/><\/p>\n<div class=\"jeg_post_tags\"><\/div>\n","protected":false},"excerpt":{"rendered":"<p>Kreu i grupit parlamentar t\u00eb PD-s\u00eb, Gazment Bardhi vijon takimet si drejtues politik i PD-s\u00eb n\u00eb Fier, teksa ka zhvilluar nj\u00eb takim me demokrat\u00ebt e Lushnj\u00ebs. N\u00eb nj\u00eb postim n\u00eb rrjetet sociale, Bardhi shkruan se u ka ritheksuar se sipas tij, qytetar\u00ebt e ndersh\u00ebm i kan\u00eb syt\u00eb nga opozita dhe PD-ja, teksa \u00ebsht\u00eb n\u00eb dor\u00eb &hellip;<\/p>\n","protected":false},"author":4,"featured_media":89135,"comment_status":"closed","ping_status":"closed","sticky":false,"template":"","format":"standard","meta":{"footnotes":""},"categories":[37],"tags":[],"class_list":["post-89134","post","type-post","status-publish","format-standard","has-post-thumbnail","","category-politike"],"_links":{"self":[{"href":"https:\/\/rdnews.al\/index.php\/wp-json\/wp\/v2\/posts\/89134","targetHints":{"allow":["GET"]}}],"collection":[{"href":"https:\/\/rdnews.al\/index.php\/wp-json\/wp\/v2\/posts"}],"about":[{"href":"https:\/\/rdnews.al\/index.php\/wp-json\/wp\/v2\/types\/post"}],"author":[{"embeddable":true,"href":"https:\/\/rdnews.al\/index.php\/wp-json\/wp\/v2\/users\/4"}],"replies":[{"embeddable":true,"href":"https:\/\/rdnews.al\/index.php\/wp-json\/wp\/v2\/comments?post=89134"}],"version-history":[{"count":0,"href":"https:\/\/rdnews.al\/index.php\/wp-json\/wp\/v2\/posts\/89134\/revisions"}],"wp:featuredmedia":[{"embeddable":true,"href":"https:\/\/rdnews.al\/index.php\/wp-json\/wp\/v2\/media\/89135"}],"wp:attachment":[{"href":"https:\/\/rdnews.al\/index.php\/wp-json\/wp\/v2\/media?parent=89134"}],"wp:term":[{"taxonomy":"category","embeddable":true,"href":"https:\/\/rdnews.al\/index.php\/wp-json\/wp\/v2\/categories?post=89134"},{"taxonomy":"post_tag","embeddable":true,"href":"https:\/\/rdnews.al\/index.php\/wp-json\/wp\/v2\/tags?post=89134"}],"curies":[{"name":"wp","href":"https:\/\/api.w.org\/{rel}","templated":true}]}}