{"id":89137,"date":"2024-09-15T18:51:40","date_gmt":"2024-09-15T18:51:40","guid":{"rendered":"https:\/\/rdnews.al\/?p=89137"},"modified":"2024-09-15T18:51:40","modified_gmt":"2024-09-15T18:51:40","slug":"paloka-as-me-i-ulti-sdo-e-vinte-fytyren-ne-nje-palacollik-te-tille","status":"publish","type":"post","link":"https:\/\/rdnews.al\/index.php\/2024\/09\/15\/paloka-as-me-i-ulti-sdo-e-vinte-fytyren-ne-nje-palacollik-te-tille\/","title":{"rendered":"Paloka: As m\u00eb i ulti s\u2019do e vinte fytyr\u00ebn n\u00eb nj\u00eb pala\u00e7ollik t\u00eb till\u00eb"},"content":{"rendered":"<p>Kryetari i K\u00ebshillit Komb\u00ebtar t\u00eb Partis\u00eb Demokratike, Edi Paloka, ka reaguar me nj\u00eb postim n\u00eb Facebook p\u00ebr akuz\u00ebn politike t\u00eb urdh\u00ebruar nga Rama, prej 500 faqesh q\u00eb i \u00ebsht\u00eb b\u00ebr\u00eb liderit t\u00eb opozit\u00ebs, Sali Berisha.<\/p>\n<p>Paloka shprehet se e ka t\u00eb v\u00ebshtir\u00eb t\u00eb besoj\u00eb q\u00eb edhe sot ka njer\u00ebz q\u00eb pranojn\u00eb t\u00eb p\u00ebrdoren kaq trash\u00eb e n\u00eb m\u00ebnyr\u00eb kaq t\u00eb f\u00eblliqur si k\u00ebta t\u00eb \u201cdrejt\u00ebsis\u00eb s\u00eb re\u201d.<\/p>\n<p>\u201cK\u00ebta ose jan\u00eb nga raca e shpifur e Rama-Veliajt ose jan\u00eb t\u00eb kapur me dosje t\u00eb zeza nga e shkuara e tyre q\u00eb pranojn\u00eb t\u00eb p\u00ebrdoren n\u00eb m\u00ebnyr\u00eb kaq posht\u00ebruese sepse n\u00eb kushte normale as me i ulti nga qeniet njerzore nuk do e vinte fytyr\u00ebn e tij n\u00eb nj\u00eb pala\u00e7ollik t\u00eb till\u00eb\u201d, shkruan Paloka.<\/p>\n<p><strong>Reagimi i plot\u00eb<\/strong><\/p>\n<p>Dosja 500 faqe \u201ce korrupsionit\u201d t\u00eb Berish\u00ebs\u2026!!!<\/p>\n<p>Q\u00eb k\u00ebtu fillon propaganda e f\u00eblliqur \u201c500 faqe dosje\u201d.<\/p>\n<p>Po kur e lexon\u2026<\/p>\n<p>E kam t\u00eb v\u00ebshtir\u00eb t\u00eb besoj q\u00eb edhe sot ka njer\u00ebz q\u00eb pranojn\u00eb t\u00eb p\u00ebrdoren kaq trash\u00eb e n\u00eb m\u00ebnyr\u00eb kaq t\u00eb f\u00eblliqur si k\u00ebta t\u00eb \u201cdrejt\u00ebsis\u00eb s\u00eb re\u201d ?!!!<\/p>\n<p>K\u00ebta ose jan\u00eb nga raca e shpifur e Rama-Veliajt ose jan\u00eb t\u00eb kapur me dosje t\u00eb zeza nga e shkuara e tyre q\u00eb pranojn\u00eb t\u00eb p\u00ebrdoren n\u00eb m\u00ebnyr\u00eb kaq posht\u00ebruese sepse n\u00eb kushte normale as me i ulti nga qeniet njerzore nuk do e vinte fytyr\u00ebn e tij n\u00eb nj\u00eb pala\u00e7ollik t\u00eb till\u00eb!<\/p>\n<p>Edhe Sigurimi i Shtetit dhe prokuroria e diktatur\u00ebs, ishin me pak qesharak\u00eb kur ngrinin akuza p\u00ebr \u201carmiqt\u00eb e Partis\u00eb\u201d.<\/p>\n<p>K\u00ebta t\u00eb drejt\u00ebsis\u00eb s\u00eb Rames, po ta kishin akuzuar Berish\u00ebn p\u00ebr vrasjen e Kenedit do ishin m\u00eb t\u00eb besueshem se sa kjo letyra prej 500 faqesh\u2026<\/p>\n<p><iframe loading=\"lazy\" src=\"https:\/\/www.facebook.com\/plugins\/post.php?href=https%3A%2F%2Fwww.facebook.com%2Fpermalink.php%3Fstory_fbid%3Dpfbid0qHuF3seGgXyEHCEhYVRryooqsYRT8y43zMtHnVgfVRvcP4krbJLWB7hv9YfDSVMJl%26id%3D100008639860309&amp;show_text=true&amp;width=500\" width=\"500\" height=\"598\" frameborder=\"0\" scrolling=\"no\" allowfullscreen=\"allowfullscreen\" data-mce-fragment=\"1\"><\/iframe><\/p>\n","protected":false},"excerpt":{"rendered":"<p>Kryetari i K\u00ebshillit Komb\u00ebtar t\u00eb Partis\u00eb Demokratike, Edi Paloka, ka reaguar me nj\u00eb postim n\u00eb Facebook p\u00ebr akuz\u00ebn politike t\u00eb urdh\u00ebruar nga Rama, prej 500 faqesh q\u00eb i \u00ebsht\u00eb b\u00ebr\u00eb liderit t\u00eb opozit\u00ebs, Sali Berisha. Paloka shprehet se e ka t\u00eb v\u00ebshtir\u00eb t\u00eb besoj\u00eb q\u00eb edhe sot ka njer\u00ebz q\u00eb pranojn\u00eb t\u00eb p\u00ebrdoren kaq trash\u00eb &hellip;<\/p>\n","protected":false},"author":4,"featured_media":89138,"comment_status":"closed","ping_status":"closed","sticky":false,"template":"","format":"standard","meta":{"footnotes":""},"categories":[37],"tags":[],"class_list":["post-89137","post","type-post","status-publish","format-standard","has-post-thumbnail","","category-politike"],"_links":{"self":[{"href":"https:\/\/rdnews.al\/index.php\/wp-json\/wp\/v2\/posts\/89137","targetHints":{"allow":["GET"]}}],"collection":[{"href":"https:\/\/rdnews.al\/index.php\/wp-json\/wp\/v2\/posts"}],"about":[{"href":"https:\/\/rdnews.al\/index.php\/wp-json\/wp\/v2\/types\/post"}],"author":[{"embeddable":true,"href":"https:\/\/rdnews.al\/index.php\/wp-json\/wp\/v2\/users\/4"}],"replies":[{"embeddable":true,"href":"https:\/\/rdnews.al\/index.php\/wp-json\/wp\/v2\/comments?post=89137"}],"version-history":[{"count":0,"href":"https:\/\/rdnews.al\/index.php\/wp-json\/wp\/v2\/posts\/89137\/revisions"}],"wp:featuredmedia":[{"embeddable":true,"href":"https:\/\/rdnews.al\/index.php\/wp-json\/wp\/v2\/media\/89138"}],"wp:attachment":[{"href":"https:\/\/rdnews.al\/index.php\/wp-json\/wp\/v2\/media?parent=89137"}],"wp:term":[{"taxonomy":"category","embeddable":true,"href":"https:\/\/rdnews.al\/index.php\/wp-json\/wp\/v2\/categories?post=89137"},{"taxonomy":"post_tag","embeddable":true,"href":"https:\/\/rdnews.al\/index.php\/wp-json\/wp\/v2\/tags?post=89137"}],"curies":[{"name":"wp","href":"https:\/\/api.w.org\/{rel}","templated":true}]}}