{"id":89165,"date":"2024-09-15T20:08:40","date_gmt":"2024-09-15T20:08:40","guid":{"rendered":"https:\/\/rdnews.al\/?p=89165"},"modified":"2024-09-15T20:08:40","modified_gmt":"2024-09-15T20:08:40","slug":"corriere-della-sera-turistet-u-bombarduan-me-cmime-te-dyfishuara-ne-jug-te-shqiperise","status":"publish","type":"post","link":"https:\/\/rdnews.al\/index.php\/2024\/09\/15\/corriere-della-sera-turistet-u-bombarduan-me-cmime-te-dyfishuara-ne-jug-te-shqiperise\/","title":{"rendered":"&#8220;Corriere della Sera&#8221;: Turist\u00ebt u bombarduan me \u00e7mime t\u00eb dyfishuara n\u00eb Jug t\u00eb Shqip\u00ebris\u00eb"},"content":{"rendered":"<p>&#8220;Shqip\u00ebria mbylli sezonin veror me nj\u00eb tjet\u00ebr rekord turist\u00ebsh t\u00eb huaj, sidomos ne plazhet e jugut t\u00eb vendit. Por rritja e ndjeshme e \u00e7mimeve t\u00eb sh\u00ebrbimeve t\u00eb ofruara n\u00eb disa zona, deri n\u00eb 90% krahasuar me nj\u00eb vit m\u00eb par\u00eb ka pasur shum\u00eb pasoja n\u00eb koh\u00ebzgjatjen e q\u00ebndrimit, shpenzimet e p\u00ebrgjithshme n\u00eb vendet e zgjedhura p\u00ebr pushime.<\/p>\n<p>Aq e madhe ishte rritja sa nj\u00eb person i brendsh\u00ebm flet p\u00ebr rrezikun e b\u00ebrjes s\u00eb \u201ct\u00eb nj\u00ebjtave gabime pas Covid-it si Italia, Kroacia dhe Greqia\u201d, kur \u00e7mimet u rrit\u00ebn shum\u00eb m\u00eb tep\u00ebr se norma e inflacionit, duke dekurajuar mij\u00ebra turist\u00eb\u201d<em> \u2013<\/em>\u00a0shkruan Corriere q\u00eb ka nd\u00ebrthurur t\u00eb dh\u00ebnat zyrtare, numrat e operator\u00ebve n\u00eb sektor dhe ata t\u00eb mbledhur prej saj.<\/p>\n<p>Gazeta shkruan se ndikim p\u00ebr numrin e turist\u00ebve t\u00eb huaj ka pasur \u201cbumi\u201d i fluturimeve me kosto t\u00eb ul\u00ebt, fal\u00eb Wizz Air dhe Ryanair q\u00eb ka \u201cvjedhur\u201d pasagjer\u00ebt e trageteve mes Italis\u00eb dhe Durr\u00ebsit.<em>\u00a0\u201cN\u00ebse n\u00eb periudh\u00ebn qershor-gusht udh\u00ebtar\u00ebt e trageteve ishin pak m\u00eb pak se ata t\u00eb nj\u00eb viti m\u00eb par\u00eb, 3.5 milion\u00eb pasagjer\u00eb kaluan nga aeroporti nd\u00ebrkomb\u00ebtar i Tiran\u00ebs, 45.8% m\u00eb shum\u00eb se tremujori i 2023\u201d.<\/em><\/p>\n<p><em>Nga k\u00ebta, 1,35 milion\u00eb njer\u00ebz fluturuan nd\u00ebrmjet Italis\u00eb dhe Shqip\u00ebris\u00eb me nj\u00eb rritje prej 47% krahasuar me nj\u00eb vit m\u00eb par\u00eb. Nga 1 janari deri m\u00eb 10 shtator kemi pasur 7,6 milion\u00eb pasagjer\u00eb. Tashm\u00eb i kemi tejkaluar shifrat p\u00ebr t\u00eb gjith\u00eb vitin 2023 dhe presim ta mbyllim vitin me 10,5 milion\u00eb pasagjer\u00eb\u201d, \u2013<\/em>\u00a0shpjegon p\u00ebr Corriere,\u00a0<strong>Piervittorio Farabbi<\/strong>, shefi operativ dhe menaxher p\u00ebrgjegj\u00ebs i aeroportit shqiptar.<\/p>\n<p>Gazeta italiane v\u00ebren se n\u00eb \u201cvendin e shqiponjave\u201d ishin t\u00eb shumt\u00eb turist\u00ebt q\u00eb u gjend\u00ebn p\u00ebrgjat\u00eb brigjeve t\u00eb jugut t\u00eb bombarduar nga \u00e7mimet q\u00eb sipas disave ishin t\u00eb barabarta me ato italiane, me rritje q\u00eb varionin nga 5 deri n\u00eb 90%, ve\u00e7an\u00ebrisht n\u00eb qytetet e Ksamilit, Sarand\u00ebs, Vlor\u00ebs, Himar\u00ebs, Dh\u00ebrmiut, Velipoj\u00ebs, zona t\u00eb \u201cpushtuara\u201d nga italian\u00ebt qysh n\u00eb vitin 2023.<\/p>\n<p><em>\u201cKjo ka zem\u00ebruar vet\u00eb shqiptar\u00ebt t\u00eb cil\u00ebt e gjet\u00ebn veten t\u00eb bombarduar nga \u00e7mime t\u00eb papara p\u00ebr nj\u00eb \u00e7ad\u00ebr, nj\u00eb drek\u00eb apo nj\u00eb dhom\u00eb hoteli. Kjo e shtyu edhe kryeministrin Edi Rama t\u00eb ngrej\u00eb z\u00ebrin n\u00eb korrik, citon lapsi.al. \u201cN\u00eb jug po shohim nj\u00eb rritje absurde. Kjo \u00ebsht\u00eb vet\u00ebvrasje, rritja e \u00e7mimeve do t\u00eb ket\u00eb pasoja n\u00eb ver\u00ebn e vitit 2025. Dhe \u00ebsht\u00eb turp q\u00eb kjo po ndodh kur ne kemi hyr\u00eb n\u00eb Champions League t\u00eb turizmit mesdhetar\u201d<\/em>\u00a0\u2013 citon Corriere.<\/p>\n<p>Ekspert\u00ebt vendas q\u00eb kan\u00eb b\u00ebr\u00eb llogarit\u00eb kan\u00eb ngritur alarmin p\u00ebr at\u00eb q\u00eb ndodhi n\u00eb jug t\u00eb Shqip\u00ebris\u00eb. N\u00ebse \u00e7mimi minimal i dy shezlloneve dhe nj\u00eb \u00e7adre n\u00eb 2023 ishte 5 euro n\u00eb dit\u00eb, k\u00ebt\u00eb vit ishte 7 euro (+40%) me zona t\u00eb jugut ku shkonte \u00e7mimi shkonte 50-60 euro.<\/p>\n<p>Apartamentet e p\u00ebrballueshme, t\u00eb cilat vitin e kaluar kishin \u00e7mimin 25-30 euro, shkuan n\u00eb 40-45 euro n\u00eb periudh\u00ebn dymujore korrik-gusht dhe madje deri n\u00eb 100-120 euro. Pa folur p\u00ebr dhomat e hotelit q\u00eb arrit\u00ebn deri n\u00eb 500 euro.<\/p>\n<p>Pasoja e par\u00eb, ndon\u00ebse ende jo me shifra t\u00eb r\u00ebnd\u00ebsishme, u vu re n\u00eb korrik, kur sipas Ministris\u00eb s\u00eb Turizmit, n\u00eb Shqip\u00ebri hyn\u00eb 1.8 milion\u00eb turist\u00eb t\u00eb huaj, vet\u00ebm 2.7% m\u00eb shum\u00eb se n\u00eb korrik t\u00eb 2023, nj\u00eb shif\u00ebr mjaft m\u00eb e ul\u00ebt se +25% n\u00eb 6 muajt e par\u00eb t\u00eb vitit 2024. 2.2 milion\u00eb turist\u00eb t\u00eb tjer\u00eb mb\u00ebrrit\u00ebn n\u00eb gusht (duke i \u00e7uar 8 muajt e par\u00eb n\u00eb 8.5 milion\u00eb), 4.7% m\u00eb shum\u00eb se e nj\u00ebjti muaj n\u00eb 2023.<\/p>\n<p>Kjo edhe p\u00ebr shkak se \u00ebsht\u00eb zvog\u00ebluar edhe numri i kosovar\u00ebve q\u00eb k\u00ebt\u00eb vit fal\u00eb marr\u00ebveshjeve me BE-n\u00eb kan\u00eb filluar t\u00eb udh\u00ebtojn\u00eb m\u00eb shum\u00eb n\u00eb Evrop\u00eb pasi kan\u00eb frekuentuar Shqip\u00ebrin\u00eb prej vitesh. Ndaj u takonte italian\u00ebve t\u00eb kuptonin se, krahasuar me vitin 2023, pushimet p\u00ebrtej Adriatikut jan\u00eb b\u00ebr\u00eb m\u00eb t\u00eb shtrenjta n\u00eb Jug dhe k\u00ebshtu ata duket se jan\u00eb zhvendosur n\u00eb pjes\u00ebn tjet\u00ebr t\u00eb vendit.<\/p>\n<p><em>\u201cTurist\u00ebt nga Evropa Qendrore (Polonia, Sllovakia) k\u00ebt\u00eb vit preferuan plazhet e Durr\u00ebsit dhe Golemit. Vum\u00eb re nj\u00eb rritje t\u00eb ndjeshme t\u00eb vizitor\u00ebve q\u00eb shkojn\u00eb n\u00eb ekskursione n\u00eb k\u00ebmb\u00eb ose me bi\u00e7iklet\u00eb n\u00eb veri dhe n\u00eb p\u00ebrgjith\u00ebsi shum\u00eb shkojn\u00eb n\u00ebp\u00ebr t\u00eb gjith\u00eb vendin, jo vet\u00ebm n\u00eb jug\u201d<\/em>\u00a0\u2013 tregon Farabbi.<\/p>\n","protected":false},"excerpt":{"rendered":"<p>&#8220;Shqip\u00ebria mbylli sezonin veror me nj\u00eb tjet\u00ebr rekord turist\u00ebsh t\u00eb huaj, sidomos ne plazhet e jugut t\u00eb vendit. Por rritja e ndjeshme e \u00e7mimeve t\u00eb sh\u00ebrbimeve t\u00eb ofruara n\u00eb disa zona, deri n\u00eb 90% krahasuar me nj\u00eb vit m\u00eb par\u00eb ka pasur shum\u00eb pasoja n\u00eb koh\u00ebzgjatjen e q\u00ebndrimit, shpenzimet e p\u00ebrgjithshme n\u00eb vendet e zgjedhura &hellip;<\/p>\n","protected":false},"author":3,"featured_media":89166,"comment_status":"closed","ping_status":"closed","sticky":false,"template":"","format":"standard","meta":{"footnotes":""},"categories":[46],"tags":[],"class_list":["post-89165","post","type-post","status-publish","format-standard","has-post-thumbnail","","category-ekonomi"],"_links":{"self":[{"href":"https:\/\/rdnews.al\/index.php\/wp-json\/wp\/v2\/posts\/89165","targetHints":{"allow":["GET"]}}],"collection":[{"href":"https:\/\/rdnews.al\/index.php\/wp-json\/wp\/v2\/posts"}],"about":[{"href":"https:\/\/rdnews.al\/index.php\/wp-json\/wp\/v2\/types\/post"}],"author":[{"embeddable":true,"href":"https:\/\/rdnews.al\/index.php\/wp-json\/wp\/v2\/users\/3"}],"replies":[{"embeddable":true,"href":"https:\/\/rdnews.al\/index.php\/wp-json\/wp\/v2\/comments?post=89165"}],"version-history":[{"count":0,"href":"https:\/\/rdnews.al\/index.php\/wp-json\/wp\/v2\/posts\/89165\/revisions"}],"wp:featuredmedia":[{"embeddable":true,"href":"https:\/\/rdnews.al\/index.php\/wp-json\/wp\/v2\/media\/89166"}],"wp:attachment":[{"href":"https:\/\/rdnews.al\/index.php\/wp-json\/wp\/v2\/media?parent=89165"}],"wp:term":[{"taxonomy":"category","embeddable":true,"href":"https:\/\/rdnews.al\/index.php\/wp-json\/wp\/v2\/categories?post=89165"},{"taxonomy":"post_tag","embeddable":true,"href":"https:\/\/rdnews.al\/index.php\/wp-json\/wp\/v2\/tags?post=89165"}],"curies":[{"name":"wp","href":"https:\/\/api.w.org\/{rel}","templated":true}]}}