{"id":89177,"date":"2024-09-16T08:31:02","date_gmt":"2024-09-16T08:31:02","guid":{"rendered":"https:\/\/rdnews.al\/?p=89177"},"modified":"2024-09-16T09:02:06","modified_gmt":"2024-09-16T09:02:06","slug":"imazhi-i-shqiperise-si-nje-kosh-refugjatesh","status":"publish","type":"post","link":"https:\/\/rdnews.al\/index.php\/2024\/09\/16\/imazhi-i-shqiperise-si-nje-kosh-refugjatesh\/","title":{"rendered":"Shqip\u00ebria si kamp refugjat\u00ebsh\/ Kryeministri pranon se Britania mund t\u00eb d\u00ebrgoj\u00eb emigrant\u00eb n\u00eb Shqip\u00ebri"},"content":{"rendered":"<p>Ka b\u00ebr\u00eb\u00a0lajm\u00a0n\u00eb Britanin\u00eb e Madhe nj\u00eb deklarat\u00eb e kryeministrit Keir Starmer, q\u00eb sapo ka anuluar planin \u201cRuanda\u201d i hedh syt\u00eb nga Xhorxhia Meloni p\u00ebr t\u00eb b\u00ebr\u00eb di\u00e7ka t\u00eb ngjashme me planin \u201cShqip\u00ebria\u201d. I pyetur posa\u00e7\u00ebrisht p\u00ebr skem\u00ebn me t\u00eb cil\u00ebn Meloni po tenton t\u00eb shkarkoj\u00eb refugjat\u00ebt n\u00eb vendin ton\u00eb, Keir Starmer u p\u00ebrgjigj:\u00a0\u201cPo le ta shohim. \u00cbsht\u00eb ende her\u00ebt. Jam i interesuar p\u00ebr t\u00eb par\u00eb se si do t\u00eb funksionoj\u00eb. Mendoj se t\u00eb gjith\u00eb k\u00ebshtu jan\u00eb, por \u00ebsht\u00eb ende shum\u00eb shum\u00eb her\u00ebt\u201d.<\/p>\n<p>Britaniku konfirmon k\u00ebsisoj se mbetet i hapur p\u00ebr t\u2019i d\u00ebrguar refugjat\u00ebt drejt Shqip\u00ebris\u00eb, ku ata mbyllen n\u00ebp\u00ebr kampe, p\u00ebr t\u00eb shmangur mund\u00ebsin\u00eb e arratisjes dhe dep\u00ebrtimit ilegal n\u00eb BE.<\/p>\n<p>Kampet e izolimit t\u00eb refugjat\u00ebve afrikan\u00eb jan\u00eb n\u00eb mbarim e sip\u00ebr n\u00eb Sh\u00ebngjin dhe n\u00eb Gjad\u00ebr. Sipas paktit Rama-Meloni parashikohet q\u00eb refugjat\u00ebt t\u00eb q\u00ebndrojn\u00eb p\u00ebr rreth nj\u00eb muaj aty, koha q\u00eb nevojitet p\u00ebr kryerjen e procedurave t\u00eb vler\u00ebsimit t\u00eb k\u00ebrkes\u00ebs p\u00ebr azil. N\u00eb kampin e Gjadrit, q\u00eb do t\u00eb menaxhohet nga italian\u00ebt \u00ebsht\u00eb parashikuar t\u00eb strehohen jo m\u00eb shum\u00eb se 3 mij\u00eb refugjat\u00eb burra afrikan\u00eb n\u00eb t\u00eb nj\u00ebjt\u00ebn koh\u00eb.<\/p>\n<p>Duhet th\u00ebn\u00eb se ideja q\u00eb po josh lider\u00ebt europian\u00eb, p\u00ebr t\u2019i mbyllur emigrant\u00ebt afrikan\u00eb n\u00ebp\u00ebr kampet e Shqip\u00ebris\u00eb, bie n\u00eb kund\u00ebrshtim me premtimin e kryeministrit Edi Rama, sipas t\u00eb cilit marr\u00ebveshja me Italin\u00eb konsiderohet \u201c1 n\u00eb 100\u201d.<\/p>\n<p>K\u00ebshtu e quajti ai n\u00eb intervist\u00ebn p\u00ebr Financial Times, kur tregoi edhe ofert\u00ebn q\u00eb i b\u00ebri ish-kryeministri i Britanis\u00eb, Boris Johnson kur ishte n\u00eb detyr\u00eb.<\/p>\n<p>\u201cBoris Johnson m\u00eb telefonoi dhe m\u00eb tha, \u201cE komplimentoj udh\u00ebheqjen tuaj, le t\u00eb b\u00ebjm\u00eb di\u00e7ka s\u00eb bashku. Le t\u00eb kemi nj\u00eb marr\u00ebveshje q\u00eb Britania t\u00eb sjell\u00eb n\u00eb Shqip\u00ebri emigrant\u00ebt e paligjsh\u00ebm p\u00ebr t\u2019i mbajtur atje, p\u00ebr t\u2019i trajtuar\u201d. Un\u00eb thash\u00eb, \u201cM\u00eb falni, kjo nuk \u00ebsht\u00eb e mundur,\u201d\u00a0shpjegoi Rama p\u00ebr Financial Times.<\/p>\n<p>Por deklarata e Keir Starmer sh\u00ebrben p\u00ebr t\u00eb kuptuar edhe di\u00e7ka tjet\u00ebr.<\/p>\n<p>Qeveria shqiptare ka b\u00ebr\u00eb nj\u00eb propagand\u00eb t\u00eb shfrenuar p\u00ebr t\u00eb p\u00ebr\u00e7uar mesazhin se imazhi i Shqip\u00ebris\u00eb n\u00ebp\u00ebr bot\u00eb ka ndryshuar. Deputet\u00ebt socialist\u00eb e konsiderojn\u00eb nj\u00eb \u201cbrand\u201d t\u00eb v\u00ebrtet\u00eb t\u00eb imazhit t\u00eb Shqip\u00ebris\u00eb, kryeministrin Rama, q\u00eb gjithnj\u00eb t\u00ebrheq v\u00ebmendjen kur parakalon me atlete t\u00eb bardha n\u00eb takimet e nd\u00ebrkomb\u00ebtar\u00ebve.<\/p>\n<p>Konfidencat e Edi Ram\u00ebs me lider\u00ebve e BE-s\u00eb, samitet nd\u00ebrkomb\u00ebtare q\u00eb organizohen n\u00eb Tiran\u00eb, ftesat p\u00ebr t\u00eb diskutuar mbi tema globale jan\u00eb pjes\u00eb e nj\u00eb narrative q\u00eb tenton t\u00eb bind\u00eb se vendi yn\u00eb ka kapur nj\u00eb pozicion ky\u00e7 n\u00eb aren\u00ebn nd\u00ebrkomb\u00ebtare, tani q\u00eb p\u00ebr imazhin kujdeset qeveria e Ram\u00ebs.<\/p>\n<p>Por kur lider\u00ebt europian\u00eb i l\u00ebn\u00eb m\u00ebnjan\u00eb kortezit\u00eb dhe kalojn\u00eb n\u00eb terma konkret\u00eb, tabloja p\u00ebrmbyset. Shqip\u00ebria del t\u00eb jet\u00eb nj\u00eb venddepozitim emigrant\u00ebsh n\u00eb syt\u00eb e tyre. \u00c7\u00ebshtja katandiset n\u00ebse do gjendet ndonj\u00eb vend tjet\u00ebr t\u00eb Afrik\u00ebs q\u00eb do pranoj\u00eb refugjat\u00ebt pasi t\u00eb marr\u00eb ca para, apo t\u2019ia ngecin Shqip\u00ebris\u00eb. Th\u00ebn\u00eb k\u00ebt\u00eb, kuptohet pse Edi Rama ia lejon vetes t\u00eb p\u00ebrk\u00ebdhelet her\u00eb pas here nga \u201cmiqt\u00eb\u201d e tij n\u00eb samitet ku \u00ebsht\u00eb i ftuar rregullisht.<\/p>\n<p>Modeli q\u00eb propozon marr\u00ebveshja Rama-Meloni p\u00ebr trajtimin e refugjat\u00ebve \u00ebsht\u00eb kritikuar nga disa organizata nd\u00ebrkomb\u00ebtare p\u00ebr t\u00eb drejtat e njeriut. Mes tyre jan\u00eb Human Rights \u00ebatch dhe Amnesty International q\u00eb kan\u00eb ngritur shqet\u00ebsimin p\u00ebr shkeljen e t\u00eb drejtave t\u00eb refugjat\u00ebve, azilk\u00ebrkuesve dhe emigrant\u00ebve, \u201cp\u00ebrfshir\u00eb edhe izolimin arbitrar t\u00eb tyre\u201d\u00a0n\u00eb kampin e Gjadrit.<\/p>\n<p>Keir Starmer i konfirmoi gazetar\u00ebve se ka folur si me kancelarin gjerman Olaf Scholz, ashtu edhe me presidentin e Franc\u00ebs Emmanuel Macron p\u00ebr \u00e7\u00ebshtjen e azilk\u00ebrkuesve. Por kur \u00ebsht\u00eb konsultuar me Xhorxhia Melonin ai tha se \u201cAjo ka disa ide t\u00eb forta dhe shpresoj t\u2019i diskutoj k\u00ebto me t\u00eb. Ne kemi folur se si t\u2019i p\u00ebrmir\u00ebsojm\u00eb operacionet e p\u00ebrbashk\u00ebta, pra \u00ebsht\u00eb di\u00e7ka p\u00ebr t\u00eb cil\u00ebn do t\u00eb flasim\u201d.<a href=\"https:\/\/lapsi.al\/2024\/09\/15\/deklaratat-e-keir-starmer-imazhi-i-shqiperise-si-kosh-refugjatesh\/\" target=\"_blank\" rel=\"noopener\">\/Lapsi.al<\/a><\/p>\n","protected":false},"excerpt":{"rendered":"<p>Ka b\u00ebr\u00eb\u00a0lajm\u00a0n\u00eb Britanin\u00eb e Madhe nj\u00eb deklarat\u00eb e kryeministrit Keir Starmer, q\u00eb sapo ka anuluar planin \u201cRuanda\u201d i hedh syt\u00eb nga Xhorxhia Meloni p\u00ebr t\u00eb b\u00ebr\u00eb di\u00e7ka t\u00eb ngjashme me planin \u201cShqip\u00ebria\u201d. I pyetur posa\u00e7\u00ebrisht p\u00ebr skem\u00ebn me t\u00eb cil\u00ebn Meloni po tenton t\u00eb shkarkoj\u00eb refugjat\u00ebt n\u00eb vendin ton\u00eb, Keir Starmer u p\u00ebrgjigj:\u00a0\u201cPo le ta &hellip;<\/p>\n","protected":false},"author":4,"featured_media":89178,"comment_status":"closed","ping_status":"closed","sticky":false,"template":"","format":"standard","meta":{"footnotes":""},"categories":[37],"tags":[],"class_list":["post-89177","post","type-post","status-publish","format-standard","has-post-thumbnail","","category-politike"],"_links":{"self":[{"href":"https:\/\/rdnews.al\/index.php\/wp-json\/wp\/v2\/posts\/89177","targetHints":{"allow":["GET"]}}],"collection":[{"href":"https:\/\/rdnews.al\/index.php\/wp-json\/wp\/v2\/posts"}],"about":[{"href":"https:\/\/rdnews.al\/index.php\/wp-json\/wp\/v2\/types\/post"}],"author":[{"embeddable":true,"href":"https:\/\/rdnews.al\/index.php\/wp-json\/wp\/v2\/users\/4"}],"replies":[{"embeddable":true,"href":"https:\/\/rdnews.al\/index.php\/wp-json\/wp\/v2\/comments?post=89177"}],"version-history":[{"count":0,"href":"https:\/\/rdnews.al\/index.php\/wp-json\/wp\/v2\/posts\/89177\/revisions"}],"wp:featuredmedia":[{"embeddable":true,"href":"https:\/\/rdnews.al\/index.php\/wp-json\/wp\/v2\/media\/89178"}],"wp:attachment":[{"href":"https:\/\/rdnews.al\/index.php\/wp-json\/wp\/v2\/media?parent=89177"}],"wp:term":[{"taxonomy":"category","embeddable":true,"href":"https:\/\/rdnews.al\/index.php\/wp-json\/wp\/v2\/categories?post=89177"},{"taxonomy":"post_tag","embeddable":true,"href":"https:\/\/rdnews.al\/index.php\/wp-json\/wp\/v2\/tags?post=89177"}],"curies":[{"name":"wp","href":"https:\/\/api.w.org\/{rel}","templated":true}]}}