{"id":89227,"date":"2024-09-16T15:06:37","date_gmt":"2024-09-16T15:06:37","guid":{"rendered":"https:\/\/rdnews.al\/?p=89227"},"modified":"2024-09-16T15:06:37","modified_gmt":"2024-09-16T15:06:37","slug":"akuzat-e-rames-dhe-dumanit-ndaj-berishes-si-leter-higjenike-dokumentet-qe-fsheh-organizata-kriminale","status":"publish","type":"post","link":"https:\/\/rdnews.al\/index.php\/2024\/09\/16\/akuzat-e-rames-dhe-dumanit-ndaj-berishes-si-leter-higjenike-dokumentet-qe-fsheh-organizata-kriminale\/","title":{"rendered":"Akuzat e Ram\u00ebs dhe Dumanit ndaj Berish\u00ebs si let\u00ebr higjenike, dokumentet q\u00eb fsheh organizata kriminale"},"content":{"rendered":"<p>Sali BERISHA<\/p>\n<p>Mercenar\u00ebt e prokuroris\u00eb politike private t\u00eb Edi Ram\u00ebs, n\u00eb munges\u00eb t\u00eb plot\u00eb t\u00eb vepr\u00ebs penale, faktit penal, p\u00ebr t\u00eb mbuluar krimet e veta dhe t\u00eb padronit t\u00eb tyre, Edi Rama, q\u00eb fshehin n\u00eb piramid\u00ebn e tyre t\u00eb mashtrimit, padin\u00eb e tyre politike n\u00eb 500 faqe t\u00eb saj, e bazojn\u00eb fund e krye n\u00eb mashtrime, manipulime, falsifikime dhe fshehje t\u00eb dokumenteve zyrtare dhe p\u00ebrpjekje p\u00ebr t\u00eb rr\u00ebzuar ligjet me d\u00ebshmitar\u00eb t\u00eb rreme, shpalljen e bamir\u00ebsis\u00eb, sevapit, vep\u00ebr penale dhe po k\u00ebshtu shpalljen\u00a0 ryshfet t\u00eb marr\u00eb nga Sali Berisha sipas tyre, sponsorizimin nga Fatmir Bektashi t\u00eb Ministris\u00eb s\u00eb Kultur\u00ebs p\u00ebr udh\u00ebtimin e dy k\u00ebng\u00ebtar\u00ebve.<\/p>\n<p>Sot jam k\u00ebtu p\u00ebr t\u00eb faktuar me dokumente se si mercenaret e SPAK-ut pasi nuk kan\u00eb gjetur asnj\u00eb shkelje t\u00eb vetme ligjore dhe asnj\u00eb dokument t\u00eb firmosur nga Sali Berisha n\u00eb dhjet\u00ebra e dhjet\u00ebra dokumente t\u00eb procesit t\u00eb njohjes, kthimit dhe parablerjes nga pronar\u00ebt legjitim\u00eb t\u00eb pron\u00ebs n\u00eb klubin Partizani, pasi nuk kan\u00eb gjetur asnj\u00eb d\u00ebshmitar q\u00eb t\u00eb pohoj\u00eb se Sali Berisha dhe Jamarb\u00ebr Malltezi kan\u00eb b\u00ebr\u00eb nd\u00ebrhyrjen m\u00eb t\u00eb vog\u00ebl n\u00eb k\u00ebt\u00eb proces, dhe p\u00ebr t\u00eb mbrojtur Edi Ramen nga nj\u00eb abuzim i pad\u00ebgjuar, kan\u00eb b\u00ebr\u00eb n\u00eb piramid\u00ebn e tyre t\u00eb mashtrimit, at\u00eb q\u00eb nuk mund ta imagjinoj\u00eb njeri.<\/p>\n<p>K\u00ebto qenie t\u00eb shpifura shkojn\u00eb deri aty sa t\u00eb shpallin Sali Berish\u00ebn kryetar t\u00eb Bashkis\u00eb s\u00eb Tiran\u00ebs vet\u00ebm e vet\u00ebm p\u00ebr t\u00eb mbrojtur Edi Ram\u00ebn, duke d\u00ebshmuar me k\u00ebt\u00eb metamorfoz\u00ebn e tyre, m\u00eb t\u00eb cil\u00ebn jan\u00eb denatyruar, shnd\u00ebrruar n\u00eb qenie mjerane dhe kthyer n\u00eb leck\u00ebn ku fshin k\u00ebmb\u00ebt e pista Edi Rama, un\u00eb ju ftoj t\u00eb lexoni p\u00ebr k\u00ebt\u00eb mashtrim t\u00eb tyre faqet 5 dhe 6 t\u00eb akuz\u00ebs t\u00eb piramid\u00ebs s\u00eb tyre t\u00eb mashtrimit lidhur me ndryshimin e destinacionit t\u00eb zon\u00ebs sportive n\u00eb zon\u00eb banimi.<\/p>\n<p>N\u00eb k\u00ebt\u00eb piramid\u00eb ata shkruajn\u00eb: Ndryshimi i destinacionit t\u00eb zon\u00ebs sportive n\u00eb zon\u00eb banimi.<\/p>\n<p>K\u00ebrkesat e shtetasit Fatmir Bektashi p\u00ebr objektivat q\u00eb k\u00ebrkon t\u00eb arrij\u00eb n\u00ebp\u00ebrmjet pushtetit t\u00eb shtetasit Sali Berisha, e konkretisht ndryshimi i destinacionit t\u00eb zon\u00ebs sportive n\u00eb zon\u00eb banimi, p\u00ebrkundrejt p\u00ebrfitimit q\u00eb ai do t\u00eb jap\u00eb si ryshfet mit\u00eb, lexohen n\u00eb aktet e lidhura me shtetasin Jamarb\u00ebr Malltezi.<\/p>\n<p>M\u00eb posht\u00eb, k\u00ebta falsifikator\u00eb dhe mashtrues shkruajn\u00eb se me dat\u00eb 22.05.2006, pala pronare e p\u00ebrfaq\u00ebsuar nga Jamarb\u00ebr Malltezi lidhi kontrate me kompanin\u00eb Kontakt ku kompania mori p\u00ebrsip\u00ebr nd\u00ebrrimin e destinacionit.<\/p>\n<p>Sipas Skapit, kjo u realizua nga miratimi n\u00eb KRTRSH e Republik\u00ebs 6 muaj m\u00eb pas, m\u00eb dat\u00ebn 21.11.2006 me firm\u00ebn e Sali Berish\u00ebs.<\/p>\n<p>Por \u00e7far\u00eb fshehin k\u00ebto qenie mjerane p\u00ebr vitin 2006, q\u00eb jan\u00eb t\u00eb gatsh\u00ebm t\u00eb p\u00ebshtyjn\u00eb mbi surratin e vet?<\/p>\n<p><strong>Ata fshehin:<\/strong><\/p>\n<p>1. Qeniet mjerane t\u00eb denatyruara nga krimi, Dumani i pyetjes 1 milion, Kraja i policis\u00eb sekret hoxhiste, vilave dhe nd\u00ebrtimeve, Melonai, ndrikulla e band\u00ebs s\u00eb Elbasanit, FSHEHIN dokumentin zyrtar q\u00eb e kan\u00eb n\u00eb dosje, n\u00eb t\u00eb cilin del se jo Sali Berisha, por \u00ebsht\u00eb Edi Rama q\u00eb ndryshoi destinacionin e zon\u00ebs nga zon\u00eb sportive ne zone urbane nd\u00ebrtimi 5 muaj m\u00eb her\u00ebt nga sa pretendon Skapi i partis\u00eb, konkretisht me dat\u00eb 08.06.2006 dhe ky \u00ebsht\u00eb dokumenti num\u00ebr 1. Ky \u00ebsht\u00eb vendimi i KRRT-s\u00eb me firm\u00ebn e Edi Ram\u00ebs, t\u00eb cilin skapist\u00ebt e paraqesin si vendim t\u00eb Sali Berish\u00ebs, n\u00eb t\u00eb cilin n\u00eb dat\u00ebn \u00ebsht\u00eb ndryshuar destinacioni nga zon\u00eb sportive n\u00eb zon\u00eb nd\u00ebrtimi.<\/p>\n<figure class=\"wp-block-image size-large\"><img loading=\"lazy\" decoding=\"async\" class=\"wp-image-13933\" src=\"https:\/\/pd.al\/wp-content\/uploads\/2024\/09\/WhatsApp-Image-2024-09-16-at-13.21.26-750x1024.jpeg\" sizes=\"auto, (max-width: 750px) 100vw, 750px\" srcset=\"https:\/\/pd.al\/wp-content\/uploads\/2024\/09\/WhatsApp-Image-2024-09-16-at-13.21.26-750x1024.jpeg 750w, https:\/\/pd.al\/wp-content\/uploads\/2024\/09\/WhatsApp-Image-2024-09-16-at-13.21.26-220x300.jpeg 220w, https:\/\/pd.al\/wp-content\/uploads\/2024\/09\/WhatsApp-Image-2024-09-16-at-13.21.26-768x1049.jpeg 768w, https:\/\/pd.al\/wp-content\/uploads\/2024\/09\/WhatsApp-Image-2024-09-16-at-13.21.26.jpeg 1078w\" alt=\"\" width=\"750\" height=\"1024\" \/><\/figure>\n<p>2. FSHEHIN dokumentin zyrtar q\u00eb fakton se ky ndryshim destinacioni ishte vendosur me 12.05.2006 me vendim t\u00eb K\u00ebshillit Teknik t\u00eb KRRT, i cili p\u00ebrb\u00ebhej nga 10 drejtor\u00eb t\u00eb Edi Ram\u00ebs dhe ajo q\u00eb ishte m\u00eb e ve\u00e7anta e k\u00ebtij vendi, ishte se ai \u00ebsht\u00eb marr\u00eb pas asnj\u00eb k\u00ebrkese t\u00eb pronar\u00ebve t\u00eb tok\u00ebs dhe t\u00eb institucioneve q\u00eb administronin klubin Partizani. Ky vendim \u00ebsht\u00eb marr\u00eb 10 dit\u00eb p\u00ebrpara se pronaret e tok\u00ebs t\u00eb lidhnin kontrat\u00eb me kompanin\u00eb e nd\u00ebrtimit.<\/p>\n<figure class=\"wp-block-image size-large\"><img loading=\"lazy\" decoding=\"async\" class=\"wp-image-13932\" src=\"https:\/\/pd.al\/wp-content\/uploads\/2024\/09\/WhatsApp-Image-2024-09-16-at-13.20.37-1-1024x722.jpeg\" sizes=\"auto, (max-width: 1024px) 100vw, 1024px\" srcset=\"https:\/\/pd.al\/wp-content\/uploads\/2024\/09\/WhatsApp-Image-2024-09-16-at-13.20.37-1-1024x722.jpeg 1024w, https:\/\/pd.al\/wp-content\/uploads\/2024\/09\/WhatsApp-Image-2024-09-16-at-13.20.37-1-300x211.jpeg 300w, https:\/\/pd.al\/wp-content\/uploads\/2024\/09\/WhatsApp-Image-2024-09-16-at-13.20.37-1-768x541.jpeg 768w, https:\/\/pd.al\/wp-content\/uploads\/2024\/09\/WhatsApp-Image-2024-09-16-at-13.20.37-1.jpeg 1061w\" alt=\"\" width=\"1024\" height=\"722\" \/><\/figure>\n<p>Mbi baz\u00ebn e k\u00ebtij ndryshimi destinacioni, Edi Rama p\u00ebrmes K\u00ebshillit Teknik t\u00eb Bashkis\u00eb p\u00ebrcaktonte se cila \u00e7\u00ebshtje hynte n\u00eb rendin e dit\u00ebs t\u00eb KRRT<\/p>\n<p>Pra, destinacionin e ndryshoi Edi Rama me dat\u00ebn 12.5.2006 n\u00eb K\u00ebshillin Tektik t\u00eb Bashkis\u00eb s\u00eb Tiran\u00ebs dhe pastaj 10 dit\u00eb m\u00eb von\u00eb n\u00eb K\u00ebshillin e Rregullimit t\u00eb Territorit, t\u00eb kryesuar jo nga Sali Berisha, por nga Edi Rama.<\/p>\n<p>Me k\u00ebt\u00eb rast ftoj \u00e7do shqiptar, \u00e7do qytetar, pavar\u00ebsisht nga bindjet e tij politike, t\u00eb shtrojm\u00eb disa pyetje.<\/p>\n<p>S\u00eb pari, \u00e7far\u00eb e detyroi Edi Ram\u00ebn t\u00eb ndryshoj\u00eb destinacionin nga zon\u00eb sportive n\u00eb zon\u00eb urbane, pa asnj\u00eb k\u00ebrkes\u00eb nga pronar\u00ebt, por dhe pa asnj\u00eb k\u00ebrkes\u00eb apo miratim paraprak t\u00eb institucioneve q\u00eb administronin dhe kishin n\u00eb inventar zon\u00ebn.<\/p>\n<p>Kurr\u00eb nj\u00eb kryetar bashkie nuk mund t\u00eb merrte nj\u00eb vendim t\u00eb till\u00eb duke shkelur \u00e7do ligji te vendit.<\/p>\n<p>Prapa k\u00ebtij akti t\u00eb pashembullt q\u00ebndrojn\u00eb interesa mafioze pla\u00e7kit\u00ebse t\u00eb Edi Rames dhe rrethit t\u00eb tij fare t\u00eb ngusht\u00eb.<\/p>\n<p>Tani ju ftoj, lidhur me k\u00ebt\u00eb, t\u00eb shtrojm\u00eb pyetjen tjet\u00ebr?<\/p>\n<p>A duhej pyetur, p\u00ebr llogari dhe leverdi t\u00eb kujt vendos ndryshimin e destinacionit nga zon\u00ebs sportive n\u00eb zon\u00eb urbane Edi Rama, pa miratimin e institucioneve shtet\u00ebror\u00eb q\u00eb kishin n\u00eb administrim apo n\u00eb inventar k\u00ebt\u00eb zon\u00eb?<\/p>\n<p>P\u00ebr llogari dhe leverdi t\u00eb kujt vendosi Edi Rama t\u00eb ndryshoj\u00eb destinacionin e zon\u00ebs pa asnj\u00eb k\u00ebrkes\u00eb nga pronar\u00ebt?<\/p>\n<p>\u00c7far\u00eb halli i madh i shtyn mjeran\u00ebt si Dumani i pyetjes 1 milion\u00ebshe, nd\u00ebrtimtarin Kraja, ndrikull\u00ebn e band\u00ebs s\u00eb Elbasanit, Millonai t\u00eb g\u00ebnjejn\u00eb kaq trash\u00eb, t\u00eb posht\u00ebrohen dhe t\u00eb fshehin dokumente zyrtare q\u00eb tregojn\u00eb t\u00eb kund\u00ebrt\u00ebn e atyre q\u00eb ata shkruajn\u00eb?<\/p>\n<figure class=\"wp-block-image size-large\"><img loading=\"lazy\" decoding=\"async\" class=\"wp-image-13935\" src=\"https:\/\/pd.al\/wp-content\/uploads\/2024\/09\/WhatsApp-Image-2024-09-16-at-13.23.02-770x1024.jpeg\" sizes=\"auto, (max-width: 770px) 100vw, 770px\" srcset=\"https:\/\/pd.al\/wp-content\/uploads\/2024\/09\/WhatsApp-Image-2024-09-16-at-13.23.02-770x1024.jpeg 770w, https:\/\/pd.al\/wp-content\/uploads\/2024\/09\/WhatsApp-Image-2024-09-16-at-13.23.02-226x300.jpeg 226w, https:\/\/pd.al\/wp-content\/uploads\/2024\/09\/WhatsApp-Image-2024-09-16-at-13.23.02-768x1022.jpeg 768w, https:\/\/pd.al\/wp-content\/uploads\/2024\/09\/WhatsApp-Image-2024-09-16-at-13.23.02.jpeg 1078w\" alt=\"\" width=\"770\" height=\"1024\" \/><\/figure>\n<p>Edi Rama solli 6 muaj pas miratimit n\u00eb KRRT, solli n\u00eb KRTRSH p\u00ebr p\u00ebr t\u00eb miratuar ex-lege k\u00ebt\u00eb projekt me shum\u00eb t\u00eb tjera! Shtoj k\u00ebtu se Kushtetuta dhe Karta e Autonomis\u00eb Rajonale dhe lokale t\u00eb Kongresit te Autoriteteve Vendore t\u00eb K\u00ebshillit t\u00eb Europ\u00ebs nuk lejoi nd\u00ebrhyrjen e KRTRSH n\u00eb vendimet e KRRT. Nd\u00ebrhyrja e b\u00ebr\u00eb p\u00ebr nyj\u00ebn e Zogut t\u00eb Zi, kishte skaduar aktin normativ. Nj\u00eb muaj pas firmosje t\u00eb k\u00ebtij projekti t\u00eb sjell\u00eb nga Edi Rama, Gjykata Kushtetuese ndaloi \u00e7do nd\u00ebrhyrje t\u00eb ekzekutivit n\u00eb kompetencat urbanistike t\u00eb qeverive vendore.<\/p>\n<figure class=\"wp-block-image size-large\"><img loading=\"lazy\" decoding=\"async\" class=\"wp-image-13936\" src=\"https:\/\/pd.al\/wp-content\/uploads\/2024\/09\/WhatsApp-Image-2024-09-16-at-13.22.14-762x1024.jpeg\" sizes=\"auto, (max-width: 762px) 100vw, 762px\" srcset=\"https:\/\/pd.al\/wp-content\/uploads\/2024\/09\/WhatsApp-Image-2024-09-16-at-13.22.14-762x1024.jpeg 762w, https:\/\/pd.al\/wp-content\/uploads\/2024\/09\/WhatsApp-Image-2024-09-16-at-13.22.14-223x300.jpeg 223w, https:\/\/pd.al\/wp-content\/uploads\/2024\/09\/WhatsApp-Image-2024-09-16-at-13.22.14-768x1032.jpeg 768w, https:\/\/pd.al\/wp-content\/uploads\/2024\/09\/WhatsApp-Image-2024-09-16-at-13.22.14.jpeg 1078w\" alt=\"\" width=\"762\" height=\"1024\" \/><\/figure>\n<p>Shtoj k\u00ebtu se Edi Rama miratoi lejen e sheshit t\u00eb nd\u00ebrtimit me vendimin e KRRT nr. 136 date 29.12.2007.<\/p>\n<p>M\u00eb tej, mercenar\u00ebt skapist\u00eb shkruajn\u00eb se zoti Bektashi n\u00eb kontratat me familjet pronare n\u00eb vitet 2007 dhe 2008, mori p\u00ebrsip\u00ebr ndryshimin e destinacionit t\u00eb gjith\u00eb zon\u00ebs s\u00eb madhe dhe se k\u00ebt\u00eb e realizoi Berisha, d\u00ebgjojeni mir\u00eb, n\u00eb vitin 2013! Pra, Berisha e realizoi 6 vjet m\u00eb von\u00eb!<\/p>\n<p>Njer\u00ebz, t\u00eb cil\u00ebve lidhjet me krimin u kan\u00eb zhdukur \u00e7do grimc\u00eb dinjiteti njer\u00ebzor, mund t\u00eb shkruajn\u00eb nj\u00eb gj\u00eb t\u00eb till\u00eb.<\/p>\n<p>Sepse k\u00ebta kan\u00eb pasur n\u00eb dosje dhe e kan\u00eb cituar vendimin e dhjetorit t\u00eb vitit 2006, i cili nuk lejonte n\u00eb m\u00ebnyr\u00eb kategorike nd\u00ebrhyrjen e qeveris\u00eb n\u00eb asnj\u00eb nga projektet e qeverive vendore.<\/p>\n<p>Gjykata, p\u00ebr hir t\u00eb s\u00eb v\u00ebrtet\u00ebs, n\u00eb p\u00ebrputhje me Kushtetut\u00ebn, vendoste se kjo \u00e7\u00ebshtje i p\u00ebrket vet\u00ebm gjykatave dhe jo ekzekutivit.<\/p>\n<p>Ja k\u00ebtu tek kemi dokumentin e firmosur nga Edi Rama n\u00eb vitin 2008, p\u00ebr zon\u00ebn e madhe, ndryshimin e destinacionit t\u00eb k\u00ebsaj zone nga zon\u00eb sportive n\u00eb zon\u00eb urbane me shfryt\u00ebzim me intensitet t\u00eb lart\u00eb.<\/p>\n<p>Ja ku i keni firmat e 12 drejtor\u00ebve t\u00eb Edi Ram\u00ebs n\u00eb vitin 2008, p\u00ebr ndryshimin e destinacionit t\u00eb k\u00ebsaj zone. Miratimin e studimit t\u00eb studios zvicerane UrbaPlan. Ja ku keni edhe hart\u00ebn, e cila ka firm\u00ebn jo t\u00eb Sali Berish\u00ebs, por t\u00eb Edi Ram\u00ebs.<\/p>\n<figure class=\"wp-block-image size-large\"><img loading=\"lazy\" decoding=\"async\" class=\"wp-image-13937\" src=\"https:\/\/pd.al\/wp-content\/uploads\/2024\/09\/WhatsApp-Image-2024-09-16-at-13.23.31-1024x692.jpeg\" sizes=\"auto, (max-width: 1024px) 100vw, 1024px\" srcset=\"https:\/\/pd.al\/wp-content\/uploads\/2024\/09\/WhatsApp-Image-2024-09-16-at-13.23.31-1024x692.jpeg 1024w, https:\/\/pd.al\/wp-content\/uploads\/2024\/09\/WhatsApp-Image-2024-09-16-at-13.23.31-300x203.jpeg 300w, https:\/\/pd.al\/wp-content\/uploads\/2024\/09\/WhatsApp-Image-2024-09-16-at-13.23.31-768x519.jpeg 768w, https:\/\/pd.al\/wp-content\/uploads\/2024\/09\/WhatsApp-Image-2024-09-16-at-13.23.31.jpeg 1062w\" alt=\"\" width=\"1024\" height=\"692\" \/><\/figure>\n<p>Pra, po t\u00eb hapim aty keni zon\u00ebn U12, e cila \u00ebsht\u00eb zona q\u00eb i ndryshohet destinacioni, zona e madhe.<\/p>\n<p>K\u00ebshtu q\u00eb, n\u00eb m\u00ebnyr\u00eb q\u00eb Altin Dumani, autori i pyetjes 1 milion\u00ebshe, q\u00eb amniston vrasjet, i denoncuari Ymer Lala nga d\u00ebshmitari i drejt\u00ebsis\u00eb, Altin Dumani nuk guxon\u2026<\/p>\n<p>K\u00ebta monstra t\u00eb f\u00ebmij\u00ebve tan\u00eb, q\u00eb kan\u00eb shnd\u00ebrruar Skapin, q\u00eb kan\u00eb ndezur n\u00eb Skap nj\u00eb luft\u00eb t\u00eb eg\u00ebr \u00e7njer\u00ebzore ndaj nj\u00ebri-tjetrit, q\u00eb kalojn\u00eb nga institicioni n\u00eb institucion si hiena, me dokumente zyrtare t\u00eb palejueshmne, me regjistrime telefonash, etj, p\u00ebr t\u2019i mobilizuar n\u00eb favor t\u00eb vendimeve apo q\u00ebndrimeve t\u00eb tyre, k\u00ebta nuk kan\u00eb Kushtetut\u00eb, nuk kan\u00eb moral, ndaj dhe zbatojn\u00eb verb\u00ebrisht porosit\u00eb e Edi Ram\u00ebs.<\/p>\n<p>Por jo vet\u00ebm t\u00eb Edi Ram\u00ebs, por edhe t\u00eb diplomat\u00ebve t\u00eb korruptuar, McGonigal\u00eb me fustan dhe pantallona, t\u00eb cil\u00ebt shqiptar\u00ebt tashm\u00eb i njohin mir\u00eb.<\/p>\n<p>Ata nuk guxojn\u00eb p\u00ebr shkak t\u00eb metamorfoz\u00ebs q\u00eb kan\u00eb p\u00ebsuar, t\u2019i b\u00ebjn\u00eb nj\u00eb pyetje t\u00eb vetme Edi Ram\u00ebs. T\u00eb marrin n\u00eb ndjekje penale Edi Ram\u00ebn p\u00ebr vendimet e tij n\u00eb kund\u00ebrshtim flagrant me Kushtetut\u00ebn.<\/p>\n<p>Por mendojn\u00eb se mund t\u2019i shesin si t\u00eb v\u00ebrteta mashtrimet e tyre n\u00eb piramid\u00ebn e turpit q\u00eb kan\u00eb paraqitur kund\u00ebr Sali Berish\u00ebs.<\/p>\n<p>T\u00eb dashur miq, un\u00eb paraqita para jush sot k\u00ebt\u00eb aspekt q\u00eb \u00ebsht\u00eb nj\u00ebri nga m\u00eb flagrant\u00ebt.<\/p>\n<p>Por natyrisht me ju dhe poara jush do t\u00eb shemb t\u00eb gjith\u00eb piramid\u00ebn e mashtrimit dhe t\u00eb nxjerr si\u00e7 \u00ebsht\u00eb fytyr\u00ebn e v\u00ebrtet\u00eb t\u00eb Edi Ram\u00ebs dhe mercenar\u00ebve t\u00eb tij t\u00eb drejt\u00ebsis\u00eb s\u00eb re, t\u00eb drejt\u00ebsis\u00eb s\u00eb Xhorxh Sorosit n\u00eb Skapin e partis\u00eb.<\/p>\n<p><strong>PYETJE PERGJIGJET ME GAZETARET:<\/strong><\/p>\n<p><strong>Osman Stafa, News24: E para lidhet me dosjen e SPAK, dhe do t\u00eb ndalesha konkretisht n\u00eb nj\u00eb pjes\u00eb q\u00eb familja Malltezi, dh\u00ebnd\u00ebrri dhe vajza juaj, kan\u00eb p\u00ebrballuar shpenzimet tuaja nga viti 2014 deri n\u00eb 2024, shpenzime t\u00eb deklaruara si shpenzime p\u00ebr avokat\u00ebt p\u00ebr \u00e7\u00ebshtjet non grata, shpenzime sh\u00ebndet\u00ebsore tuaja dhe zonj\u00ebs tuaj dhe n\u00eb j\u00eb rast, pushimet. Keni ndonj\u00eb koment p\u00ebr k\u00ebt\u00eb?<\/strong><\/p>\n<p><strong>Sali Berisha:<\/strong> T\u00eb faleminderit p\u00ebr pyetjen. S\u00eb pari, po i ndajm\u00eb pak. Shpenzimet p\u00ebr kujdesin sh\u00ebndet\u00ebsor. Sali Berisha ka kursimet e veta, t\u00eb deklaruara qindark\u00eb p\u00ebr qindark\u00eb n\u00eb ILDKPI. Nuk \u00ebsht\u00eb marr\u00eb kurr\u00eb me administrimin e tyre, edhe t\u00eb miat edhe t\u00eb Lilit, i administron vajza jon\u00eb, Argita Malltezi.<\/p>\n<p>Lidhur me sh\u00ebrbimet sh\u00ebndet\u00ebsore. Po ju rr\u00ebfej nj\u00eb sekret. N\u00eb t\u00eb gjitha rastet n\u00eb m\u00ebnyr\u00eb absolute ajo ka marr\u00eb nj\u00eb porosi nga un\u00eb; k\u00ebto shpenzime do ti marr\u00ebsh nga kursimet e mi. Ajo nuk e ka zbatuar k\u00ebt\u00eb porosi. Ajo ka gjykuar se k\u00ebto shpenzime ti p\u00ebrballoj\u00eb me kursimet e saj. Dhe un\u00eb i jam shum\u00eb mir\u00ebnjoh\u00ebs p\u00ebr k\u00ebt\u00eb, asaj, Abit dhe cilido q\u00eb ka kontribuar. Ne jemi nj\u00eb familje me solidaritet t\u00eb madh familjar, si \u00e7do familje shqiptare. Un\u00eb nuk mund t\u00eb them se do ta shtyja m\u00eb tutje k\u00ebt\u00eb problem, me f\u00ebmij\u00ebt e mi.<\/p>\n<p>P\u00ebrsa i p\u00ebrket pagesave p\u00ebr avoket\u00ebrit. Ato jan\u00eb pagesa t\u00eb cilat jan\u00eb b\u00ebr\u00eb ashtu si\u00e7 thua ti, po duhet t\u00eb kuptoni nj\u00eb gj\u00eb: jan\u00eb t\u00eb gjitha hua t\u00eb 4 personave q\u00eb jan\u00eb n\u00eb procesin e shpalljes \u2018non grata\u2019 nga lotimi korruptiv i Edi Ram\u00ebs, Xhorxh Soros, McGonigal dhe jo vet\u00ebm, pran\u00eb sekretarit t\u00eb Shtetit, Blinken.<\/p>\n<p>Lidhur me ndonj\u00eb transferent\u00eb q\u00eb ka b\u00ebr\u00eb Jamarb\u00ebr Malltezi, me porosi t\u00eb Argita Malltezit, e cila nuk ka qen\u00eb n\u00eb Shqip\u00ebri, ata i kan\u00eb zgjidhur problemin fill mbrapa dhe \u00ebsht\u00eb \u00e7do gj\u00eb n\u00eb k\u00ebt\u00eb kuad\u00ebr. Pra nuk ka n\u00eb m\u00ebnyr\u00eb absolute asnj\u00eb shkelje ligjore.<\/p>\n<p>Dhe ata q\u00eb mendojn\u00eb se, \u00ebsht\u00eb ryshfet solidariteti familjar, ata nuk kan\u00eb familje, nuk din\u00eb \u00e7far\u00eb \u00ebsht\u00eb familja. Ata edhe po t\u00eb jen\u00eb prind, por prind\u00ebr nuk jan\u00eb. Ata mund t\u00eb jen\u00eb n\u00ebna, baballar\u00eb, por t\u00eb till\u00eb se meritojn\u00eb. Solidariteti familjar, \u00ebsht\u00eb solidaritet. E r\u00ebnd\u00ebsishmja \u00ebsht\u00eb kjo; nga vijn\u00eb k\u00ebta para? Dhe Argita e Jamarb\u00ebr Malltezi i kan\u00eb t\u00eb gjitha t\u00eb deklaruara qindark\u00eb p\u00ebr qindark\u00eb n\u00eb ILDKPI. Aq t\u00eb deklaruara dhe t\u00eb sakta i ka, sa mercenar\u00ebt e Skapit duke mos pasur k\u00ebkund t\u00eb kapen, shkojn\u00eb e nxjerrin transaksione t\u00eb 30 viteve m\u00eb par\u00eb, mes Abi Malltezit q\u00eb n\u00eb at\u00eb koh\u00eb merrje me real estate dhe biznesmenit Damir Fazlliq. Dhe vet\u00ebm e vet\u00ebm p\u00ebr t\u00eb krijuar lajme n\u00eb media, p\u00ebr nj\u00eb akt 100% normal. Pa asnj\u00eb lidhje me klubin Partizanit dhe asgj\u00eb. Por qeniet monstra t\u00eb f\u00ebmij\u00ebve tan\u00eb, qenie mjerane t\u00eb Skapit, pasi kan\u00eb shitur \u00e7do t\u00eb vetes s\u00eb tyre, jan\u00eb t\u00eb aft\u00eb t\u00eb shkruajn\u00eb dhe b\u00ebjn\u00eb gjith\u00e7ka.<\/p>\n<p><strong>Osman Stafa, News24: Pyetja tjet\u00ebr ka t\u00eb b\u00ebj\u00eb me PD. Do t\u00eb rikthehem pak n\u00eb koh\u00eb n\u00eb momentin q\u00eb jeni shpallur \u2018non grata\u2019 n\u00eb lidhje me p\u00ebrfshirjen e PD n\u00eb betej\u00ebn tuaj dhe keni deklaruar se jan\u00eb t\u00eb ndara. Nd\u00ebrkoh\u00eb q\u00eb ju tani jeni kryetar i PD dhe \u00ebsht\u00eb \u00e7\u00ebshtje e pandar\u00eb e PD, p\u00ebrsa koh\u00eb jeni kryetar i saj. A mendoni ju z. Berisha se \u00e7\u00ebshtja juaj me drejt\u00ebsin\u00eb, pra SPAK, me SHBA-n\u00eb, me Britanin\u00eb e Madhe s\u2019fokuson misionin e PD p\u00ebr zgjedhjet e vitit 2025.<\/strong><\/p>\n<p><strong>Sali Berisha:<\/strong> Absolutisht q\u00ebndron di\u00e7ka ndryshe. Pse? Kur un\u00eb kam deklaruar se nuk p\u00ebrzihet PD me k\u00ebto dhe \u00ebsht\u00eb shum\u00eb e v\u00ebrtet\u00eb, e kam deklaruar n\u00eb at\u00eb koh\u00eb kur un\u00eb padita n\u00eb gjykat\u00ebn e Parisit, Antony Blinken dhe vazhdoja p\u00ebrpjekjet e mia p\u00ebr t\u00eb b\u00ebr\u00eb transparenc\u00eb pa asnj\u00eb angazhim t\u00eb partis\u00eb.<\/p>\n<p>Por kur Xhorxh Soros dhe mafia nd\u00ebrkomb\u00ebtare k\u00ebrkoi q\u00eb Sali Berisha t\u00eb mos ishte n\u00eb parlament, at\u00ebher\u00eb Sali Berisha doli n\u00eb shesh p\u00ebr t\u00eb mbrojtur sovranitetin e Shqip\u00ebris\u00eb. T\u00eb garantoj se un\u00eb isha m\u00eb komod kur un\u00eb mbroja veten time, por nuk ishte ky m\u00eb problem. Problem ishte se p\u00ebr shkak t\u00eb d\u00ebshtimit p\u00ebr t\u00eb patur nj\u00eb fakt t\u00eb vet\u00ebm, ata q\u00eb dezinjuan Sali Berish\u00ebn p\u00ebr ti dh\u00ebn\u00eb nj\u00eb goditje opozit\u00ebs shqiptare n\u00eb em\u00ebr t\u00eb Xhorxh Sorosit dhe p\u00ebr t\u00eb ndihmuar mafian shqiptare, Edi Ram\u00ebn, ata pastaj donin t\u00eb r\u00ebndonin politikisht dhe un\u00eb u thash\u00eb ja ku jam, k\u00ebtu jam. Dhe nd\u00ebrmora procese q\u00eb un\u00eb nd\u00ebrmora, nuk i nd\u00ebrmora p\u00ebr vete un\u00eb ato, por p\u00ebr ti th\u00ebn\u00eb cilido mbi tok\u00eb se shqiptar\u00ebt vendosin vet\u00eb dhe nuk vendosni ju. Nuk mund t\u00eb caktoni ju kush \u00ebsht\u00eb kryetari i partis\u00eb opozitare q\u00eb p\u00ebrmbysi komunizmin, kurr\u00eb. Nuk mund t\u00eb caktoni ju at\u00eb.<\/p>\n<p>PD \u00ebsht\u00eb nj\u00eb partnere besnike e vlerave q\u00eb ndan me SHBA, Britanin\u00eb e Madhe, vendeve per\u00ebndimore, por kurr\u00eb me mafian e k\u00ebtyre vendeve, harroje k\u00ebt\u00eb. Kjo \u00ebsht\u00eb e v\u00ebrteta.<\/p>\n<p>Do t\u00eb thuash ti, se si po ec\u00ebn? Po ec\u00ebn, nuk them se po ec\u00ebn me vrap, por qerrja po ec\u00ebn. Nj\u00eb gj\u00eb t\u00eb garantoj se, kurr\u00eb, deri n\u00eb dit\u00ebn e fundit t\u00eb jet\u00ebs time nuk do t\u00eb mund ti caktoj\u00eb kush kryetarin k\u00ebsaj partie dhe t\u00eb shkelmoj\u00eb mbi demokrat\u00ebt shqiptar\u00eb.<\/p>\n<p><strong>Enkel Xhangolli, Klan News: Ju b\u00ebt\u00eb nj\u00eb lloj analize kund\u00ebr akuzave q\u00eb jan\u00eb ngritur ndaj jush. Nd\u00ebrkoh\u00eb q\u00eb ju jepni k\u00ebto p\u00ebrgjigje, a mendoni se PD dhe ju vet\u00eb keni r\u00ebn\u00eb n\u00eb at\u00eb kurth q\u00eb ju thoni se \u00ebsht\u00eb politik, p\u00ebrsa i p\u00ebrket k\u00ebtyre akuzave. Pak dit\u00eb m\u00eb par\u00eb Edi Rama b\u00ebri nj\u00eb lloj projektimi p\u00ebrsa i p\u00ebrket zgjedhjeve t\u00eb ardhshme, duke th\u00ebn\u00eb se PD do t\u00eb marr\u00eb m\u00eb pak mandate se n\u00eb 1997. Po PD, ju vet\u00eb a keni nj\u00eb projeksion se si e shikoni rezultatin e zgjedhjeve t\u00eb ardhshme.<\/strong><\/p>\n<p><strong>Sali Berisha:<\/strong> Takimin e par\u00eb p\u00ebr rithemelimin un\u00eb ju thash\u00eb shqiptar\u00ebve se i kisha deklaruar Lulzim Bash\u00ebs, m\u00eb mir\u00eb qiri i fikur, se qiri i f\u00eblliqur. Dhe ky \u00ebsht\u00eb nj\u00eb parim i lasht\u00eb, por nj\u00eb parim q\u00eb shpreh betej\u00ebn e njeriut p\u00ebr dinjitet, dinjitet njer\u00ebzor dhe dinjitet komb\u00ebtar. Por nj\u00eb gj\u00eb dua t\u00eb ju garantoj se shtylla m\u00eb kryesore e sovraniteti t\u00eb brendsh\u00ebm t\u00eb nj\u00eb vendi \u00ebsht\u00eb ekzistenca e nj\u00eb opozite t\u00eb pavarur, ose t\u00eb varur n\u00eb kushtetut\u00eb.<\/p>\n<p>P\u00ebrsa i p\u00ebrket asaj q\u00eb thoni, besoj se \u00ebsht\u00eb e qart\u00eb si drita e diellit se nj\u00eb vend q\u00eb arreston, mban n\u00eb arrest sht\u00ebpie, pa akuz\u00eb, 9 muaj liderin e opozit\u00ebs, kund\u00ebrshtari i tij ka probleme t\u00eb m\u00ebdha, ka frik\u00eb dhe tmerr prej tij, se nuk i fiton dot zgjedhjet dhe se me firmat e tij, fap, fap, fap e paf, paf, paf, ka kryer nj\u00eb zinxhir krimesh t\u00eb m\u00ebdha, p\u00ebr t\u00eb cilat nuk do t\u00eb ket\u00eb amnisti. Pra gjith\u00e7ka \u00ebsht\u00eb politike.<\/p>\n<p>Ka marr\u00eb fund koha kur opozita shkonte pas berihajit, jo, opozita q\u00ebndron. Do t\u00eb nis\u00eb betej\u00ebn p\u00ebr qeveri teknike, n\u00eb t\u00eb drejt\u00ebn m\u00eb kushtetuese m\u00eb ligjore t\u00eb saj, p\u00ebr t\u00eb rikthyer vot\u00ebn e lir\u00eb shqiptar\u00ebve. T\u00eb garantoj se n\u00eb \u00e7do zgjedhje t\u00eb lir\u00eb, Edi Rama do t\u00eb marr\u00eb ato q\u00eb mori Ramiz Aliaj n\u00eb vitin 1992 dhe asnj\u00eb vot\u00eb m\u00eb shum\u00eb. N\u00eb \u00e7do zgjedhje t\u00eb lir\u00eb.<\/p>\n<p>Mos besoni pollet, n\u00eb t\u00eb gjitha pollet n\u00eb diktatur\u00eb, narkodiktatura, diktatori i ka n\u00eb qiell treguesit. N\u00eb 1992, partia e krimit, PS-ja para zgjedhjeve ishte 26 pik\u00eb sipas Gallupit, para Partis\u00eb Demokratike, prandaj dhe ne q\u00ebndrojm\u00eb p\u00ebr qeveri teknike dhe zgjedhje t\u00eb ndershme.<\/p>\n<p><strong>Isa Myzyraj, Ora News: Ju personalisht, por edhe eksponent t\u00eb lart\u00eb t\u00eb PD i drejtojn\u00eb gishtin struktur\u00ebs s\u00eb posa\u00e7me anti-korrupsion si nj\u00eb organizat\u00eb kriminale, por nd\u00ebrkoh\u00eb q\u00eb SPAK ka mb\u00ebshtetje e aleat\u00ebve strategjik\u00eb t\u00eb SHBA dhe BE. Krahas deklaratave tuaja a ka PD dhe ju nj\u00eb plan noshta p\u00ebr t\u00eb nd\u00ebrgjegj\u00ebsuar faktorin nd\u00ebrkomb\u00ebtar dhe t\u00eb mos t\u00eb ngelet n\u00eb deklarata publike. A ka nj\u00eb plan konkret, por edhe lobime p\u00ebr t\u2019i bindur faktor\u00ebt nd\u00ebrkomb\u00ebtar\u00eb q\u00eb SPAK sipas jush \u00ebsht\u00eb i kapur politikisht?<\/strong><\/p>\n<p><strong>Sali Berisha:<\/strong> Faktori nd\u00ebrkomb\u00ebtar ka investuar n\u00eb m\u00ebnyr\u00eb t\u00eb jasht\u00ebzakonshme, por ka d\u00ebshtuar n\u00eb m\u00ebnyr\u00eb ekzemplare. Por nuk kam asnj\u00eb dyshim se kancelarit\u00eb n\u00eb nivele kancelarish dhe jo nivele p\u00ebrfaq\u00ebsuesish, se p\u00ebrfaq\u00ebsuesit ishin kok\u00eb e xhep t\u00eb korruptuar. Imagjino Vlahutinin ti tani, q\u00eb mori m\u00ebqaf\u00eb edhe shefin e OLAF, apo ekuivalentin e tij t\u00eb SHBA-ve, mos ta ngat\u00ebrrojm\u00eb me qeverin\u00eb k\u00ebt\u00eb. Ata kishin q\u00ebllim t\u2019i jepnin Shqip\u00ebris\u00eb nj\u00eb sistem drejt\u00ebsie t\u00eb pavarur. Dhe k\u00ebtu un\u00eb nuk mund t\u00eb dyshoj kurr\u00eb se ata kishin q\u00ebllim ta linin Shqip\u00ebrin\u00eb pa drejt\u00ebsi. Sot m\u00eb thuaj mua. Nj\u00eb popull q\u00eb duhet t\u00eb pres\u00eb 14 vjet p\u00ebr nj\u00eb vendim t\u00eb \u00e7\u00ebshtjes civile dhe 10 vjet p\u00ebr \u00e7\u00ebshtje penale. Ka drejt\u00ebsi ky apo jo, m\u00eb thuaj mua?<\/p>\n<p>Nj\u00eb institucion q\u00eb sillet n\u00eb kund\u00ebrshti me \u00e7do ligj, norm\u00eb kushtetuese, q\u00eb fsheh \u00e7do krim. A do t\u00eb t\u00eb num\u00ebroj me dhjet\u00ebra krime q\u00eb flen n\u00eb SPAK t\u00eb fshehura nga Altin Dumani dhe prokuror\u00ebt e tij? Ai q\u00eb fsheh krimin, ai \u00ebsht\u00eb m\u00eb kriminel se sa krimineli q\u00eb e ka kryer at\u00eb. E thot\u00eb ai, \u00ebsht\u00eb e njohur. Indiferenti ndaj krimit \u00ebsht\u00eb m\u00eb kriminel se autori i krimit. Altin Dumani i ka b\u00ebr\u00eb 19 pyetje Ymer Lal\u00ebs t\u00eb akuzuar p\u00ebr vrasje nga d\u00ebshmitari i tij. M\u00eb thuaj pak, e pyeti e ke vrar\u00eb apo nuk e ke vrar\u00eb filanin? Altin Dumani p\u00ebrdor regjistrimet. Prit, prit. Rrjedh\u00eb rregjistrimesh top sekret p\u00ebr t\u00eb luftuar kund\u00ebrshtar\u00ebt e tij. \u00a0A do t\u00eb t\u00eb jap nj\u00eb shembull un\u00eb ty? Ka sjell\u00eb qeveria greke t\u00eb gjith\u00eb dokumentacionin p\u00ebr Irena Gjok\u00ebn, e ka sjell\u00eb dy her\u00eb. Altin Dumani e mban n\u00eb sirtar, ajo duhet ta kishte vendin n\u00eb burg, por mbahet aty p\u00ebr shkak t\u00eb Sali Berish\u00ebs.<\/p>\n<p>Do t\u00eb t\u00eb them gj\u00ebra t\u00eb tjera plot? \u00cbsht\u00eb politikan i af\u00ebrt me Edi Ram\u00ebn i planifikuar p\u00ebr t\u2019u vrar\u00eb. S\u2019\u00ebsht\u00eb i af\u00ebrt mbi Sali Berish\u00ebn, flihet mbi dosje, nuk b\u00ebhet asgj\u00eb. Po Kraja q\u00eb mbante dosjet e incenerator\u00ebve p\u00ebr bashkit\u00eb duke patur dy krah\u00ebt e Erion Veliajt, dy njer\u00ebzit e tij t\u00eb familjes. Po Mellonai? Mos m\u00eb shty m\u00eb tutje me fol se nuk ka nevoj\u00eb.<\/p>\n<p>Pra, po nj\u00eb gj\u00eb t\u00eb them p\u00ebr ta mbyllur. Pavar\u00ebsisht nga lobimi q\u00eb b\u00ebjn\u00eb, element\u00eb t\u00eb caktuar t\u00eb korruptuar q\u00eb i kan\u00eb futur duart e tyre t\u00eb zeza n\u00eb k\u00ebt\u00eb reform\u00eb n\u00eb qeverin\u00eb amerikane, n\u00eb qeverin\u00eb gjermane, n\u00eb p\u00ebrfaq\u00ebsues t\u00eb tyre ka njer\u00ebz\u00a0 t\u00eb cil\u00ebt u thon\u00eb t\u00eb v\u00ebrtet\u00ebn. U thon\u00eb t\u00eb v\u00ebrtet\u00ebn se Altin Dumani mbyll dosjet m\u00eb t\u00eb m\u00ebdha, vjedhjet e shekullit. Mbyll \u00e7do dosje q\u00eb i thot\u00eb Edi Rama. Ata e din\u00eb mir\u00eb se Engj\u00ebll Aga\u00e7i, Vlora Hyseni, po po, edhe Vlora Hyseni e cila tani p\u00ebrpiqet t\u00eb b\u00ebj\u00eb diversion n\u00eb Kosov\u00eb, p\u00ebrcjellin veshjen e tij, direktivat dhe udh\u00ebzimet e Edi Ram\u00ebs. Po ja ku jemi, jemi p\u00ebr t\u2019i th\u00ebn\u00eb, p\u00ebr t\u00eb denoncuar. Interesi publik k\u00ebrkon q\u00eb ne t\u00eb b\u00ebjm\u00eb detyr\u00ebn ton\u00eb.<\/p>\n<p><strong>Isa Myzyraj, Ora News: A ka dor\u00eb n\u00eb dosjen tuaj z. Berisha. Prokuror\u00ebt jan\u00eb t\u00eb pavarur n\u00eb hetimin e dosjes, dhe shumica e artikulimit tuaj publik n\u00eb fakt \u00ebsht\u00eb kund\u00ebr z.Dumani, kreu i Prokuroris\u00eb s\u00eb Posa\u00e7me. Pse \u00ebsht\u00eb ky sulm i orientuar ndaj personit Altin Dumani, ku n\u00eb dosjen Partizani nuk ka b\u00ebr\u00eb hetim, dhe prokuror\u00ebt Kraja dhe Mellonai jan\u00eb t\u00ebr\u00ebsisht t\u00eb pavarur?<\/strong><\/p>\n<p><strong>Sali Berisha:<\/strong> Faleminderit p\u00ebr pyetjen. Titullari i institucionit nuk \u00ebsht\u00eb robot. Titullari i institucionit \u00ebsht\u00eb p\u00ebrgjegj\u00ebs p\u00ebr at\u00eb q\u00eb firmos. Nuk ka titullar n\u00eb bot\u00eb q\u00eb mund t\u00eb firmos\u00eb n\u00eb kund\u00ebrshti me ligjin. K\u00ebt\u00eb ta dish. \u00cbsht\u00eb nj\u00eb ligj universal. P\u00ebr hir t\u00eb s\u00eb v\u00ebrtet\u00ebs, jo vet\u00ebm n\u00eb vende t\u00eb lira, por edhe n\u00eb vende jo t\u00eb lira, i cili thot\u00eb nuk mund t\u00eb pranosh dhe t\u00eb zbatosh urdhra n\u00eb kund\u00ebrshti me ligjin. Tani e l\u00ebm\u00eb m\u00ebnjan\u00eb k\u00ebt\u00eb.<\/p>\n<p>Altin Dumani ka faktuar se \u00ebsht\u00eb shkat\u00ebrrues i hetimeve t\u00eb inceneratorit t\u00eb Tiran\u00ebs. Se me angazhimin direkt t\u00eb Edi Ram\u00ebs dhe Linda Ram\u00ebs l\u00ebshoi mandat arresti p\u00ebr Arben Ahmetajn. Un\u00eb nuk hyj n\u00eb detaje, por njeriu ka nj\u00eb nd\u00ebrgjegje njer\u00ebzore apo jo? Dhe kjo nd\u00ebrgjegje njer\u00ebzore thot\u00eb se t\u00eb arrestosh nj\u00eb njeri q\u00eb e ka kund\u00ebrshtuar 4 her\u00eb k\u00ebt\u00eb projekt dhe q\u00eb nuk \u00ebsht\u00eb autoritet kontraktues dhe t\u00eb lesh t\u00eb lir\u00eb Erion Veliajn, q\u00eb me shkrim ka mashtruar p\u00ebr K\u00ebshillin Bashkiak K\u00ebshillit e Territorit. T\u00eb mos guxosh t\u00eb pyes\u00ebsh Edi Ram\u00ebn q\u00eb n\u00eb kund\u00ebrshti me ligjet i ka dh\u00ebn\u00eb 8% bonus kompanis\u00eb s\u00eb tyre. M\u00eb thuaj mua pak?<\/p>\n<p>T\u00eb mos hetosh afera Alabar, kur shqiptar\u00ebt tani n\u00eb fund del se do gjobiten me 1.3 mld euro vet\u00ebm p\u00ebr nd\u00ebrtimin e portit t\u00eb Porto Romanos. Altin Dumani \u00ebsht\u00eb b\u00ebr\u00eb mburoj\u00eb kryesore e megaaferave t\u00eb tmerrshme. \u00c7far\u00eb i tha Altin Dumani parlamentit, ju lutem. Gj\u00eb q\u00eb nuk e kisha d\u00ebgjuar kurr\u00eb. Epo jan\u00eb t\u00eb komplikuara, krime intelektuale. Nuk ka hajdut intelektual. Hajduti \u00ebsht\u00eb hajdut. Ai q\u00eb vjedh, ai \u00ebsht\u00eb nj\u00eb kriminel. E \u00e7far\u00eb paska t\u00eb v\u00ebshtir\u00eb n\u00eb dosjen e incenerator\u00ebve? \u00c7far\u00eb paska t\u00eb v\u00ebshtir\u00eb n\u00eb dosjen e Olsi Ram\u00ebs q\u00eb i jep v\u00ebllait 38 mij\u00eb m2 tok\u00eb t\u00eb pronar\u00ebve Edi Rama? \u00c7far\u00eb paska t\u00eb v\u00ebshtir\u00eb n\u00eb dosje e Karlo Bolinos q\u00eb i b\u00ebn 4 personale brenda 6 muajve Edi Rama.<\/p>\n<p>Kujt do t\u2019i shitet ai si i pavarur, m\u00eb thuaj pak a i mban peng?\u00a0 Pyete pak Dumanin, mos i ke marr\u00eb ndonj\u00eb \u00e7ant\u00eb Ulsi Manj\u00ebs? Pyete nj\u00ebher\u00eb, s\u2019e un\u00eb k\u00ebt\u00eb se di mir\u00eb. Po, Louis Vuitton.<\/p>\n<p>Ai q\u00eb thot\u00eb se kur nj\u00eb vendim, apo dy vendime gjykate, nuk ka r\u00ebnd\u00ebsi Kushtetuta kur jan\u00eb vendimet e gjykat\u00ebs, ai nuk ka ligj, nuk ka Kushtetut\u00eb, nuk ka moral. Ai \u00ebsht\u00eb nj\u00eb mercenar i shp\u00ebrfytyruar, i rreziksh\u00ebm q\u00eb meriton t\u00eb nd\u00ebshkohet me t\u00eb gjitha forcat e ligjeve. Kjo \u00ebsht\u00eb, ndaj edhe nuk e kisha d\u00ebgjuar kurr\u00eb k\u00ebt\u00eb.<\/p>\n<p>Ky \u00ebsht\u00eb formimi i tij, sigurisht sepse fsheh Altin Dumani.<\/p>\n<p>Shko e pyete ti, n\u00eb 2016 ke deklaruar 3 banesa zot\u00ebri, si b\u00ebhen me rrog\u00eb shteti tre banesa m\u00eb trego pak? Absolutisht kurr\u00eb, kurr\u00eb! Nga i gjete ato?<\/p>\n<p>Pra, nuk mund t\u00eb pranojm\u00eb at\u00eb p\u00ebr t\u00eb pafajsh\u00ebm, ai \u00ebsht\u00eb kryefajtori i Skapit sot. Nj\u00eb sqarim nga pyetja e par\u00eb. Nuk ka pagesa nga Abi Malltezi. Hua mund t\u00eb ket\u00eb, dhe ajo \u00ebsht\u00eb shlyer. T\u00eb ardhurat e Jamarb\u00ebr Malltezit jan\u00eb nga trash\u00ebgimia dhe zhvillimi i pronave t\u00eb trash\u00ebguara. Pavar\u00ebsisht \u00e7far\u00eb pretendojn\u00eb qeniet e denatyruara t\u00eb Skapit, pasuria nga trash\u00ebgimia sipas nenit 177 t\u00eb kodit t\u00eb familjes \u00ebsht\u00eb vetjake dhe jo e bashk\u00ebsis\u00eb ligjore, si\u00e7 mashtrojn\u00eb dhe trillojn\u00eb ata.<\/p>\n<p>Faleminderit!<\/p>\n","protected":false},"excerpt":{"rendered":"<p>Sali BERISHA Mercenar\u00ebt e prokuroris\u00eb politike private t\u00eb Edi Ram\u00ebs, n\u00eb munges\u00eb t\u00eb plot\u00eb t\u00eb vepr\u00ebs penale, faktit penal, p\u00ebr t\u00eb mbuluar krimet e veta dhe t\u00eb padronit t\u00eb tyre, Edi Rama, q\u00eb fshehin n\u00eb piramid\u00ebn e tyre t\u00eb mashtrimit, padin\u00eb e tyre politike n\u00eb 500 faqe t\u00eb saj, e bazojn\u00eb fund e krye n\u00eb &hellip;<\/p>\n","protected":false},"author":3,"featured_media":0,"comment_status":"closed","ping_status":"closed","sticky":false,"template":"","format":"standard","meta":{"footnotes":""},"categories":[37],"tags":[],"class_list":["post-89227","post","type-post","status-publish","format-standard","","category-politike"],"_links":{"self":[{"href":"https:\/\/rdnews.al\/index.php\/wp-json\/wp\/v2\/posts\/89227","targetHints":{"allow":["GET"]}}],"collection":[{"href":"https:\/\/rdnews.al\/index.php\/wp-json\/wp\/v2\/posts"}],"about":[{"href":"https:\/\/rdnews.al\/index.php\/wp-json\/wp\/v2\/types\/post"}],"author":[{"embeddable":true,"href":"https:\/\/rdnews.al\/index.php\/wp-json\/wp\/v2\/users\/3"}],"replies":[{"embeddable":true,"href":"https:\/\/rdnews.al\/index.php\/wp-json\/wp\/v2\/comments?post=89227"}],"version-history":[{"count":0,"href":"https:\/\/rdnews.al\/index.php\/wp-json\/wp\/v2\/posts\/89227\/revisions"}],"wp:attachment":[{"href":"https:\/\/rdnews.al\/index.php\/wp-json\/wp\/v2\/media?parent=89227"}],"wp:term":[{"taxonomy":"category","embeddable":true,"href":"https:\/\/rdnews.al\/index.php\/wp-json\/wp\/v2\/categories?post=89227"},{"taxonomy":"post_tag","embeddable":true,"href":"https:\/\/rdnews.al\/index.php\/wp-json\/wp\/v2\/tags?post=89227"}],"curies":[{"name":"wp","href":"https:\/\/api.w.org\/{rel}","templated":true}]}}