{"id":89242,"date":"2024-09-16T17:31:37","date_gmt":"2024-09-16T17:31:37","guid":{"rendered":"https:\/\/rdnews.al\/?p=89242"},"modified":"2024-09-16T17:31:37","modified_gmt":"2024-09-16T17:31:37","slug":"meta-dumani-po-perdor-spak-per-te-marre-peng-njerez-brenda-opozites","status":"publish","type":"post","link":"https:\/\/rdnews.al\/index.php\/2024\/09\/16\/meta-dumani-po-perdor-spak-per-te-marre-peng-njerez-brenda-opozites\/","title":{"rendered":"Meta: Dumani po p\u00ebrdor SPAK p\u00ebr t\u00eb marr\u00eb peng njer\u00ebz brenda opozit\u00ebs"},"content":{"rendered":"<p>Kryetari i Partis\u00eb s\u00eb Liris\u00eb, Ilir Meta vijon sulmet ndaj kreut t\u00eb SPAK Altin Dumani. Meta tha sot, gjat\u00eb nj\u00eb bashk\u00ebbisedimi me gazetar\u00ebt nga selia e Partis\u00eb s\u00eb Liris\u00eb, duke ju referuar hetimit ndaj ish Kryeministrit Sali Berisha, se kreu i Prokuroris\u00eb s\u00eb Posa\u00e7me Antikorrupsion, Altin Dumani, \u00ebsht\u00eb nj\u00eb rreshter i Rilindjes.<\/p>\n<p>Sipas tij, Dumani e ka kthyer SPAK-un n\u00eb nj\u00eb organizat\u00eb kriminale dhe ka marr peng njer\u00ebz brenda opozit\u00ebs.<\/p>\n<p>\u201c\u00cbsht\u00eb nj\u00eb rreshter i rilindjes q\u00eb e ka kthyer me drejtimin e tij skapin n\u00eb organizat\u00eb krimianle q\u00eb mbron pand\u00ebshkueshm\u00ebrin\u00eb e Edi Ram\u00ebs, Veliajt q\u00eb nuk do preken p\u00ebr momentin, por do u vij\u00eb radha. Sikurse u ka ardhur radha shum\u00eb ministrave q\u00eb pat\u00ebn p\u00ebr garanci bes\u00ebn e Edi Ram\u00ebs. Po k\u00ebshtu e ka p\u00ebrdorur dhe p\u00ebrdor institucionin e tij p\u00ebr t\u00eb marr\u00eb peng njer\u00ebz brenda opozit\u00ebs dhe partive t\u00eb opzit\u00ebs, p\u00ebr t\u00eb b\u00ebr\u00eb diversion, p\u00ebr t\u00eb krijuar forca t\u00eb reja politike, n\u00eb m\u00ebnyr\u00eb q\u00eb t\u00eb leht\u00ebsoj\u00eb sa t\u00eb mundet regjimin e kalbur t\u00eb Edi Ram\u00ebs, t\u00eb kaloj\u00eb edhe ca koh\u00eb. Por, nuk do t\u00eb ket\u00eb asnj\u00eb sukses\u201d, tha Meta.<\/p>\n","protected":false},"excerpt":{"rendered":"<p>Kryetari i Partis\u00eb s\u00eb Liris\u00eb, Ilir Meta vijon sulmet ndaj kreut t\u00eb SPAK Altin Dumani. Meta tha sot, gjat\u00eb nj\u00eb bashk\u00ebbisedimi me gazetar\u00ebt nga selia e Partis\u00eb s\u00eb Liris\u00eb, duke ju referuar hetimit ndaj ish Kryeministrit Sali Berisha, se kreu i Prokuroris\u00eb s\u00eb Posa\u00e7me Antikorrupsion, Altin Dumani, \u00ebsht\u00eb nj\u00eb rreshter i Rilindjes. Sipas tij, Dumani &hellip;<\/p>\n","protected":false},"author":4,"featured_media":0,"comment_status":"closed","ping_status":"closed","sticky":false,"template":"","format":"standard","meta":{"footnotes":""},"categories":[37],"tags":[],"class_list":["post-89242","post","type-post","status-publish","format-standard","","category-politike"],"_links":{"self":[{"href":"https:\/\/rdnews.al\/index.php\/wp-json\/wp\/v2\/posts\/89242","targetHints":{"allow":["GET"]}}],"collection":[{"href":"https:\/\/rdnews.al\/index.php\/wp-json\/wp\/v2\/posts"}],"about":[{"href":"https:\/\/rdnews.al\/index.php\/wp-json\/wp\/v2\/types\/post"}],"author":[{"embeddable":true,"href":"https:\/\/rdnews.al\/index.php\/wp-json\/wp\/v2\/users\/4"}],"replies":[{"embeddable":true,"href":"https:\/\/rdnews.al\/index.php\/wp-json\/wp\/v2\/comments?post=89242"}],"version-history":[{"count":0,"href":"https:\/\/rdnews.al\/index.php\/wp-json\/wp\/v2\/posts\/89242\/revisions"}],"wp:attachment":[{"href":"https:\/\/rdnews.al\/index.php\/wp-json\/wp\/v2\/media?parent=89242"}],"wp:term":[{"taxonomy":"category","embeddable":true,"href":"https:\/\/rdnews.al\/index.php\/wp-json\/wp\/v2\/categories?post=89242"},{"taxonomy":"post_tag","embeddable":true,"href":"https:\/\/rdnews.al\/index.php\/wp-json\/wp\/v2\/tags?post=89242"}],"curies":[{"name":"wp","href":"https:\/\/api.w.org\/{rel}","templated":true}]}}