{"id":89271,"date":"2024-09-17T07:51:38","date_gmt":"2024-09-17T07:51:38","guid":{"rendered":"https:\/\/rdnews.al\/?p=89271"},"modified":"2024-09-17T07:51:38","modified_gmt":"2024-09-17T07:51:38","slug":"turizmi-shqiptaret-e-kosoves-braktisen-shqiperine-kete-vere","status":"publish","type":"post","link":"https:\/\/rdnews.al\/index.php\/2024\/09\/17\/turizmi-shqiptaret-e-kosoves-braktisen-shqiperine-kete-vere\/","title":{"rendered":"Turizmi\/ Shqiptar\u00ebt e Kosov\u00ebs braktis\u00ebn Shqip\u00ebrin\u00eb k\u00ebt\u00eb ver\u00eb"},"content":{"rendered":"<p>Hyrjet e shqiptar\u00ebve t\u00eb Kosov\u00ebs ran\u00eb me 16% n\u00eb korrik 2024 krahasuar me t\u00eb nj\u00ebjtin muaj t\u00eb nj\u00eb viti m\u00eb par\u00eb.<\/p>\n<p>T\u00eb dh\u00ebnat e publikuara nga Instituti i Statistikave lidhur me vendet e origjin\u00ebs nga kan\u00eb ardhur shtetasit q\u00eb kan\u00eb hyr\u00eb n\u00eb vendin ton\u00eb, konfirmojn\u00eb at\u00eb q\u00eb m\u00eb her\u00ebt pohuan edhe tur-operator\u00eb: n\u00eb bregdetin shqiptar pushuan m\u00eb pak shqiptar\u00eb t\u00eb Kosov\u00ebs.<\/p>\n<p>N\u00eb muajin e 7-t\u00eb t\u00eb vitit hyn\u00eb n\u00eb total 710 mij\u00eb shtetas nga Kosova teksa nj\u00eb vit m\u00eb par\u00eb ishin mbi 847 mij\u00eb.<\/p>\n<p>Kjo \u00ebsht\u00eb hera e par\u00eb q\u00eb nga pandemia q\u00eb ky grup sh\u00ebnon r\u00ebnie teksa ka mbajtur \u00e7do vit pesh\u00ebn kryesore t\u00eb turizmit duke mbetur n\u00eb nivelet mbi 40 p\u00ebr qind t\u00eb totalit t\u00eb hyrjeve.<\/p>\n<p>Deri n\u00eb qershor n\u00eb fakt shifrat tregojn\u00eb p\u00ebr nj\u00eb ecuri pozitive t\u00eb hyrjes s\u00eb turist\u00ebve nga Kosova ku n\u00eb qershor 2024 ishin 15 p\u00ebr qind m\u00eb shum\u00eb se qershori i nj\u00eb viti m\u00eb par\u00eb.<\/p>\n<p>R\u00ebnia e numrit t\u00eb vizitor\u00ebve nga Kosova u paralajm\u00ebrua q\u00ebh n\u00eb fillim t\u00eb vitit si efekt i liberalizimit t\u00eb vizave q\u00eb nisi nga janari.<\/p>\n<p>Turoperator\u00ebt e Kosov\u00ebs pohuan se kishte nj\u00eb num\u00ebr n\u00eb rritje t\u00eb shtetasve q\u00eb Kosov\u00ebs q\u00eb po preferonin destinacione t\u00eb reja si Greqia apo Kroacia p\u00ebrmes rritjes s\u00eb frekuenc\u00ebs s\u00eb autobus\u00ebve q\u00eb i \u00e7onin ata n\u00eb destinacion, teksa edhe udh\u00ebtimet nga Tirana p\u00ebr destinacone me linja low cost pan\u00eb rritje.<\/p>\n<p>Shifrat e raportuara nga Aeroporti Nd\u00ebrkomb\u00ebtar i Tiran\u00ebs treguan p\u00ebr nj\u00eb rritje t\u00eb shtetasve nga Kosova q\u00eb zgjodh\u00ebn p\u00ebr t\u00eb fluturuar nga ky aeroport. Liberalizimi i vizave pak\u00ebsoi jo vet\u00ebm udh\u00ebtimet e fundjavave drejt Shqip\u00ebris\u00eb por mesa duket edhe pushimet e ver\u00ebs.<\/p>\n<p>Tur-operator\u00ebt do t\u00eb vler\u00ebsonin se tashm\u00eb jemi p\u00ebrpara faktit se epoka e turizmit patriotik ka p\u00ebrfunduar dhe t\u00ebrheqja e turist\u00ebve nga Kosova do t\u00eb duhet t\u00eb b\u00ebhet n\u00eb nj\u00eb raport t\u00eb drejt\u00eb me sh\u00ebrbim dhe oferta konkurruese n\u00eb raport me tregjet potencial\u00eb ku k\u00ebta t\u00eb fundit mund t\u00eb shkojn\u00eb.<\/p>\n<p>Nj\u00eb tjet\u00ebr shkak q\u00eb duket se ndikoi tek prania e m\u00eb pak shqiptar\u00ebve t\u00eb Kosov\u00ebs n\u00eb vend ishin edhe \u00e7mimet e rritura k\u00ebt\u00eb vit.<\/p>\n<p>Nga Velipoja deri n\u00eb Ksamil, vendi pati rritje t\u00eb \u00e7mimeve nga vlerat minimale deri n\u00eb gati 2-fishim dhe edhe pse Shqip\u00ebria ofroi s\u00ebrish alternativa p\u00ebr t\u00eb gjith\u00eb duket se paniku q\u00eb u krijua n\u00eb rrjete sociale sidomos n\u00eb qershor dhe fillim korrik \u201ctremb\u00ebn\u201d turizmin patriotik.<\/p>\n<p>Pushuesit nga Kosova u q\u00ebndruan kryesisht n\u00eb Velipoj\u00eb dhe Sh\u00ebngjin ku \u00e7mimet ishin m\u00eb ekonomike teksa n\u00eb Golem kishte m\u00eb pak pushues e po k\u00ebshtu edhe n\u00eb Jug.<\/p>\n<p>Krahas rritjes direkte s\u00eb \u00e7mimeve, r\u00ebnia e Euros \u00ebsht\u00eb nj\u00eb tjet\u00ebr faktor q\u00eb ka ndikuar negativisht n\u00eb turizmin e Kosov\u00ebs. N\u00ebse disa vite m\u00eb par\u00eb p\u00ebr 100 euro, turist\u00ebt merrnin 120-125 lek\u00eb, tashm\u00eb ata marrin m\u00eb pak sesa 100 lek\u00eb.\/Monitor<\/p>\n<div id=\"attachment_418810\" class=\"wp-caption alignnone\"><img loading=\"lazy\" decoding=\"async\" class=\"wp-image-418810 size-full\" src=\"https:\/\/monitor.al\/wp-content\/uploads\/2024\/09\/h1-1.jpg\" sizes=\"auto, (max-width: 986px) 100vw, 986px\" srcset=\"https:\/\/monitor.al\/wp-content\/uploads\/2024\/09\/h1-1.jpg 986w, https:\/\/monitor.al\/wp-content\/uploads\/2024\/09\/h1-1-300x159.jpg 300w, https:\/\/monitor.al\/wp-content\/uploads\/2024\/09\/h1-1-690x365.jpg 690w, https:\/\/monitor.al\/wp-content\/uploads\/2024\/09\/h1-1-420x222.jpg 420w\" alt=\"\" width=\"986\" height=\"521\" aria-describedby=\"caption-attachment-418810\" data-pin-no-hover=\"true\" \/><\/div>\n<div id=\"attachment_418811\" class=\"wp-caption alignnone\"><img loading=\"lazy\" decoding=\"async\" class=\"wp-image-418811 size-full\" src=\"https:\/\/monitor.al\/wp-content\/uploads\/2024\/09\/H2.jpg\" sizes=\"auto, (max-width: 1070px) 100vw, 1070px\" srcset=\"https:\/\/monitor.al\/wp-content\/uploads\/2024\/09\/H2.jpg 1070w, https:\/\/monitor.al\/wp-content\/uploads\/2024\/09\/H2-300x161.jpg 300w, https:\/\/monitor.al\/wp-content\/uploads\/2024\/09\/H2-1024x548.jpg 1024w, https:\/\/monitor.al\/wp-content\/uploads\/2024\/09\/H2-690x370.jpg 690w, https:\/\/monitor.al\/wp-content\/uploads\/2024\/09\/H2-420x225.jpg 420w\" alt=\"\" width=\"1070\" height=\"573\" aria-describedby=\"caption-attachment-418811\" data-pin-no-hover=\"true\" \/><\/div>\n","protected":false},"excerpt":{"rendered":"<p>Hyrjet e shqiptar\u00ebve t\u00eb Kosov\u00ebs ran\u00eb me 16% n\u00eb korrik 2024 krahasuar me t\u00eb nj\u00ebjtin muaj t\u00eb nj\u00eb viti m\u00eb par\u00eb. T\u00eb dh\u00ebnat e publikuara nga Instituti i Statistikave lidhur me vendet e origjin\u00ebs nga kan\u00eb ardhur shtetasit q\u00eb kan\u00eb hyr\u00eb n\u00eb vendin ton\u00eb, konfirmojn\u00eb at\u00eb q\u00eb m\u00eb her\u00ebt pohuan edhe tur-operator\u00eb: n\u00eb bregdetin shqiptar &hellip;<\/p>\n","protected":false},"author":4,"featured_media":89272,"comment_status":"closed","ping_status":"closed","sticky":false,"template":"","format":"standard","meta":{"footnotes":""},"categories":[37],"tags":[],"class_list":["post-89271","post","type-post","status-publish","format-standard","has-post-thumbnail","","category-politike"],"_links":{"self":[{"href":"https:\/\/rdnews.al\/index.php\/wp-json\/wp\/v2\/posts\/89271","targetHints":{"allow":["GET"]}}],"collection":[{"href":"https:\/\/rdnews.al\/index.php\/wp-json\/wp\/v2\/posts"}],"about":[{"href":"https:\/\/rdnews.al\/index.php\/wp-json\/wp\/v2\/types\/post"}],"author":[{"embeddable":true,"href":"https:\/\/rdnews.al\/index.php\/wp-json\/wp\/v2\/users\/4"}],"replies":[{"embeddable":true,"href":"https:\/\/rdnews.al\/index.php\/wp-json\/wp\/v2\/comments?post=89271"}],"version-history":[{"count":0,"href":"https:\/\/rdnews.al\/index.php\/wp-json\/wp\/v2\/posts\/89271\/revisions"}],"wp:featuredmedia":[{"embeddable":true,"href":"https:\/\/rdnews.al\/index.php\/wp-json\/wp\/v2\/media\/89272"}],"wp:attachment":[{"href":"https:\/\/rdnews.al\/index.php\/wp-json\/wp\/v2\/media?parent=89271"}],"wp:term":[{"taxonomy":"category","embeddable":true,"href":"https:\/\/rdnews.al\/index.php\/wp-json\/wp\/v2\/categories?post=89271"},{"taxonomy":"post_tag","embeddable":true,"href":"https:\/\/rdnews.al\/index.php\/wp-json\/wp\/v2\/tags?post=89271"}],"curies":[{"name":"wp","href":"https:\/\/api.w.org\/{rel}","templated":true}]}}