{"id":89371,"date":"2024-09-17T21:44:03","date_gmt":"2024-09-17T21:44:03","guid":{"rendered":"https:\/\/rdnews.al\/?p=89371"},"modified":"2024-09-17T21:44:03","modified_gmt":"2024-09-17T21:44:03","slug":"tallja-e-rames-me-pensionistet-u-rrit-me-pensionet-me-690-leke-ne-muaj","status":"publish","type":"post","link":"https:\/\/rdnews.al\/index.php\/2024\/09\/17\/tallja-e-rames-me-pensionistet-u-rrit-me-pensionet-me-690-leke-ne-muaj\/","title":{"rendered":"Tallja e Ram\u00ebs me pensionist\u00ebt, u rrit me pensionet me 690 lek\u00eb n\u00eb muaj"},"content":{"rendered":"<p>\u00cbsht\u00eb paralajm\u00ebruar prej koh\u00ebsh rritja e pensioneve n\u00eb fillim t\u00eb muajit tetor. Fundjav\u00ebn q\u00eb lam\u00eb pas u zbardh dhe VKM p\u00ebr m\u00ebnyr\u00ebn se si do t\u00eb indeksohen pensionet. Sipas vendimit t\u00eb K\u00ebshillit Administrativ t\u00eb ISSH, n\u00eb mbledhjen e tij t\u00eb dat\u00ebs 12.09.2024, i cili miratoi d\u00ebrgimin p\u00ebr shqyrtim n\u00eb Ministrin\u00eb e Ekonomis\u00eb, Kultur\u00ebs dhe Inovacionit t\u00eb projekt VKM \u201cP\u00ebr indeksimin e pensioneve\u201d, pensionet do indeksohen 4.1% nga tetori, dhe p\u00ebrfitues jan\u00eb 791 mij\u00eb pensionist\u00eb me nj\u00eb efekt n\u00eb buxhet prej 1.7 miliard\u00eb lek\u00eb deri n\u00eb fund t\u00eb vitit.<\/p>\n<p><strong>Sa \u00ebsht\u00eb rritja reale e pensionit?<\/strong><\/p>\n<p>Indeksimi dhe vlera financiare e v\u00ebn\u00eb n\u00eb dispozicion deri n\u00eb mbyllje t\u00eb vitit flasin qart\u00eb p\u00ebr nj\u00eb shif\u00ebr minimale rritjeje. Me nj\u00eb llogaritje t\u00eb mesatares aritmetike i bie q\u00eb rritja t\u00eb jet\u00eb 2150 lek\u00eb t\u00eb reja n\u00eb total p\u00ebr muajt Tetor, N\u00ebntor dhe Dhjetor, ose 716 lek\u00eb \/ muaj p\u00ebr \u00e7do pension-marr\u00ebs. Por kjo \u00ebsht\u00eb nj\u00eb mesatare, pasi ata q\u00eb kan\u00eb pension m\u00eb t\u00eb madh marrin di\u00e7ka m\u00eb shum\u00eb, apo e kund\u00ebrta p\u00ebr ata q\u00eb kan\u00eb nj\u00eb pension m\u00eb t\u00eb vog\u00ebl.<\/p>\n<div class=\"insertion-box\">\n<div class=\"inset\">\n<div class=\"reklame\"><\/div>\n<\/div>\n<\/div>\n<p><strong>A mjafton kjo rritje me \u00e7mimet q\u00eb jan\u00eb n\u00eb treg?<\/strong><\/p>\n<p>Skema e pensioneve q\u00eb n\u00eb vitin 1991 vijon t\u00eb jet\u00eb problematike dhe p\u00ebr k\u00ebt\u00eb \u00e7do dhjet\u00eb vjet \u00ebsht\u00eb hartuar nj\u00eb skem\u00eb e re. Edhe k\u00ebt\u00eb vit qeveria n\u00eb bashk\u00ebpunim me FMN dhe Bank\u00ebn Bot\u00ebrore po hartojn\u00eb nj\u00eb struktur\u00eb tjet\u00ebr pensionesh, q\u00eb gjithsesi mund t\u00eb sjell\u00eb nj\u00eb frym\u00ebmarrje, por mbeten pensione t\u00eb ul\u00ebta krahasuar me vendet e tjera.<\/p>\n<p>Normat e ul\u00ebta t\u00eb lindshm\u00ebris\u00eb dhe trendi n\u00eb r\u00ebnie, kombinuar me emigracionin e popullsis\u00eb n\u00eb mosh\u00eb riprodhuese ka sjell\u00eb ngushtimin e baz\u00ebs s\u00eb piramid\u00ebs s\u00eb popullsis\u00eb. Ministria e Financave ka p\u00ebrllogaritur q\u00eb shpenzimet totale t\u00eb Sigurimeve Shoq\u00ebrore p\u00ebr k\u00ebt\u00eb vit do t\u00eb jen\u00eb n\u00eb nivelin e 169,8 miliard\u00eb lek\u00ebve nga 159,9 miliard\u00eb vitin e shkuar.<\/p>\n<p>Lindshm\u00ebria n\u00ebn nivelin e z\u00ebvend\u00ebsimit prej vitit 2001, rritja e jet\u00ebgjat\u00ebsis\u00eb, si dhe migracioni mbeten faktor\u00ebt kryesor\u00eb t\u00eb plakjes s\u00eb popullsis\u00eb q\u00eb sot k\u00ebrc\u00ebnon m\u00eb shum\u00eb se kurr\u00eb skem\u00ebn e pensioneve.<\/p>\n<p>Q\u00eb skema e pensioneve t\u00eb mos kaloj\u00eb n\u00eb kolaps dhe t\u00eb mos p\u00ebrdoret me indeksime dhe me bonuse, duke e par\u00eb n\u00eb rrafshin politik (si votues), duhen par\u00eb t\u00eb gjith\u00eb skemat e funksionimit dhe ekspert\u00ebt sugjerojn\u00eb q\u00eb t\u00eb futet dhe pensioni i detyruar privat.<\/p>\n<p>Por deri at\u00ebher\u00eb n\u00eb Tetor pensionist\u00ebt presin rritje t\u00eb pensionit dhe ajo nuk do t\u00eb shkoj\u00eb m\u00eb shum\u00eb se 716 lek\u00eb n\u00eb muaj dhe kjo n\u00eb var\u00ebsi t\u00eb pensionit aktual q\u00eb marrin.<\/p>\n","protected":false},"excerpt":{"rendered":"<p>\u00cbsht\u00eb paralajm\u00ebruar prej koh\u00ebsh rritja e pensioneve n\u00eb fillim t\u00eb muajit tetor. Fundjav\u00ebn q\u00eb lam\u00eb pas u zbardh dhe VKM p\u00ebr m\u00ebnyr\u00ebn se si do t\u00eb indeksohen pensionet. Sipas vendimit t\u00eb K\u00ebshillit Administrativ t\u00eb ISSH, n\u00eb mbledhjen e tij t\u00eb dat\u00ebs 12.09.2024, i cili miratoi d\u00ebrgimin p\u00ebr shqyrtim n\u00eb Ministrin\u00eb e Ekonomis\u00eb, Kultur\u00ebs dhe Inovacionit &hellip;<\/p>\n","protected":false},"author":3,"featured_media":89372,"comment_status":"closed","ping_status":"closed","sticky":false,"template":"","format":"standard","meta":{"footnotes":""},"categories":[46],"tags":[],"class_list":["post-89371","post","type-post","status-publish","format-standard","has-post-thumbnail","","category-ekonomi"],"_links":{"self":[{"href":"https:\/\/rdnews.al\/index.php\/wp-json\/wp\/v2\/posts\/89371","targetHints":{"allow":["GET"]}}],"collection":[{"href":"https:\/\/rdnews.al\/index.php\/wp-json\/wp\/v2\/posts"}],"about":[{"href":"https:\/\/rdnews.al\/index.php\/wp-json\/wp\/v2\/types\/post"}],"author":[{"embeddable":true,"href":"https:\/\/rdnews.al\/index.php\/wp-json\/wp\/v2\/users\/3"}],"replies":[{"embeddable":true,"href":"https:\/\/rdnews.al\/index.php\/wp-json\/wp\/v2\/comments?post=89371"}],"version-history":[{"count":0,"href":"https:\/\/rdnews.al\/index.php\/wp-json\/wp\/v2\/posts\/89371\/revisions"}],"wp:featuredmedia":[{"embeddable":true,"href":"https:\/\/rdnews.al\/index.php\/wp-json\/wp\/v2\/media\/89372"}],"wp:attachment":[{"href":"https:\/\/rdnews.al\/index.php\/wp-json\/wp\/v2\/media?parent=89371"}],"wp:term":[{"taxonomy":"category","embeddable":true,"href":"https:\/\/rdnews.al\/index.php\/wp-json\/wp\/v2\/categories?post=89371"},{"taxonomy":"post_tag","embeddable":true,"href":"https:\/\/rdnews.al\/index.php\/wp-json\/wp\/v2\/tags?post=89371"}],"curies":[{"name":"wp","href":"https:\/\/api.w.org\/{rel}","templated":true}]}}