{"id":89535,"date":"2024-09-19T10:56:32","date_gmt":"2024-09-19T10:56:32","guid":{"rendered":"https:\/\/rdnews.al\/?p=89535"},"modified":"2024-09-19T10:57:11","modified_gmt":"2024-09-19T10:57:11","slug":"homazhet-per-gerti-bogdanin-topalli-shperthen-ne-lot-dhe-largohet-nga-prononcimi-per-mediat","status":"publish","type":"post","link":"https:\/\/rdnews.al\/index.php\/2024\/09\/19\/homazhet-per-gerti-bogdanin-topalli-shperthen-ne-lot-dhe-largohet-nga-prononcimi-per-mediat\/","title":{"rendered":"Homazhe p\u00ebr Gerti Bogdanin, Topalli &#8220;shp\u00ebrthen&#8221; n\u00eb lot dhe largohet nga prononcimi p\u00ebr mediat"},"content":{"rendered":"<p>N\u00eb Kuvendin e Shqip\u00ebris\u00eb jan\u00eb zhvilluar homazhet n\u00eb nder t\u00eb ish-deputetit demokrat, Gerti Bogdani, i cili u nda nga jeta dit\u00ebn e djeshme n\u00eb mosh\u00ebn 44-vje\u00e7are.<\/p>\n<p>Figura t\u00eb larta politike, miq dhe koleg\u00eb t\u00eb tij i kan\u00eb dh\u00ebn\u00eb lamtumir\u00ebn e fundit ish-deputetit t\u00eb ndjer\u00eb, i cili nd\u00ebrroi jet\u00eb papritur si pasoj\u00eb e nj\u00eb arresti kardiak. Nj\u00eb prej politikan\u00ebve q\u00eb kan\u00eb marr\u00eb pjes\u00eb n\u00eb homazhe ka qen\u00eb edhe ish-kryetarja e Kuvendit, Jozefina Topalli.<\/p>\n<p>Mes lot\u00ebsh,Jozefina Topalli u mundua t\u00eb jepte nj\u00eb prononcim t\u00eb shkurt\u00ebr p\u00ebr media, por q\u00eb nuk mundi dot ta p\u00ebrfundonte at\u00eb p\u00ebr shkak t\u00eb gjendjes s\u00eb r\u00ebnduar emocionale.<\/p>\n<p><em>\u201cGerti ishte ndryshe nga t\u00eb gjith\u00eb t\u00eb tjer\u00ebt! Gerti ishte ndryshe\u201d,<\/em>\u00a0tha mes lot\u00ebsh Jozefina Topalli dhe m\u00eb pas u largua.<\/p>\n<p><iframe loading=\"lazy\" title=\"Humbja e Gert Bogdanit! Jozefina Topalli shp\u00ebrthen n\u00eb lot!\" src=\"https:\/\/www.youtube.com\/embed\/Okl9vm2M7JQ\" width=\"692\" height=\"388\" frameborder=\"0\" allowfullscreen=\"allowfullscreen\" data-mce-fragment=\"1\"><\/iframe><\/p>\n<div class=\"jnews_inline_related_post_wrapper left\">\n<div class=\"jnews_inline_related_post\">\n<div class=\"jeg_postblock_29 jeg_postblock jeg_module_hook jeg_pagination_disable jeg_col_2o3 jnews_module_1441237_1_66ec01b7dda93 \" data-unique=\"jnews_module_1441237_1_66ec01b7dda93\">\n<div class=\"jeg_block_heading jeg_block_heading_6 jeg_subcat_right\">\n<h3 class=\"jeg_block_title\"><\/h3>\n<\/div>\n<\/div>\n<\/div>\n<\/div>\n","protected":false},"excerpt":{"rendered":"<p>N\u00eb Kuvendin e Shqip\u00ebris\u00eb jan\u00eb zhvilluar homazhet n\u00eb nder t\u00eb ish-deputetit demokrat, Gerti Bogdani, i cili u nda nga jeta dit\u00ebn e djeshme n\u00eb mosh\u00ebn 44-vje\u00e7are. Figura t\u00eb larta politike, miq dhe koleg\u00eb t\u00eb tij i kan\u00eb dh\u00ebn\u00eb lamtumir\u00ebn e fundit ish-deputetit t\u00eb ndjer\u00eb, i cili nd\u00ebrroi jet\u00eb papritur si pasoj\u00eb e nj\u00eb arresti kardiak. &hellip;<\/p>\n","protected":false},"author":4,"featured_media":89536,"comment_status":"closed","ping_status":"closed","sticky":false,"template":"","format":"standard","meta":{"footnotes":""},"categories":[37],"tags":[],"class_list":["post-89535","post","type-post","status-publish","format-standard","has-post-thumbnail","","category-politike"],"_links":{"self":[{"href":"https:\/\/rdnews.al\/index.php\/wp-json\/wp\/v2\/posts\/89535","targetHints":{"allow":["GET"]}}],"collection":[{"href":"https:\/\/rdnews.al\/index.php\/wp-json\/wp\/v2\/posts"}],"about":[{"href":"https:\/\/rdnews.al\/index.php\/wp-json\/wp\/v2\/types\/post"}],"author":[{"embeddable":true,"href":"https:\/\/rdnews.al\/index.php\/wp-json\/wp\/v2\/users\/4"}],"replies":[{"embeddable":true,"href":"https:\/\/rdnews.al\/index.php\/wp-json\/wp\/v2\/comments?post=89535"}],"version-history":[{"count":0,"href":"https:\/\/rdnews.al\/index.php\/wp-json\/wp\/v2\/posts\/89535\/revisions"}],"wp:featuredmedia":[{"embeddable":true,"href":"https:\/\/rdnews.al\/index.php\/wp-json\/wp\/v2\/media\/89536"}],"wp:attachment":[{"href":"https:\/\/rdnews.al\/index.php\/wp-json\/wp\/v2\/media?parent=89535"}],"wp:term":[{"taxonomy":"category","embeddable":true,"href":"https:\/\/rdnews.al\/index.php\/wp-json\/wp\/v2\/categories?post=89535"},{"taxonomy":"post_tag","embeddable":true,"href":"https:\/\/rdnews.al\/index.php\/wp-json\/wp\/v2\/tags?post=89535"}],"curies":[{"name":"wp","href":"https:\/\/api.w.org\/{rel}","templated":true}]}}