{"id":89539,"date":"2024-09-19T11:01:35","date_gmt":"2024-09-19T11:01:35","guid":{"rendered":"https:\/\/rdnews.al\/?p=89539"},"modified":"2024-09-19T11:01:35","modified_gmt":"2024-09-19T11:01:35","slug":"bllokoi-integrimin-per-nje-dekade-rama-ia-faturon-deshtimin-e-tij-qytetareve","status":"publish","type":"post","link":"https:\/\/rdnews.al\/index.php\/2024\/09\/19\/bllokoi-integrimin-per-nje-dekade-rama-ia-faturon-deshtimin-e-tij-qytetareve\/","title":{"rendered":"Bllokoi integrimin p\u00ebr nj\u00eb dekad\u00eb, Rama ia faturon d\u00ebshtimin e tij qytetar\u00ebve"},"content":{"rendered":"<p>Kryeministri Edi Rama, n\u00eb konferenc\u00ebn e p\u00ebrbashk\u00ebt me presidentin e Komitetit Ekonomik dhe Social Europian, Oliver R\u00f6pke, foli p\u00ebr hapat e m\u00ebtejsh\u00ebm drejt BE-s\u00eb.<\/p>\n<p>Rama u shpreh se procesi i integrimit n\u00eb BE nuk \u00ebsht\u00eb thjesht\u00eb nj\u00eb \u00e7\u00ebshtje q\u00eb i p\u00ebrket qeveris\u00eb, por iu p\u00ebrket t\u00eb gjith\u00eb qytetar\u00ebve shqiptar\u00eb. Njeriu q\u00eb ka bllokuar p\u00ebr m\u00eb shum\u00eb se nj\u00eb dekad\u00eb integrimin e vendit, vendosi q\u00eb d\u00ebshtmin e tij, t\u2019ua faturoj\u00eb qytetar\u00ebve.<\/p>\n<p><em>\u201cProcesi i integrimit n\u00eb BE nuk i p\u00ebrket vet\u00ebm qeveris\u00eb por t\u00eb gjith\u00eb qytetar\u00ebve. Dhe un jam shum\u00eb i emocionuar p\u00ebr mb\u00ebshtetjen q\u00eb ka dh\u00ebn\u00eb Ropke dhe ekipi i tij dhe kjo na jep mund\u00ebsin\u00eb q\u00eb t\u2019i tregojm\u00eb qytetar\u00ebve tan\u00eb se sa e r\u00ebnd\u00ebsishme \u00ebsht\u00eb q\u00eb rruga drejt BE \u00ebsht\u00eb nj\u00eb rrug\u00eb ku duhet p\u00ebrfshir\u00eb gjith\u00eb shoq\u00ebria jo vet\u00ebm disa aktor\u00eb. Ne presim q\u00eb me k\u00ebt\u00eb p\u00ebrfshirje dhe konsultimeve do t\u00eb shohim q\u00eb do t\u00eb jet\u00eb nj\u00eb situat\u00eb m\u00eb thelb\u00ebsore dhe nd\u00ebrveprimi brenda shoq\u00ebris\u00eb do t\u00eb jet\u00eb m\u00eb i r\u00ebnd\u00ebsish\u00ebm. Synimi \u00ebsht\u00eb t\u00eb forcojm\u00eb bashk\u00ebpunimin ton\u00eb q\u00eb t\u00eb tregojm\u00eb se jemi t\u00eb gatshme p\u00ebr t\u00eb p\u00ebrshpejtuar an\u00ebtar\u00ebsimin n\u00eb BE<\/em>\u201d, tha Rama.<\/p>\n","protected":false},"excerpt":{"rendered":"<p>Kryeministri Edi Rama, n\u00eb konferenc\u00ebn e p\u00ebrbashk\u00ebt me presidentin e Komitetit Ekonomik dhe Social Europian, Oliver R\u00f6pke, foli p\u00ebr hapat e m\u00ebtejsh\u00ebm drejt BE-s\u00eb. Rama u shpreh se procesi i integrimit n\u00eb BE nuk \u00ebsht\u00eb thjesht\u00eb nj\u00eb \u00e7\u00ebshtje q\u00eb i p\u00ebrket qeveris\u00eb, por iu p\u00ebrket t\u00eb gjith\u00eb qytetar\u00ebve shqiptar\u00eb. Njeriu q\u00eb ka bllokuar p\u00ebr m\u00eb &hellip;<\/p>\n","protected":false},"author":4,"featured_media":89540,"comment_status":"closed","ping_status":"closed","sticky":false,"template":"","format":"standard","meta":{"footnotes":""},"categories":[37],"tags":[],"class_list":["post-89539","post","type-post","status-publish","format-standard","has-post-thumbnail","","category-politike"],"_links":{"self":[{"href":"https:\/\/rdnews.al\/index.php\/wp-json\/wp\/v2\/posts\/89539","targetHints":{"allow":["GET"]}}],"collection":[{"href":"https:\/\/rdnews.al\/index.php\/wp-json\/wp\/v2\/posts"}],"about":[{"href":"https:\/\/rdnews.al\/index.php\/wp-json\/wp\/v2\/types\/post"}],"author":[{"embeddable":true,"href":"https:\/\/rdnews.al\/index.php\/wp-json\/wp\/v2\/users\/4"}],"replies":[{"embeddable":true,"href":"https:\/\/rdnews.al\/index.php\/wp-json\/wp\/v2\/comments?post=89539"}],"version-history":[{"count":0,"href":"https:\/\/rdnews.al\/index.php\/wp-json\/wp\/v2\/posts\/89539\/revisions"}],"wp:featuredmedia":[{"embeddable":true,"href":"https:\/\/rdnews.al\/index.php\/wp-json\/wp\/v2\/media\/89540"}],"wp:attachment":[{"href":"https:\/\/rdnews.al\/index.php\/wp-json\/wp\/v2\/media?parent=89539"}],"wp:term":[{"taxonomy":"category","embeddable":true,"href":"https:\/\/rdnews.al\/index.php\/wp-json\/wp\/v2\/categories?post=89539"},{"taxonomy":"post_tag","embeddable":true,"href":"https:\/\/rdnews.al\/index.php\/wp-json\/wp\/v2\/tags?post=89539"}],"curies":[{"name":"wp","href":"https:\/\/api.w.org\/{rel}","templated":true}]}}