{"id":89579,"date":"2024-09-19T17:49:10","date_gmt":"2024-09-19T17:49:10","guid":{"rendered":"https:\/\/rdnews.al\/?p=89579"},"modified":"2024-09-19T17:49:10","modified_gmt":"2024-09-19T17:49:10","slug":"partia-popullore-europiane-mesazh-ngushellimi-per-ndarjen-nga-jeta-te-gerti-bogdanit","status":"publish","type":"post","link":"https:\/\/rdnews.al\/index.php\/2024\/09\/19\/partia-popullore-europiane-mesazh-ngushellimi-per-ndarjen-nga-jeta-te-gerti-bogdanit\/","title":{"rendered":"Partia Popullore Europiane mesazh ngush\u00ebllimi p\u00ebr ndarjen nga jeta t\u00eb Gerti Bogdanit"},"content":{"rendered":"<p>Partia Popullore Europiane dhe Forumi Rinor i saj kan\u00eb reaguar p\u00ebrmes nj\u00eb mesazhi ngush\u00ebllues ndaj humbjes s\u00eb t\u00eb ndjerit, Gerti Bogdani.<\/p>\n<p>Ish-deputeti i Partis\u00eb Demokratike humbi jet\u00ebn t\u00eb m\u00ebrkur\u00ebn nga nj\u00eb arrest kardiak, n\u00eb ambientet e nj\u00eb lokali ku po konsumonte kafen me miqt\u00eb e tij.<\/p>\n<p><strong>Mesazhi i Partis\u00eb Popullore Europiane(EPP):<\/strong><\/p>\n<p><em>\u201cMe dhimbje t\u00eb thell\u00eb njoftojm\u00eb ndarjen nga jeta t\u00eb Gerti Bogdanit, i cili u largua nga ne m\u00eb 18 shtator n\u00eb mosh\u00ebn 44-vje\u00e7are.<\/em><\/p>\n<p><em>Gerti ishte nj\u00eb drejtues i p\u00ebrkushtuar dhe nj\u00eb figur\u00eb dometh\u00ebn\u00ebse n\u00eb komunitetin ton\u00eb, pasi ka sh\u00ebrbyer si ish-kryetar i FRPD Albania dhe ish-sekretar nd\u00ebrkomb\u00ebtar i Partis\u00eb Demokratike t\u00eb Shqip\u00ebris\u00eb.<\/em><\/p>\n<p><em>Mandati i tij i jasht\u00ebzakonsh\u00ebm si President i Unionit Nd\u00ebrkomb\u00ebtar t\u00eb Demokrat\u00ebve t\u00eb Rinj (IYDU) sh\u00ebnoi gjithashtu nj\u00eb kontribut t\u00eb r\u00ebnd\u00ebsish\u00ebm n\u00eb rrjetin ton\u00eb global.<\/em><\/p>\n<p><em>Pasioni, vizioni dhe p\u00ebrkushtimi i Gertit p\u00ebr pun\u00ebn dhe komunitetin e tij do t\u00eb mbahet mend dhe do t\u00eb vler\u00ebsohet. Mendimet tona jan\u00eb me familjen e tij, miqt\u00eb dhe t\u00eb gjith\u00eb ata q\u00eb pat\u00ebn privilegjin ta njihnin dhe t\u00eb punonin me t\u00eb.<\/em><\/p>\n<p><em>U prefsh ne paqe Gerti\u201d!<\/em><\/p>\n","protected":false},"excerpt":{"rendered":"<p>Partia Popullore Europiane dhe Forumi Rinor i saj kan\u00eb reaguar p\u00ebrmes nj\u00eb mesazhi ngush\u00ebllues ndaj humbjes s\u00eb t\u00eb ndjerit, Gerti Bogdani. Ish-deputeti i Partis\u00eb Demokratike humbi jet\u00ebn t\u00eb m\u00ebrkur\u00ebn nga nj\u00eb arrest kardiak, n\u00eb ambientet e nj\u00eb lokali ku po konsumonte kafen me miqt\u00eb e tij. Mesazhi i Partis\u00eb Popullore Europiane(EPP): \u201cMe dhimbje t\u00eb thell\u00eb &hellip;<\/p>\n","protected":false},"author":4,"featured_media":89580,"comment_status":"closed","ping_status":"closed","sticky":false,"template":"","format":"standard","meta":{"footnotes":""},"categories":[37],"tags":[],"class_list":["post-89579","post","type-post","status-publish","format-standard","has-post-thumbnail","","category-politike"],"_links":{"self":[{"href":"https:\/\/rdnews.al\/index.php\/wp-json\/wp\/v2\/posts\/89579","targetHints":{"allow":["GET"]}}],"collection":[{"href":"https:\/\/rdnews.al\/index.php\/wp-json\/wp\/v2\/posts"}],"about":[{"href":"https:\/\/rdnews.al\/index.php\/wp-json\/wp\/v2\/types\/post"}],"author":[{"embeddable":true,"href":"https:\/\/rdnews.al\/index.php\/wp-json\/wp\/v2\/users\/4"}],"replies":[{"embeddable":true,"href":"https:\/\/rdnews.al\/index.php\/wp-json\/wp\/v2\/comments?post=89579"}],"version-history":[{"count":0,"href":"https:\/\/rdnews.al\/index.php\/wp-json\/wp\/v2\/posts\/89579\/revisions"}],"wp:featuredmedia":[{"embeddable":true,"href":"https:\/\/rdnews.al\/index.php\/wp-json\/wp\/v2\/media\/89580"}],"wp:attachment":[{"href":"https:\/\/rdnews.al\/index.php\/wp-json\/wp\/v2\/media?parent=89579"}],"wp:term":[{"taxonomy":"category","embeddable":true,"href":"https:\/\/rdnews.al\/index.php\/wp-json\/wp\/v2\/categories?post=89579"},{"taxonomy":"post_tag","embeddable":true,"href":"https:\/\/rdnews.al\/index.php\/wp-json\/wp\/v2\/tags?post=89579"}],"curies":[{"name":"wp","href":"https:\/\/api.w.org\/{rel}","templated":true}]}}