{"id":89607,"date":"2024-09-19T20:34:59","date_gmt":"2024-09-19T20:34:59","guid":{"rendered":"https:\/\/rdnews.al\/?p=89607"},"modified":"2024-09-19T20:35:16","modified_gmt":"2024-09-19T20:35:16","slug":"berisha-bandat-hanxharet-e-krimit-me-te-cilet-edi-rama-ekzekuton-fletet-e-votimit","status":"publish","type":"post","link":"https:\/\/rdnews.al\/index.php\/2024\/09\/19\/berisha-bandat-hanxharet-e-krimit-me-te-cilet-edi-rama-ekzekuton-fletet-e-votimit\/","title":{"rendered":"Berisha: Bandat, hanxhar\u00ebt e krimit me t\u00eb cil\u00ebt Rama ekzekuton flet\u00ebt e votimit"},"content":{"rendered":"<p>Kryetari i PD, Sali Berisha ka zbuluar arsyen p\u00ebrse u vendos\u00ebn vet\u00ebm burra n\u00eb postin e drejtuesve politik t\u00eb qarqeve.<\/p>\n<p>N\u00eb emisionin \u2018Opinion\u2019, Berisha theksoi se ky \u00ebsht\u00eb nj\u00eb defekt serioz i diktuar nga nj\u00eb realitet dramatik shqiptar, bandat b\u00ebjn\u00eb ligjin, bandat vendosin me vras\u00ebsit seria me urdh\u00ebr t\u00eb Edi Ram\u00ebs kudo.<\/p>\n<p>Sipas tij, PD vendosi vet\u00ebm burra pasi \u00ebsht\u00eb gjykuar q\u00eb t\u00eb jen\u00eb ata q\u00eb do t\u00eb \u2018p\u00ebrplasen me t\u00eb k\u00ebt\u00eb realitet\u2019.<\/p>\n<p><strong>Berisha:<\/strong>\u00a0\u00cbsht\u00eb nj\u00eb defekt serioz i diktuar nga nj\u00eb realitet dramatik shqiptar, bandat b\u00ebjn\u00eb ligjin, bandat vendosin me vras\u00ebsit seria me urdh\u00ebr t\u00eb Edi Ram\u00ebs kudo. N\u00eb k\u00ebt\u00eb kontekst, ndoshta llogarit\u00eb nuk jan\u00eb mir\u00eb, por \u00ebsht\u00eb gjykuar t\u00eb jen\u00eb burra t\u00eb cil\u00ebt do p\u00ebrballen me realitetin dhe garantoj grat\u00eb dhe vajzat se ato do ken\u00eb t\u00eb gjith\u00eb vendin q\u00eb meritojn\u00eb n\u00eb parlamentin e ardhsh\u00ebm dhe qeverin\u00eb e ardhshme t\u00eb PD. Rezultati q\u00eb diktohet nga bandat \u00ebsht\u00eb rezultat q\u00eb nuk shpreh vullnetin e zgjedh\u00ebsve shqiptar\u00eb. Bandat jan\u00eb hanxhar\u00ebt e krimit me t\u00eb cil\u00ebt Edi Rama ekzekuton flet\u00ebt e votimit para se t\u00eb futen n\u00eb kuti.<\/p>\n","protected":false},"excerpt":{"rendered":"<p>Kryetari i PD, Sali Berisha ka zbuluar arsyen p\u00ebrse u vendos\u00ebn vet\u00ebm burra n\u00eb postin e drejtuesve politik t\u00eb qarqeve. N\u00eb emisionin \u2018Opinion\u2019, Berisha theksoi se ky \u00ebsht\u00eb nj\u00eb defekt serioz i diktuar nga nj\u00eb realitet dramatik shqiptar, bandat b\u00ebjn\u00eb ligjin, bandat vendosin me vras\u00ebsit seria me urdh\u00ebr t\u00eb Edi Ram\u00ebs kudo. Sipas tij, PD &hellip;<\/p>\n","protected":false},"author":4,"featured_media":84608,"comment_status":"closed","ping_status":"closed","sticky":false,"template":"","format":"standard","meta":{"footnotes":""},"categories":[37],"tags":[],"class_list":["post-89607","post","type-post","status-publish","format-standard","has-post-thumbnail","","category-politike"],"_links":{"self":[{"href":"https:\/\/rdnews.al\/index.php\/wp-json\/wp\/v2\/posts\/89607","targetHints":{"allow":["GET"]}}],"collection":[{"href":"https:\/\/rdnews.al\/index.php\/wp-json\/wp\/v2\/posts"}],"about":[{"href":"https:\/\/rdnews.al\/index.php\/wp-json\/wp\/v2\/types\/post"}],"author":[{"embeddable":true,"href":"https:\/\/rdnews.al\/index.php\/wp-json\/wp\/v2\/users\/4"}],"replies":[{"embeddable":true,"href":"https:\/\/rdnews.al\/index.php\/wp-json\/wp\/v2\/comments?post=89607"}],"version-history":[{"count":0,"href":"https:\/\/rdnews.al\/index.php\/wp-json\/wp\/v2\/posts\/89607\/revisions"}],"wp:featuredmedia":[{"embeddable":true,"href":"https:\/\/rdnews.al\/index.php\/wp-json\/wp\/v2\/media\/84608"}],"wp:attachment":[{"href":"https:\/\/rdnews.al\/index.php\/wp-json\/wp\/v2\/media?parent=89607"}],"wp:term":[{"taxonomy":"category","embeddable":true,"href":"https:\/\/rdnews.al\/index.php\/wp-json\/wp\/v2\/categories?post=89607"},{"taxonomy":"post_tag","embeddable":true,"href":"https:\/\/rdnews.al\/index.php\/wp-json\/wp\/v2\/tags?post=89607"}],"curies":[{"name":"wp","href":"https:\/\/api.w.org\/{rel}","templated":true}]}}