{"id":89625,"date":"2024-09-20T08:17:48","date_gmt":"2024-09-20T08:17:48","guid":{"rendered":"https:\/\/rdnews.al\/?p=89625"},"modified":"2024-09-20T08:17:48","modified_gmt":"2024-09-20T08:17:48","slug":"kurti-zgjerimi-i-be-pergjigjja-me-e-mire-per-te-gjithe-ata-qe-kercenojne-sigurine","status":"publish","type":"post","link":"https:\/\/rdnews.al\/index.php\/2024\/09\/20\/kurti-zgjerimi-i-be-pergjigjja-me-e-mire-per-te-gjithe-ata-qe-kercenojne-sigurine\/","title":{"rendered":"Kurti: Zgjerimi i BE, p\u00ebrgjigjja m\u00eb e mir\u00eb p\u00ebr t\u00eb gjith\u00eb ata q\u00eb k\u00ebrc\u00ebnojn\u00eb sigurin\u00eb!"},"content":{"rendered":"<p>Kryeministri i Kosov\u00ebs, Albin Kurti, ka njoftuar se n\u00eb drek\u00ebn e pun\u00ebs t\u00eb shtruar n\u00eb Bruksel nga Presidentja e Komisionit Evropian, bashk\u00eb me lider\u00ebt e tjer\u00eb t\u00eb Ballkanit Per\u00ebndimor, kan\u00eb diskutuar p\u00ebr Planin e Rritjes.<\/p>\n<p>Kurti ka th\u00ebn\u00eb se Kosova \u00ebsht\u00eb vendi i par\u00eb q\u00eb ka avancuar me hapat e nevojsh\u00ebm, si dor\u00ebzimi i Agjend\u00ebs s\u00eb Reformave q\u00eb ka qen\u00eb kriter p\u00ebr t\u00eb p\u00ebrfituar nga ky plan, raporton Express.<\/p>\n<p>Kurti ka th\u00ebn\u00eb se an\u00ebtar\u00ebsimi n\u00eb Bashkimin Evropian, mbetet objektiv i qart\u00eb i Kosov\u00ebs.<\/p>\n<p>\u201cHapin e par\u00eb formal t\u00eb aplikimit e kemi b\u00ebr\u00eb dhjetorin e vitit 2022, dhe bashk\u00eb me rikthimin e zgjerimit n\u00eb agjend\u00ebn e Bashkimit Evropian, \u00ebsht\u00eb koha e duhur q\u00eb Kosova t\u00eb marr\u00eb statusin e merituar t\u00eb vendit kandidat. \u00a0Kemi p\u00ebrmbushur shum\u00eb reforma, treguar p\u00ebrkushtim t\u00eb pal\u00ebkundur ndaj vlerave evropiane e demokratike si dhe nivel t\u00eb lart\u00eb t\u00eb p\u00ebrgatitjes institucionale. E d\u00ebshmuam k\u00ebt\u00eb edhe me Planin e Rritjes, ku jemi vendi i par\u00eb q\u00eb kemi avancuar me hapat e nevojsh\u00ebm, si dor\u00ebzimi i Agjend\u00ebs s\u00eb Reformave\u201d,\u00a0ka shkruar Kurti.<\/p>\n<p>N\u00eb fund, ai ka th\u00ebn\u00eb se zgjerimi i Bashkimit Evropian, sidomos pas agresionit ushtarak rus n\u00eb Ukrain\u00eb, \u00ebsht\u00eb p\u00ebrgjigjja m\u00eb e mir\u00eb p\u00ebr t\u00eb gjith\u00eb ata q\u00eb k\u00ebrc\u00ebnojn\u00eb sigurin\u00eb, paqen dhe unitetin e Evrop\u00ebs.<\/p>\n","protected":false},"excerpt":{"rendered":"<p>Kryeministri i Kosov\u00ebs, Albin Kurti, ka njoftuar se n\u00eb drek\u00ebn e pun\u00ebs t\u00eb shtruar n\u00eb Bruksel nga Presidentja e Komisionit Evropian, bashk\u00eb me lider\u00ebt e tjer\u00eb t\u00eb Ballkanit Per\u00ebndimor, kan\u00eb diskutuar p\u00ebr Planin e Rritjes. Kurti ka th\u00ebn\u00eb se Kosova \u00ebsht\u00eb vendi i par\u00eb q\u00eb ka avancuar me hapat e nevojsh\u00ebm, si dor\u00ebzimi i Agjend\u00ebs &hellip;<\/p>\n","protected":false},"author":4,"featured_media":89626,"comment_status":"closed","ping_status":"closed","sticky":false,"template":"","format":"standard","meta":{"footnotes":""},"categories":[38],"tags":[],"class_list":["post-89625","post","type-post","status-publish","format-standard","has-post-thumbnail","","category-bota"],"_links":{"self":[{"href":"https:\/\/rdnews.al\/index.php\/wp-json\/wp\/v2\/posts\/89625","targetHints":{"allow":["GET"]}}],"collection":[{"href":"https:\/\/rdnews.al\/index.php\/wp-json\/wp\/v2\/posts"}],"about":[{"href":"https:\/\/rdnews.al\/index.php\/wp-json\/wp\/v2\/types\/post"}],"author":[{"embeddable":true,"href":"https:\/\/rdnews.al\/index.php\/wp-json\/wp\/v2\/users\/4"}],"replies":[{"embeddable":true,"href":"https:\/\/rdnews.al\/index.php\/wp-json\/wp\/v2\/comments?post=89625"}],"version-history":[{"count":0,"href":"https:\/\/rdnews.al\/index.php\/wp-json\/wp\/v2\/posts\/89625\/revisions"}],"wp:featuredmedia":[{"embeddable":true,"href":"https:\/\/rdnews.al\/index.php\/wp-json\/wp\/v2\/media\/89626"}],"wp:attachment":[{"href":"https:\/\/rdnews.al\/index.php\/wp-json\/wp\/v2\/media?parent=89625"}],"wp:term":[{"taxonomy":"category","embeddable":true,"href":"https:\/\/rdnews.al\/index.php\/wp-json\/wp\/v2\/categories?post=89625"},{"taxonomy":"post_tag","embeddable":true,"href":"https:\/\/rdnews.al\/index.php\/wp-json\/wp\/v2\/tags?post=89625"}],"curies":[{"name":"wp","href":"https:\/\/api.w.org\/{rel}","templated":true}]}}