{"id":89643,"date":"2024-09-20T09:51:29","date_gmt":"2024-09-20T09:51:29","guid":{"rendered":"https:\/\/rdnews.al\/?p=89643"},"modified":"2024-09-20T10:40:29","modified_gmt":"2024-09-20T10:40:29","slug":"ish-zv-ministri-gozhdohet-ne-komisionin-hetimor-parlamentar-per-qendren-e-sterilizimit","status":"publish","type":"post","link":"https:\/\/rdnews.al\/index.php\/2024\/09\/20\/ish-zv-ministri-gozhdohet-ne-komisionin-hetimor-parlamentar-per-qendren-e-sterilizimit\/","title":{"rendered":"Ish-zv\/ministri \u201cgozhdohet\u201d n\u00eb komisionin hetimor parlamentar p\u00ebr qendr\u00ebn e sterilizimit"},"content":{"rendered":"<p>Ish-zv.ministri i Sh\u00ebndet\u00ebsis\u00eb, Klodjan Rrepaj, i cili ndodhet n\u00eb qeli p\u00ebr afer\u00ebn e sterilizimit po d\u00ebshmon sot n\u00eb komisionin hetimor p\u00ebr koncesionet n\u00eb sh\u00ebndet\u00ebsi, pik\u00ebrisht p\u00ebr k\u00ebt\u00eb afer\u00eb.<\/p>\n<p>Kryetarja e Komisionit, Albana Vokshi, e pyeti ish-zvministrin n\u00ebse ishte n\u00eb dijeni t\u00eb memos q\u00eb ish-drejtoresha e QSUT, Ogerta Manastirliu i ka d\u00ebrguar ministrit t\u00eb asaj kohe, ku ngrite shqet\u00ebsimin p\u00ebr mos v\u00ebnien n\u00eb pun\u00eb t\u00eb qendr\u00ebs s\u00eb sterilizimit.<\/p>\n<p>Rrjepaj tha se ishte n\u00eb dijeni t\u00eb masterplanit t\u00eb QSUT-s\u00eb p\u00ebr sterilizimin, por se nuk i kisht\u00eb r\u00ebn\u00eb n\u00eb dor\u00eb memoja e Ogerta Manastirliut n\u00eb at\u00eb koh\u00eb drejtoresh\u00eb e QSUT-s\u00eb.<\/p>\n<p>B\u00ebhet fjal\u00eb p\u00ebr memon e dat\u00ebs 26 qershor 2014 q\u00eb Ogerta Manastirliu ia d\u00ebrgoi ministrit t\u00eb at\u00ebhersh\u00ebm Beqaj ku pranohet se reparti qendror i sterilizimit n\u00eb QSUT ishte teknologji avangard\u00eb p\u00ebr procesin e rip\u00ebrshtatjes s\u00eb sterilizimit me avull, sterilizimit n\u00eb t\u00eb that\u00eb dhe mir\u00ebmbajtjes dhe rip\u00ebrpunimit t\u00eb t\u00eb gjith\u00eb instrumenteve kirurgjikale.<\/p>\n<p>Gjithashtu, kryetarja e komisionit, Albana Vokshi \u00ebsht\u00eb ndalur edhe n\u00eb kredin\u00eb e dyt\u00eb t\u00eb marr\u00eb p\u00ebr procesin e sterilizmit. Sipas deputetes demokrate, kredia nuk \u00ebsht\u00eb n\u00eb studimin e fizibilitetit dhe ka pyetur ish-zv.ministrin se p\u00ebrse nuk \u00ebsht\u00eb vendosur. Rrjepaj \u00ebsht\u00eb p\u00ebrgjigjur s\u00ebrish se nuk ka qen\u00eb n\u00eb dijeni p\u00ebr kredin\u00eb.<\/p>\n<div class=\"jnews_inline_related_post_wrapper left\">\n<div class=\"jnews_inline_related_post\">\n<div class=\"jeg_postblock_29 jeg_postblock jeg_module_hook jeg_pagination_disable jeg_col_2o3 jnews_module_1441777_1_66ed43318d920 \" data-unique=\"jnews_module_1441777_1_66ed43318d920\">\n<div class=\"jeg_block_heading jeg_block_heading_6 jeg_subcat_right\"><\/div>\n<div class=\"jeg_block_navigation\">M\u00eb pas Vokshi ka vijuar duke e pyetur p\u00ebr kredin\u00eb e dyt\u00eb t\u00eb munguar n\u00eb planin e fizibilitetit, nj\u00eb kredi e miratuar nga Banka Europiane.<\/div>\n<\/div>\n<\/div>\n<\/div>\n<p><strong>DISKUTIMET<\/strong><\/p>\n<p><strong>Vokshi: Kur e keni marr\u00eb k\u00ebt\u00eb detyr\u00eb, n\u00eb baz\u00eb t\u00eb cilit urdh\u00ebr?\u00a0<\/strong><\/p>\n<p><strong>Rrjepaj:\u00a0<\/strong>K\u00ebt\u00eb detyr\u00eb e kam marr\u00eb n\u00eb gusht t\u00eb vitit 2014. Si kryetar i komisionit t\u00eb procesist konsultativ p\u00ebr sterilizimin. Nd\u00ebrkoh\u00eb q\u00eb ka qen\u00eb nj\u00eb parap\u00ebrgatitje me ministrin, kemi pasur nj\u00eb vizit\u00eb studimore.<\/p>\n<p><strong>Vokshi: Keni mbajtur detyra t\u00eb tjera n\u00eb Ministrin\u00eb e Sh\u00ebndet\u00ebsis\u00eb, cilat kan\u00eb qen\u00eb dhe cilat periudha.<\/strong><\/p>\n<p><strong>Rrjepaj<\/strong>: Kam qen\u00eb nga viti 2009-2012 shefi i Kabinetit t\u00eb Ministris\u00eb s\u00eb Sh\u00ebndet\u00ebsis\u00eb dhe nga 2013 deri n\u00eb 2017 kam qen\u00eb zv.minist\u00ebr i Sh\u00ebndet\u00ebsis\u00eb.<\/p>\n<p><strong>Vokshi: Pjesa e procesit t\u00eb sterilizimit ka nisur m\u00eb her\u00ebt, n\u00eb periudh\u00ebn q\u00eb ju keni pasur nj\u00eb detyr\u00eb n\u00eb ministri. A jeni n\u00eb dijeni t\u00eb master planit t\u00eb hartuar me ndih\u00ebm e Bank\u00ebs Bot\u00ebrore, q\u00eb p\u00ebrfshin shum\u00eb komponent\u00eb edhe sterilizimi me 5 komponent\u00eb q\u00eb u dha me koncesion.<\/strong><\/p>\n<p><strong>Rrjepaj:\u00a0<\/strong>Jam n\u00eb dijeni t\u00eb masterplanit t\u00eb QSUNT t\u00eb p\u00ebrgatitur nga kompania gjermane, kam qen\u00eb dhe prezent n\u00eb nj\u00eb nga inaugurimet q\u00eb jan\u00eb b\u00ebr\u00eb t\u00eb nj\u00eb pjese t\u00eb spitalit t\u00eb ri t\u00eb Urgjenc\u00ebs. Pjesa e p\u00ebrgatitur nga TopConsult i ka p\u00ebrkitur vet\u00ebm investimit n\u00eb repartin q\u00ebndror t\u00eb sterilizimit n\u00eb katin -1 t\u00eb Urgjenc\u00ebs, qoft\u00eb n\u00eb hap\u00ebsir\u00eb n\u00eb metra katror\u00eb, qoft\u00eb n\u00eb pajisje. Kjo ka qen\u00eb kontrata.<\/p>\n<p><strong>Vokshi:<\/strong>\u00a0<strong>N\u00eb k\u00ebt\u00eb masterplan kishte edhe komponent\u00eb t\u00eb tjer\u00eb q\u00eb \u00ebsht\u00eb krijimi i investimit n\u00eb repartin q\u00ebndror t\u00eb sterilizimit. Sa ishte vlera totale e k\u00ebtij investimi?<\/strong><\/p>\n<p><strong>Klodjan Rrjepaj:<\/strong>\u00a0Pjesa e investimit n\u00eb pajisje teknologjie ka qen\u00eb 0.8 milion\u00eb Euro, nd\u00ebrkoh\u00eb q\u00eb p\u00ebr pjes\u00ebn e hap\u00ebsir\u00ebs s\u00eb infrastruktur\u00ebs ka qen\u00eb 0.6 milion\u00eb. Por nuk jam shum\u00eb i sakt\u00eb p\u00ebr k\u00ebt\u00eb.<\/p>\n<p><strong>Vokshi:\u00a0<\/strong>Pse nuk filloi puna. Jeni n\u00eb dijeni t\u00eb memos q\u00eb ish-drejtoresha e QSUT, Ogerta Manastirliu n\u00eb shkurt 2014, si ish-drejtoresh\u00eb i \u00ebsht\u00eb drejtuar Beqajt me nj\u00eb shkres\u00eb ku ka paraqitur gjendjen aktuale t\u00eb repartit, fotot p\u00ebrkat\u00ebse, ku n\u00eb baz\u00eb t\u00eb asaj \u00e7ka duket un\u00eb besoj q\u00eb ju jeni n\u00eb dijeni, jan\u00eb ambiente moderne t\u00eb pajisura me aparatura sikurse edhe ju e p\u00ebrcaktoni n\u00eb memon tuaj, me teknologji avangard\u00eb. I ka k\u00ebrkuar Beqajt pasi ka b\u00ebr\u00eb nj\u00eb p\u00ebrshkrim, ka theksuar q\u00ebllimin e pun\u00ebs, ka p\u00ebrshkruar t\u00eb gjitha zonat, kapacitetin e p\u00ebrurimit. Dhe ju thoni n\u00eb memo q\u00eb jan\u00eb mjaftuesh\u00ebm p\u00ebr 60 mij\u00eb nd\u00ebrhyrje kirurgjikale.<\/p>\n<p>N\u00eb memo Manastirliu\u00a0b\u00ebn edhe shpjegimin e skem\u00ebs s\u00eb gjith\u00eb procesit, e mbyll duke p\u00ebrshkuar jo vet\u00ebm sterilizimin por edhe t\u00eb transporti t\u00eb produkteve q\u00eb sterilizoheshin, deri n\u00eb momentin futjes t\u00eb konteiner\u00ebve q\u00eb m\u00eb tej do asgj\u00ebsoheshin. Pjes\u00eb e memos \u00ebsht\u00eb edhe p\u00ebrllogaritja e stafit q\u00eb nevojitej q\u00eb duhej trajnuar p\u00ebr t\u00eb v\u00ebn\u00eb n\u00eb funksionim qendr\u00ebn e sterilizimit q\u00eb do p\u00ebrballonte t\u00eb gjitha nevojat e gjith\u00eb Shqip\u00ebris\u00eb. Ky repart ishte i mjaftuesh\u00ebm p\u00ebr t\u00eb p\u00ebrballuar 60 mij\u00eb operacione.<\/p>\n<p>Po n\u00eb memo ka skem\u00ebn e transportit dhe ka b\u00ebr\u00eb nj\u00eb p\u00ebrllogaritje t\u00eb kostove p\u00ebr l\u00ebnde djeg\u00ebse p\u00ebr kaldaj\u00ebn, lavenderin\u00eb, kosto p\u00ebr transportin dhe mir\u00ebmbajtjen e aparaturave q\u00eb \u00ebsht\u00eb n\u00eb vler\u00ebn 5.7 mln lek\u00eb. I ka k\u00ebrkuar ministris\u00eb ndihm\u00eb me trajnimin e stafit nga PIU i ministris\u00eb, nj\u00ebsia p\u00ebr zbatimin e projekteve t\u00eb huaja p\u00ebr ta v\u00ebn\u00eb n\u00eb funksionim. Jeni n\u00eb dijeni p\u00ebr ndonj\u00eb p\u00ebrgjigje p\u00ebr k\u00ebt\u00eb memo ku shqet\u00ebsimi \u00ebsht\u00eb shum\u00eb i lart\u00eb.<\/p>\n<p><strong>Rrjepaj:<\/strong>\u00a0Nuk jam n\u00eb dijeni t\u00eb gjith\u00eb masterplanit, jam n\u00eb dijeni t\u00eb projektit q\u00eb kishte TopConsult, jo n\u00eb lidhje me memon q\u00eb thoni nuk e kam par\u00eb n\u00eb at\u00eb koh\u00eb, e kam par\u00eb m\u00eb von\u00eb. Jam n\u00eb dijeni t\u00eb projektit q\u00eb TopConsult ka b\u00ebr\u00eb aty.<\/p>\n<p><strong>Vokshi: Ju s\u2019keni par\u00eb p\u00ebrgjigje?<\/strong><\/p>\n<p><strong>Rrjepaj:<\/strong>\u00a0S\u2019m\u00eb ka ardhur mua kjo shkres\u00eb dhe nuk di n\u00ebse \u00ebsht\u00eb d\u00ebrguar p\u00ebrgjigje k\u00ebsaj shkrese. \u00a0Nuk e kam par\u00eb dhe as nuk e kam lexuar n\u00eb at\u00eb koh\u00eb, s\u2019m\u00eb ka ardhur mua.<\/p>\n<p><strong>Vokshi: Memo juaj q\u00eb ka edhe nj\u00eb sh\u00ebnim te ish-ministrit Beqaj, \u2018dakord t\u00eb vijojm\u00eb me procedurat e tjera\u2019. Kjo memo \u00ebsht\u00eb hartuar pa par\u00eb memon e Manastirliut? Se ju i jeni referuar shifrave t\u00eb Manastirliut.<\/strong><\/p>\n<p><strong>Rrjepaj:<\/strong>\u00a0Memo ka autorizimin e Manastirliut vet\u00ebm n\u00eb faqen e par\u00eb, pjesa tjet\u00ebr \u00ebsht\u00eb plani i Top Consult p\u00ebr repartin e sterilizimit. At\u00eb memo nuk e kam par\u00eb, s\u2019m\u00eb ka ardhur mua, jan\u00eb dy dokument t\u00eb ndara q\u00eb jan\u00eb bashkuar n\u00eb nj\u00eb.<\/p>\n<p><strong>Vokshi: Ministri nuk i p\u00ebrgatit vet\u00eb shkresat, ja b\u00ebn stafi. I duhej kthyer nj\u00eb p\u00ebrgjigje, pse duhej v\u00ebn\u00eb n\u00eb pun\u00eb, pse s\u2019duhej v\u00ebn\u00eb.<\/strong><\/p>\n<p><strong>Rrjepaj:\u00a0<\/strong>Nuk m\u00eb ka ardhur kjo memo.<\/p>\n<p><strong>Rrjepaj:<\/strong>\u00a0<em>Un\u00eb jam n\u00eb dijeni q\u00eb masterplani p\u00ebr QSUT-n\u00eb p\u00ebrsa i p\u00ebrket repartit t\u00eb sterilizimit dhe n\u00eb planifikimin q\u00eb \u00ebsht\u00eb b\u00ebr\u00eb kemi dhe informacion. N\u00eb t\u00eb nj\u00ebjt\u00ebn koh\u00eb q\u00eb ekzistonin dhe hidroklabat, deri n\u00eb 2014 kishim dhe kontrata me operator\u00eb privat\u00eb, nuk plot\u00ebsonte nevojat. Studimet e fizibilitetit p\u00ebr elementet shtes\u00eb q\u00eb do t\u00eb vinin nga ky projekt pa r\u00ebnduar resurset q\u00eb ishin n\u00eb spitalet rajonale.<\/em><\/p>\n<p><strong>Vokshi:\u00a0Pjes\u00eb e memos \u00ebsht\u00eb edhe p\u00ebrllogaritja e stafit q\u00eb nevojitej q\u00eb duhej trajnuar p\u00ebr t\u00eb v\u00ebn\u00eb n\u00eb funksionim qendr\u00ebn e sterilizimit q\u00eb do t\u00eb p\u00ebrballonte nevojat e t\u00eb gjith\u00eb Shqip\u00ebris\u00eb. Ky repart ishte mjaftuesh\u00ebm i nevojsh\u00ebm p\u00ebr t\u00eb p\u00ebrballuar 60 mij\u00eb operacione?<\/strong><\/p>\n<p><strong>Rrjepaj:<\/strong>\u00a0<em>Ka nj\u00eb problem, ka qen\u00eb nj\u00eb kapacitet teorik. Nuk p\u00ebrfshin shtrirjen praktik t\u00eb programit dhe p\u00ebr proceset e tjera t\u00eb kontejner\u00ebve. \u00cbsht\u00eb teorik.<\/em><\/p>\n<p><strong>Vokshi:<\/strong>\u00a0<strong>Ju keni folur p\u00ebr bashk\u00ebpunim publik-privat dhe keni k\u00ebrkuar ta kaloni n\u00eb PPP pa marr\u00eb parasysh k\u00ebrkes\u00ebn e drejtoresh\u00ebs s\u00eb asaj kohe n\u00eb QSUT Manastirliu dhe keni th\u00ebn\u00eb q\u00eb kjo PPP do sjell\u00eb eficenc\u00eb. Pastaj thoni m\u00eb posht\u00eb \u201cN\u00eb spitalin e urgjenc\u00ebs sterilizmi \u00ebsht\u00eb nj\u00eb repart e inaguruar n\u00eb 2010 dhe \u00ebsht\u00eb nj\u00eb teknologji avangarde\u201d. Pra e kishit aty, pra ishte avangarde. Edhe pastaj vijoni, \u201cAty fatkeq\u00ebsisht p\u00ebr munges\u00ebn e pajisjeve profesionale, munges\u00ebn e informacionit p\u00ebr t\u2019i p\u00ebrdorur k\u00ebto pajisje dhe sot n\u00eb 2014 nuk \u00ebsht\u00eb ende n\u00eb pun\u00eb. Ata p\u00ebrdorin ende autoklav\u00ebt q\u00eb c\u00ebnon pajisjet.\u201d Pra sipas asaj q\u00eb ju thoni q\u00ebndra ekzistonte por nuk p\u00ebrdorej. Ishte marr\u00eb kredia, pra ne sot paguajm\u00eb dy kredi p\u00ebr sterilizmin. Ju po thoni q\u00eb nuk jeni n\u00eb dijeni t\u00eb kredis\u00eb s\u00eb dyt\u00eb q\u00eb do vihej n\u00eb funksion.<\/strong><\/p>\n<p><strong>Rrjepaj:<\/strong>\u00a0K\u00ebtu nuk flasim p\u00ebr kompetenca profesionale vet\u00ebm p\u00ebr stafin e sterilizimit por p\u00ebr p\u00ebrgjegj\u00ebsin\u00eb e nje strukture. Nuk \u00ebsht\u00eb nj\u00eb bashkim mekanik njer\u00ebzish q\u00eb bashkohen n\u00eb nj\u00eb q\u00ebnd\u00ebr. Nuk \u00ebsht\u00eb nj\u00eb trajnim vet\u00ebm p\u00ebr autoklavat apo p\u00ebr teknologjin\u00eb e re. Duhet\u00eb th\u00ebn\u00eb se \u00ebsht\u00eb nj\u00eb koncept krejt i ri dhe p\u00ebr Europ\u00ebn. P\u00ebrpos faktit q\u00eb veglat n\u00eb reparte jan\u00eb t\u00eb vjetra, sepse nuk \u00ebsh\u00eb sh\u00ebrbim klinik por prodhimi. Pra qoft\u00eb n\u00eb praktik\u00ebn profesionale ka sjell\u00eb nj\u00eb p\u00ebrq\u00ebndrim t\u00eb k\u00ebtyre strukturave si administrative dhe mjek\u00ebsore n\u00eb zinxhir p\u00ebr vler\u00ebn.<\/p>\n<p><strong>Vokshi: E theksova se kredia 50 milion\u00eb e 600 mij\u00eb euro \u00ebsht\u00eb b\u00ebr\u00eb n\u00eb 2014 dhe ka qen\u00eb kur ju ishit zv.Minist\u00ebr. Objektivi i k\u00ebtij komponenti \u00ebsht\u00eb sterlizimi. Po flasim vet\u00ebm p\u00ebr repartin q\u00ebndror. Kredia e dyt\u00eb e Bank\u00ebs s\u00eb Europ\u00ebs vendoset si komponent dhe kjo nuk shfaqet n\u00eb asnj\u00eb vend.<\/strong><\/p>\n<p><strong>Rrjepaj:\u00a0<\/strong>Nuk kam qen\u00eb n\u00eb dijeni, sepse plani fizibilitetit \u00ebsht\u00eb miratuar n\u00eb Tetor nd\u00ebrkoh\u00eb q\u00eb kredia \u00ebsht\u00eb miratuar n\u00eb N\u00ebntor.<\/p>\n<p><strong>Vokshi:<\/strong>\u00a0<strong>Pra ka qen\u00eb pjes\u00eb e munguar e informacionit q\u00eb keni pasur? Nuk keni mbledhur gjith\u00eb informacionin p\u00ebr hartimin e studimit t\u00eb fizibilitetit?<\/strong><\/p>\n<p><strong>Rrjepaj:<\/strong>\u00a0E kam mbledhur gjith\u00eb informacionin. Nuk besoj se ka lidhje studimi i fizibilitetit me k\u00ebt\u00eb kredi.<\/p>\n<p><strong>Vokshi: Ju keni th\u00ebn\u00eb se n\u00eb 2013 jan\u00eb b\u00ebr\u00eb 13 intervente. Si kryetar i komisionit t\u00eb kocesionit, pse i jeni referuar vet\u00ebm 1 viti dhe pse ai vit \u00ebsht\u00eb p\u00ebrcaktues se \u00e7ka ndodhur m\u00eb par\u00eb apo \u00e7far\u00eb do vinte m\u00eb pas.<\/strong><\/p>\n<p><strong>Rrjepaj:\u00a0<\/strong>I jam referuar vet\u00ebm nj\u00eb viti sepse nuk ndikon n\u00eb kosto. Modeli q\u00eb u p\u00ebrdor ishte \u201cpaper uses\u201d dhe u bazua te nj\u00eb s\u00ebr\u00eb dokumentash shkencore.<\/p>\n<p><strong>Vokshi: Cilat ishin dokumentat specifike se ju thoni n\u00eb mbledhjen e par\u00eb se kush do j\u00ebt\u00eb n\u00eb komision por nuk thoni p\u00ebr \u00e7far\u00eb po flisni?<\/strong><\/p>\n<p><strong>Rrjepaj:\u00a0<\/strong>Ne kemi folur dhe p\u00ebr procesin.<\/p>\n","protected":false},"excerpt":{"rendered":"<p>Ish-zv.ministri i Sh\u00ebndet\u00ebsis\u00eb, Klodjan Rrepaj, i cili ndodhet n\u00eb qeli p\u00ebr afer\u00ebn e sterilizimit po d\u00ebshmon sot n\u00eb komisionin hetimor p\u00ebr koncesionet n\u00eb sh\u00ebndet\u00ebsi, pik\u00ebrisht p\u00ebr k\u00ebt\u00eb afer\u00eb. Kryetarja e Komisionit, Albana Vokshi, e pyeti ish-zvministrin n\u00ebse ishte n\u00eb dijeni t\u00eb memos q\u00eb ish-drejtoresha e QSUT, Ogerta Manastirliu i ka d\u00ebrguar ministrit t\u00eb asaj kohe, &hellip;<\/p>\n","protected":false},"author":4,"featured_media":89644,"comment_status":"closed","ping_status":"closed","sticky":false,"template":"","format":"standard","meta":{"footnotes":""},"categories":[37],"tags":[],"class_list":["post-89643","post","type-post","status-publish","format-standard","has-post-thumbnail","","category-politike"],"_links":{"self":[{"href":"https:\/\/rdnews.al\/index.php\/wp-json\/wp\/v2\/posts\/89643","targetHints":{"allow":["GET"]}}],"collection":[{"href":"https:\/\/rdnews.al\/index.php\/wp-json\/wp\/v2\/posts"}],"about":[{"href":"https:\/\/rdnews.al\/index.php\/wp-json\/wp\/v2\/types\/post"}],"author":[{"embeddable":true,"href":"https:\/\/rdnews.al\/index.php\/wp-json\/wp\/v2\/users\/4"}],"replies":[{"embeddable":true,"href":"https:\/\/rdnews.al\/index.php\/wp-json\/wp\/v2\/comments?post=89643"}],"version-history":[{"count":0,"href":"https:\/\/rdnews.al\/index.php\/wp-json\/wp\/v2\/posts\/89643\/revisions"}],"wp:featuredmedia":[{"embeddable":true,"href":"https:\/\/rdnews.al\/index.php\/wp-json\/wp\/v2\/media\/89644"}],"wp:attachment":[{"href":"https:\/\/rdnews.al\/index.php\/wp-json\/wp\/v2\/media?parent=89643"}],"wp:term":[{"taxonomy":"category","embeddable":true,"href":"https:\/\/rdnews.al\/index.php\/wp-json\/wp\/v2\/categories?post=89643"},{"taxonomy":"post_tag","embeddable":true,"href":"https:\/\/rdnews.al\/index.php\/wp-json\/wp\/v2\/tags?post=89643"}],"curies":[{"name":"wp","href":"https:\/\/api.w.org\/{rel}","templated":true}]}}