{"id":89651,"date":"2024-09-20T10:16:19","date_gmt":"2024-09-20T10:16:19","guid":{"rendered":"https:\/\/rdnews.al\/?p=89651"},"modified":"2024-09-20T10:16:19","modified_gmt":"2024-09-20T10:16:19","slug":"teliti-veliaj-shperdoron-taksat-ndersa-varferia-eshte-ulur-kembekryq","status":"publish","type":"post","link":"https:\/\/rdnews.al\/index.php\/2024\/09\/20\/teliti-veliaj-shperdoron-taksat-ndersa-varferia-eshte-ulur-kembekryq\/","title":{"rendered":"Teliti: Veliaj shp\u00ebrdoron taksat, nd\u00ebrsa varf\u00ebria \u00ebsht\u00eb ulur k\u00ebmb\u00ebkryq"},"content":{"rendered":"<p>N\u00ebnkryetari i K\u00ebshillit bashkiak t\u00eb Tiran\u00ebs, Dorian Teliti n\u00eb fjal\u00ebn e tij p\u00ebrpara protestuesve \u00ebsht\u00eb shprehur me pik\u00ebllim se Tirana humbi nj\u00eb nga djemt\u00eb e saj m\u00eb t\u00eb mir\u00eb, humbi Gert Bogdanin.<\/p>\n<p>Teliti n\u00eb fjal\u00ebn e tij u shpreh se Veliaj dhe drejtor\u00ebt e tij i kan\u00eb shpallur luft\u00eb tryez\u00ebs dhe mir\u00ebqenies t\u00eb \u00e7do Tiransi dhe shqiptari, kan\u00eb shpallur nj\u00eb betej\u00eb me kok\u00ebn e tyre, por kok\u00ebn e tyre do t\u00eb han\u00eb.<\/p>\n<p>&#8220;Do doja t\u00eb thoja dy fjal\u00eb p\u00ebr nj\u00eb mikun ton\u00eb, nj\u00eb djal\u00eb Tirane, nj\u00eb f\u00ebmij\u00eb i dy prind\u00ebrve t\u00eb shk\u00eblqyesh\u00ebm, nj\u00eb student i shk\u00eblqyer, nj\u00eb qytetar dhe babi i dy f\u00ebmij\u00ebve ku fatkeq\u00ebsisht u nda nga jeta, p\u00ebr mikun ton\u00eb Gerti Bogdani.<\/p>\n<p>Ai ishte kreu u nj\u00eb prej nj\u00ebsive bashkiake t\u00eb Tiran\u00ebs dhe dy her\u00eb deputet ku e kreu me p\u00ebrgjegj\u00ebsi t\u00eb plot\u00eb detyr\u00ebn e tij. Prandaj duhet t\u00eb mbajm\u00eb 1 minut\u00eb heshtje p\u00ebr mikun ton\u00eb.<\/p>\n<p>Ky qytet do t\u00eb duhet t\u00eb gum\u00ebzhinte nga njer\u00ebzit q\u00eb t\u00eb kryenin pun\u00ebn e tyre, por kjo \u00ebsht\u00eb e pa,mundur si paosj\u00eb e trafikut t\u00eb tmerrsh\u00ebm, ku varf\u00ebria \u00ebsht\u00eb ulur k\u00ebmb\u00ebkryq.<\/p>\n<p>Parat\u00eb i kemi paguar nj\u00eb m\u00eb nj\u00eb por jan\u00eb vjedhur nga Veliaj dhe drejtor\u00ebt e tij, nga nj\u00eb incenerator q\u00eb nuk ekziston ku ka marr\u00eb 130 milion\u00eb euro.<\/p>\n<p>Jan\u00eb vjedhur parat\u00eb\u00a0 \u00e7erdheve dhe kopshteve, pasi qeverisja vendore e Veliajt n\u00eb vitin e 9 t\u00eb tij u tha qytetar\u00ebve q\u00eb ti do t\u00eb jesh pa kopshte, me shkolla me dy turne, me trafik t\u00eb r\u00ebnduar pasi ne na duhen parat\u00eb ti vjedhim dhe grabisim.<\/p>\n<p>K\u00ebta \u00a0i kan\u00eb shpallur luft\u00eb tryez\u00ebs dhe mir\u00ebqenies t\u00eb \u00e7do Tiransi dhe shqiptari, kan\u00eb shpallur nj\u00eb betej\u00eb me kok\u00ebn e tyre, por kok\u00ebn e tyre do t\u00eb han\u00eb. Koleg\u00ebt e Veliajt n\u00eb drejt\u00ebsi nuk shohin inceneratorin, tenderat pa gar\u00eb dhe shp\u00ebrdoret \u00e7do dit\u00eb 1 milion euro buxhet t\u00eb bashkis\u00eb s\u00eb Tiran\u00ebs\u201d, tha Teliti.<\/p>\n","protected":false},"excerpt":{"rendered":"<p>N\u00ebnkryetari i K\u00ebshillit bashkiak t\u00eb Tiran\u00ebs, Dorian Teliti n\u00eb fjal\u00ebn e tij p\u00ebrpara protestuesve \u00ebsht\u00eb shprehur me pik\u00ebllim se Tirana humbi nj\u00eb nga djemt\u00eb e saj m\u00eb t\u00eb mir\u00eb, humbi Gert Bogdanin. Teliti n\u00eb fjal\u00ebn e tij u shpreh se Veliaj dhe drejtor\u00ebt e tij i kan\u00eb shpallur luft\u00eb tryez\u00ebs dhe mir\u00ebqenies t\u00eb \u00e7do Tiransi &hellip;<\/p>\n","protected":false},"author":4,"featured_media":83399,"comment_status":"closed","ping_status":"closed","sticky":false,"template":"","format":"standard","meta":{"footnotes":""},"categories":[37],"tags":[],"class_list":["post-89651","post","type-post","status-publish","format-standard","has-post-thumbnail","","category-politike"],"_links":{"self":[{"href":"https:\/\/rdnews.al\/index.php\/wp-json\/wp\/v2\/posts\/89651","targetHints":{"allow":["GET"]}}],"collection":[{"href":"https:\/\/rdnews.al\/index.php\/wp-json\/wp\/v2\/posts"}],"about":[{"href":"https:\/\/rdnews.al\/index.php\/wp-json\/wp\/v2\/types\/post"}],"author":[{"embeddable":true,"href":"https:\/\/rdnews.al\/index.php\/wp-json\/wp\/v2\/users\/4"}],"replies":[{"embeddable":true,"href":"https:\/\/rdnews.al\/index.php\/wp-json\/wp\/v2\/comments?post=89651"}],"version-history":[{"count":0,"href":"https:\/\/rdnews.al\/index.php\/wp-json\/wp\/v2\/posts\/89651\/revisions"}],"wp:featuredmedia":[{"embeddable":true,"href":"https:\/\/rdnews.al\/index.php\/wp-json\/wp\/v2\/media\/83399"}],"wp:attachment":[{"href":"https:\/\/rdnews.al\/index.php\/wp-json\/wp\/v2\/media?parent=89651"}],"wp:term":[{"taxonomy":"category","embeddable":true,"href":"https:\/\/rdnews.al\/index.php\/wp-json\/wp\/v2\/categories?post=89651"},{"taxonomy":"post_tag","embeddable":true,"href":"https:\/\/rdnews.al\/index.php\/wp-json\/wp\/v2\/tags?post=89651"}],"curies":[{"name":"wp","href":"https:\/\/api.w.org\/{rel}","templated":true}]}}