{"id":89674,"date":"2024-09-20T11:51:58","date_gmt":"2024-09-20T11:51:58","guid":{"rendered":"https:\/\/rdnews.al\/?p=89674"},"modified":"2024-09-20T11:53:16","modified_gmt":"2024-09-20T11:53:16","slug":"ligji-u-shfuqizua-por-profesionisteve-te-lire-nuk-do-tu-kthehen-pagesat","status":"publish","type":"post","link":"https:\/\/rdnews.al\/index.php\/2024\/09\/20\/ligji-u-shfuqizua-por-profesionisteve-te-lire-nuk-do-tu-kthehen-pagesat\/","title":{"rendered":"Ligji u shfuqizua, por profesionist\u00ebve t\u00eb lir\u00eb nuk do t\u2019u kthehen pagesat!"},"content":{"rendered":"<p>Nga\u00a0<strong>Boldnews.al<\/strong><\/p>\n<p>Profesionist\u00ebve t\u00eb lir\u00eb nuk do t\u2019u kthehen rreth 5 milion\u00eb euro, t\u00eb cilat u paguan gjat\u00eb fillimit t\u00eb vitit 2024, n\u00eb kuad\u00ebr t\u00eb nj\u00eb ligji q\u00eb u shfuqizua nga Gjykata Kushtetuese.<\/p>\n<p>Gjykata Kushtetuese ka theksuar n\u00eb nj\u00eb vendim t\u00eb dat\u00ebs 16 Shtator 2024 se vendimi i marr\u00eb prej saj n\u00eb 27 qershor 2024 p\u00ebr shfuqizimin e disa neneve t\u00eb ligjit \u201cP\u00ebr Taksat\u201d dhe Vendimit t\u00eb K\u00ebshillit t\u00eb Ministrave n\u00eb zbatim t\u00eb tij, mori fuqi ligjore pas Botimit n\u00eb Fletore Zyrtare.<\/p>\n<figure id=\"attachment_1441835\" class=\"wp-caption alignnone\" aria-describedby=\"caption-attachment-1441835\"><img loading=\"lazy\" decoding=\"async\" class=\"size-medium wp-image-1441835\" src=\"https:\/\/boldnews.al\/wp-content\/uploads\/2024\/09\/WhatsApp-Image-2024-09-20-at-1.41.01-PM-1-640x433.jpeg\" sizes=\"auto, (max-width: 640px) 100vw, 640px\" srcset=\"https:\/\/boldnews.al\/wp-content\/uploads\/2024\/09\/WhatsApp-Image-2024-09-20-at-1.41.01-PM-1-640x433.jpeg 640w, https:\/\/boldnews.al\/wp-content\/uploads\/2024\/09\/WhatsApp-Image-2024-09-20-at-1.41.01-PM-1.jpeg 689w\" alt=\"\" width=\"640\" height=\"433\" data-pin-no-hover=\"true\" \/><figcaption id=\"caption-attachment-1441835\" class=\"wp-caption-text\"><em>N\u00eb foto: An\u00ebtar\u00ebt e Gjykat\u00ebs Kushtetuese<\/em><\/figcaption><\/figure>\n<p>Ai vendim i Kushtetueses hyri n\u00eb fuqi n\u00eb Gusht t\u00eb k\u00ebtij viti. Kjo do t\u00eb thot\u00eb se t\u00eb gjith\u00eb taksat e paguara para k\u00ebsaj date konsiderohen \u201c<em>t\u00eb rregullta<\/em>\u201d dhe nuk do t\u2019i kthehen biznesit, megjith\u00ebse ato jan\u00eb paguar, bazuar mbi nj\u00eb ligj anti-kushtetues.<\/p>\n<p>Ministria e Financave p\u00ebrllogarit se taks\u00ebn e kund\u00ebrshtuar e kan\u00eb paguar mbi 6500 biznese, p\u00ebr nj\u00eb vler\u00eb totale prej 501 milion\u00eb lek\u00eb t\u00eb reja. Tashm\u00eb, kjo shum\u00eb do t\u00eb mbetet n\u00eb ark\u00ebn e Shtetit.<\/p>\n<p><strong>\u201cSqarimi\u201d i Kushtetueses<\/strong><\/p>\n<p>N\u00eb 27 Qershor 2024, Gjykata Kushtetuese pranoi pjes\u00ebrisht k\u00ebrkes\u00ebn e 1\/5 t\u00eb deputet\u00ebve, Dhom\u00ebs s\u00eb Avokatis\u00eb dhe t\u00eb Institutit t\u00eb Ekspert\u00ebve Kontab\u00ebl, duke shfuqizuar disa nene t\u00eb ligjit \u201cP\u00ebr tatimin mbi t\u00eb ardhurat\u201d, t\u00eb miratuar n\u00eb vitin 2023, si edhe nj\u00eb nen t\u00eb Vendimit t\u00eb K\u00ebshillit t\u00eb Ministrave q\u00eb bazohej mbi at\u00eb ligj.<\/p>\n<p>Ligji i vitit 2023 parashikonte q\u00eb n\u00eb list\u00ebn e subjekteve privat\u00eb q\u00eb p\u00ebrfshiheshin n\u00eb detyrimin p\u00ebr tatimin mbi fitimin p\u00ebrfshiheshin p\u00ebr her\u00eb t\u00eb par\u00eb edhe profesionet e lira. Zbatimi i k\u00ebtij ligjir nisi zbatimin n\u00eb prill 2024, ku shum\u00eb biznese nga lista e profesionist\u00ebve t\u00eb lir\u00eb paguan k\u00ebstin e par\u00eb t\u00eb k\u00ebsaj takse t\u00eb re.<\/p>\n<p>Q\u00ebndrimi politik i maxhoranc\u00ebs socialiste, i p\u00ebrkthyer n\u00eb ligj e m\u00eb pas n\u00eb vendim t\u00eb K\u00ebshillit t\u00eb Ministrave, shkaktoi reagimin e kategorive t\u00eb ndryshme t\u00eb profesioneve t\u00eb lira dhe opozit\u00ebs s\u00eb djatht\u00eb.<\/p>\n<p>Ligji dhe VKM-ja vijuese u kund\u00ebrshtuan n\u00eb Gjykat\u00ebn Kushtetuese. Kjo e fundit, n\u00eb fund t\u00eb qershorit t\u00eb k\u00ebtij viti, shfuqizoi disa nene. P\u00ebrfundimi ishte q\u00eb profesionet e lira duhet t\u00eb nisin t\u00eb paguaj\u00eb tatimin mbi fitimin, duke filluar nga viti 2029.<\/p>\n<figure id=\"attachment_1441834\" class=\"wp-caption alignnone\" aria-describedby=\"caption-attachment-1441834\"><img loading=\"lazy\" decoding=\"async\" class=\"size-medium wp-image-1441834\" src=\"https:\/\/boldnews.al\/wp-content\/uploads\/2024\/09\/WhatsApp-Image-2024-09-20-at-1.41.01-PM-640x861.jpeg\" sizes=\"auto, (max-width: 640px) 100vw, 640px\" srcset=\"https:\/\/boldnews.al\/wp-content\/uploads\/2024\/09\/WhatsApp-Image-2024-09-20-at-1.41.01-PM-640x861.jpeg 640w, https:\/\/boldnews.al\/wp-content\/uploads\/2024\/09\/WhatsApp-Image-2024-09-20-at-1.41.01-PM.jpeg 733w\" alt=\"\" width=\"640\" height=\"861\" data-pin-no-hover=\"true\" \/><figcaption id=\"caption-attachment-1441834\" class=\"wp-caption-text\">N\u00eb foto: Gjykata Kushtetuese shfuqizoi disa nene p\u00ebr tatimin e profesioneve t\u00eb lira n\u00eb Qershor 2024<\/figcaption><\/figure>\n<p>Por, problemi q\u00eb shoq\u00ebroi k\u00ebt\u00eb vendim t\u00eb Gjykat\u00ebs Kushtetuese ishte fakti q\u00eb \u00e7far\u00eb do t\u00eb ndodhte me pagesat e kryera tashm\u00eb nga profesionist\u00ebt e lir\u00eb dhe n\u00ebse ato u duheshin kthyer pas apo jo nga administrata tatimore.<\/p>\n<p><strong>S\u00ebrish n\u00eb Kushtetuese<\/strong><\/p>\n<p>P\u00ebr t\u00eb sqaruar k\u00ebt\u00eb \u00e7\u00ebshtje, K\u00ebshilli i Ministrave, n\u00eb dat\u00eb 10 shtator 2024, iu drejtua s\u00ebrish Gjykat\u00ebs Kushtetuese, me nj\u00eb k\u00ebrkes\u00eb p\u00ebr plot\u00ebsimin e vendimit q\u00eb gjykata kishte marr\u00eb n\u00eb qershor t\u00eb k\u00ebtij viti.<\/p>\n<p>M\u00eb sakt\u00ebsisht, K\u00ebshilli i Ministrave k\u00ebrkonte q\u00eb, me plot\u00ebsimin e vendimit t\u00eb saj, Gjykata Kushtetuese t\u00eb shprehej qart\u00eb se \u00e7far\u00eb duhej b\u00ebr\u00eb me tatimin q\u00eb profesionet e lira kishin paguar para shfuqizimit t\u00eb neneve t\u00eb ligjit \u201cP\u00ebr tatimin mbi t\u00eb ardhurat\u201d.<\/p>\n<figure id=\"attachment_1441833\" class=\"wp-caption alignnone\" aria-describedby=\"caption-attachment-1441833\"><img loading=\"lazy\" decoding=\"async\" class=\"size-medium wp-image-1441833\" src=\"https:\/\/boldnews.al\/wp-content\/uploads\/2024\/09\/WhatsApp-Image-2024-09-20-at-1.41.01-PM-2-640x803.jpeg\" sizes=\"auto, (max-width: 640px) 100vw, 640px\" srcset=\"https:\/\/boldnews.al\/wp-content\/uploads\/2024\/09\/WhatsApp-Image-2024-09-20-at-1.41.01-PM-2-640x803.jpeg 640w, https:\/\/boldnews.al\/wp-content\/uploads\/2024\/09\/WhatsApp-Image-2024-09-20-at-1.41.01-PM-2.jpeg 718w\" alt=\"\" width=\"640\" height=\"803\" data-pin-no-hover=\"true\" \/><figcaption id=\"caption-attachment-1441833\" class=\"wp-caption-text\">N\u00eb foto: K\u00ebshilli i Ministrave k\u00ebrkoi nga Gjykata Kushtetuese \u201cplot\u00ebsimin e vendimit\u201d<\/figcaption><\/figure>\n<p>Gjykata Kushtetuese e ka rr\u00ebzuar nj\u00ebz\u00ebri k\u00ebt\u00eb k\u00ebrkes\u00eb p\u00ebr plot\u00ebsim vendimi, n\u00eb dat\u00ebn 16 Shtator 2024, duke argumentuar se vendimi i m\u00ebparsh\u00ebm nuk ka nevoj\u00eb p\u00ebr plot\u00ebsim, pasi \u00ebsht\u00eb i qart\u00eb dhe me referencat e duhura kushtetuese e ligjore.<\/p>\n<p>Gjykata Kushtetuese shprehet se:\u00a0<em>\u201c\u2026sa u takon efekteve q\u00eb vendimi i Gjykat\u00ebs sjell ndaj pasojave t\u00eb dispozitave ligjore dhe n\u00ebnligjore t\u00eb shfuqizuara, neni 132, pika 2, i Kushtetut\u00ebs parashikon se vendimet e Gjykat\u00ebs hyjn\u00eb n\u00eb fuqi dit\u00ebn e publikimit n\u00eb Fletoren Zyrtare dhe se Gjykata mund t\u00eb urdh\u00ebroj\u00eb q\u00eb vendimi i saj, me t\u00eb cilin ka shqyrtuar aktin, t\u00eb filloj\u00eb efektet n\u00eb nj\u00eb dat\u00eb tjet\u00ebr<\/em>\u201d, thuhet n\u00eb vendim.<\/p>\n<p>M\u00eb tej, trupa gjykuese shprehet se, sipas nenit 26, pikat 2 dhe 3, t\u00eb ligjit nr. 8577\/2000, vendimet, si rregull, hyjn\u00eb n\u00eb fuqi dit\u00ebn e publikimit, p\u00ebrve\u00e7se kur \u00ebsht\u00eb parashikuar ndryshe n\u00eb k\u00ebt\u00eb ligj dhe Gjykata mund t\u00eb urdh\u00ebroj\u00eb q\u00eb vendimi i saj, me t\u00eb cilin ka shqyrtuar aktin, t\u00eb filloj\u00eb efektet n\u00eb nj\u00eb dat\u00eb tjet\u00ebr.<\/p>\n<figure id=\"attachment_1441832\" class=\"wp-caption alignnone\" aria-describedby=\"caption-attachment-1441832\"><img loading=\"lazy\" decoding=\"async\" class=\"size-medium wp-image-1441832\" src=\"https:\/\/boldnews.al\/wp-content\/uploads\/2024\/09\/WhatsApp-Image-2024-09-20-at-1.41.00-PM-640x766.jpeg\" sizes=\"auto, (max-width: 640px) 100vw, 640px\" srcset=\"https:\/\/boldnews.al\/wp-content\/uploads\/2024\/09\/WhatsApp-Image-2024-09-20-at-1.41.00-PM-640x766.jpeg 640w, https:\/\/boldnews.al\/wp-content\/uploads\/2024\/09\/WhatsApp-Image-2024-09-20-at-1.41.00-PM.jpeg 751w\" alt=\"\" width=\"640\" height=\"766\" data-pin-no-hover=\"true\" \/><figcaption id=\"caption-attachment-1441832\" class=\"wp-caption-text\">N\u00eb foto: N\u00eb 16 shtator 2024, Gjykata Kushtetuese nuk kaloi n\u00eb seanc\u00eb plenare k\u00ebrkes\u00ebn e K\u00ebshillit t\u00eb Ministrave p\u00ebr \u201cplot\u00ebsim vendimi\u201d<\/figcaption><\/figure>\n<p>\u201c<em>Mbledhja e Gjyqtar\u00ebve v\u00ebren se Gjykata n\u00eb vendimin nr. 52\/2024, nd\u00ebrsa ka vendosur shfuqizimin e nj\u00eb pjese t\u00eb dispozitave ligjore dhe n\u00ebnligjore t\u00eb kund\u00ebrshtuara, duke dh\u00ebn\u00eb edhe argumentet p\u00ebrkat\u00ebse p\u00ebr antikushtetutshm\u00ebrin\u00eb e tyre, \u00ebsht\u00eb shprehur edhe p\u00ebr efektet e vendimit n\u00eb dispozitivin e tij p\u00ebrmes rregullit t\u00eb p\u00ebrgjithsh\u00ebm, sipas t\u00eb cilit vendimi \u00ebsht\u00eb p\u00ebrfundimtar dhe hyn n\u00eb fuqi n\u00eb dit\u00ebn e botimit n\u00eb Fletoren Zyrtare<\/em>\u201d, thuhet m\u00eb tej n\u00eb vendim.<\/p>\n<p>N\u00eb m\u00ebnyr\u00eb m\u00eb t\u00eb thjeshtuar, shfuqizimi i dispozitave t\u00eb ligjit ka hyr\u00eb n\u00eb fuqi n\u00eb Gusht 2024 dhe prej atij momenti, profesionist\u00ebt e lir\u00eb nuk mund t\u00eb paguajn\u00eb m\u00eb tatimin mbi t\u00eb ardhurat.<\/p>\n<p>Rrjedhimisht, p\u00ebr pagesat e kryera para gushtit 2024, kur u botua n\u00eb Fletore Zyrtare vendimi i Kushtetueses, pagesat e kryera nga profesionist\u00ebt e lira konsiderohen t\u00eb ligjshme dhe shifra prej mbi 5 milion\u00eb euro do t\u00eb q\u00ebndroj\u00eb n\u00eb ark\u00ebn e Shtetit.<\/p>\n","protected":false},"excerpt":{"rendered":"<p>Nga\u00a0Boldnews.al Profesionist\u00ebve t\u00eb lir\u00eb nuk do t\u2019u kthehen rreth 5 milion\u00eb euro, t\u00eb cilat u paguan gjat\u00eb fillimit t\u00eb vitit 2024, n\u00eb kuad\u00ebr t\u00eb nj\u00eb ligji q\u00eb u shfuqizua nga Gjykata Kushtetuese. Gjykata Kushtetuese ka theksuar n\u00eb nj\u00eb vendim t\u00eb dat\u00ebs 16 Shtator 2024 se vendimi i marr\u00eb prej saj n\u00eb 27 qershor 2024 p\u00ebr &hellip;<\/p>\n","protected":false},"author":4,"featured_media":89675,"comment_status":"closed","ping_status":"closed","sticky":false,"template":"","format":"standard","meta":{"footnotes":""},"categories":[46],"tags":[],"class_list":["post-89674","post","type-post","status-publish","format-standard","has-post-thumbnail","","category-ekonomi"],"_links":{"self":[{"href":"https:\/\/rdnews.al\/index.php\/wp-json\/wp\/v2\/posts\/89674","targetHints":{"allow":["GET"]}}],"collection":[{"href":"https:\/\/rdnews.al\/index.php\/wp-json\/wp\/v2\/posts"}],"about":[{"href":"https:\/\/rdnews.al\/index.php\/wp-json\/wp\/v2\/types\/post"}],"author":[{"embeddable":true,"href":"https:\/\/rdnews.al\/index.php\/wp-json\/wp\/v2\/users\/4"}],"replies":[{"embeddable":true,"href":"https:\/\/rdnews.al\/index.php\/wp-json\/wp\/v2\/comments?post=89674"}],"version-history":[{"count":0,"href":"https:\/\/rdnews.al\/index.php\/wp-json\/wp\/v2\/posts\/89674\/revisions"}],"wp:featuredmedia":[{"embeddable":true,"href":"https:\/\/rdnews.al\/index.php\/wp-json\/wp\/v2\/media\/89675"}],"wp:attachment":[{"href":"https:\/\/rdnews.al\/index.php\/wp-json\/wp\/v2\/media?parent=89674"}],"wp:term":[{"taxonomy":"category","embeddable":true,"href":"https:\/\/rdnews.al\/index.php\/wp-json\/wp\/v2\/categories?post=89674"},{"taxonomy":"post_tag","embeddable":true,"href":"https:\/\/rdnews.al\/index.php\/wp-json\/wp\/v2\/tags?post=89674"}],"curies":[{"name":"wp","href":"https:\/\/api.w.org\/{rel}","templated":true}]}}