{"id":89689,"date":"2024-09-20T16:43:09","date_gmt":"2024-09-20T16:43:09","guid":{"rendered":"https:\/\/rdnews.al\/?p=89689"},"modified":"2024-09-20T16:43:09","modified_gmt":"2024-09-20T16:43:09","slug":"kreu-i-frpd-pritet-ne-zyrat-qendrore-konservatore-ne-hungari","status":"publish","type":"post","link":"https:\/\/rdnews.al\/index.php\/2024\/09\/20\/kreu-i-frpd-pritet-ne-zyrat-qendrore-konservatore-ne-hungari\/","title":{"rendered":"Kreu i FRPD pritet n\u00eb zyrat q\u00ebndrore konservatore n\u00eb Hungari"},"content":{"rendered":"<p>N\u00eb nj\u00eb vizit\u00eb t\u00eb b\u00ebr\u00eb dit\u00ebn e sotme n\u00eb Budapest, Hungari,\u00a0kryetari i FRPD, Besart Xhaferri ka zhvilluar nj\u00eb takim n\u00eb zyrat q\u00ebndrore t\u00eb Think\u00a0Tank, &#8220;Qendra p\u00ebr t\u00eb\u00a0Drejtat Themelore&#8221;.<\/p>\n<p>N\u00eb nj\u00eb postim n\u00eb rrjetin social Facebook, Xhaferri \u00ebsht\u00eb shprehur mjaft i priviligjuar p\u00ebr vizit\u00ebn e tij dhe takimin e frytsh\u00ebm q\u00eb ka pasur me drejtuesit dhe koordinator\u00ebt e k\u00ebtij forumi.<\/p>\n<p><strong>Postimi i Plot\u00eb<\/strong><\/p>\n<p>Sot pata k\u00ebnaq\u00ebsin\u00eb dhe privilegjin q\u00eb t\u00eb jem n\u00eb zyrat qendrore t\u00eb Think Tank &#8220;Qendra p\u00ebr t\u00eb Drejtat Themelore&#8221; n\u00eb Budapest, Hungari.<\/p>\n<p>Zhvillova nj\u00eb takim shum\u00eb t\u00eb frytsh\u00ebm me Drejtorin Nd\u00ebrkomb\u00ebtar t\u00eb saj, Z. Magor Ernyei dhe Kordinatorin e Evrop\u00ebs Qendrore dhe Lindore, Z. D\u00e9nes Nagy p\u00ebr t\u00eb forcuar marrdh\u00ebniet me Forumi Rinor i Partis\u00eb Demokratike , Shkoll\u00ebn politike t\u00eb saj dhe strategjin\u00eb elektorale q\u00eb t\u00eb rinjt\u00eb e djatht\u00eb n\u00eb Shqip\u00ebri do nd\u00ebrmarrin.<\/p>\n<p>N\u00eb themelet e ketij Think Tank t\u00eb njohur bot\u00ebrisht, i cili \u00ebsht\u00eb organizatori kryesor i CPAC n\u00eb Evrop\u00eb, konferenc\u00ebs m\u00eb t\u00eb rend\u00ebsishme konservatore n\u00eb Bot\u00eb, jan\u00eb vlerat tradicionale t\u00eb familjes, besimi n\u00eb Zot dhe atdhedashuria!<\/p>\n<p>K\u00ebto vlera t\u00eb cilat \u00e7do an\u00ebtar i Forumit Rinor t\u00eb PDSH i ka t\u00eb ngulitura n\u00eb karakter, nuk do i harrojm\u00eb dhe as snobojm\u00eb, por do i kultivojm\u00eb me ndihm\u00ebn e miqve tan\u00eb.<\/p>\n","protected":false},"excerpt":{"rendered":"<p>N\u00eb nj\u00eb vizit\u00eb t\u00eb b\u00ebr\u00eb dit\u00ebn e sotme n\u00eb Budapest, Hungari,\u00a0kryetari i FRPD, Besart Xhaferri ka zhvilluar nj\u00eb takim n\u00eb zyrat q\u00ebndrore t\u00eb Think\u00a0Tank, &#8220;Qendra p\u00ebr t\u00eb\u00a0Drejtat Themelore&#8221;. N\u00eb nj\u00eb postim n\u00eb rrjetin social Facebook, Xhaferri \u00ebsht\u00eb shprehur mjaft i priviligjuar p\u00ebr vizit\u00ebn e tij dhe takimin e frytsh\u00ebm q\u00eb ka pasur me drejtuesit dhe &hellip;<\/p>\n","protected":false},"author":4,"featured_media":89690,"comment_status":"closed","ping_status":"closed","sticky":false,"template":"","format":"standard","meta":{"footnotes":""},"categories":[37],"tags":[],"class_list":["post-89689","post","type-post","status-publish","format-standard","has-post-thumbnail","","category-politike"],"_links":{"self":[{"href":"https:\/\/rdnews.al\/index.php\/wp-json\/wp\/v2\/posts\/89689","targetHints":{"allow":["GET"]}}],"collection":[{"href":"https:\/\/rdnews.al\/index.php\/wp-json\/wp\/v2\/posts"}],"about":[{"href":"https:\/\/rdnews.al\/index.php\/wp-json\/wp\/v2\/types\/post"}],"author":[{"embeddable":true,"href":"https:\/\/rdnews.al\/index.php\/wp-json\/wp\/v2\/users\/4"}],"replies":[{"embeddable":true,"href":"https:\/\/rdnews.al\/index.php\/wp-json\/wp\/v2\/comments?post=89689"}],"version-history":[{"count":0,"href":"https:\/\/rdnews.al\/index.php\/wp-json\/wp\/v2\/posts\/89689\/revisions"}],"wp:featuredmedia":[{"embeddable":true,"href":"https:\/\/rdnews.al\/index.php\/wp-json\/wp\/v2\/media\/89690"}],"wp:attachment":[{"href":"https:\/\/rdnews.al\/index.php\/wp-json\/wp\/v2\/media?parent=89689"}],"wp:term":[{"taxonomy":"category","embeddable":true,"href":"https:\/\/rdnews.al\/index.php\/wp-json\/wp\/v2\/categories?post=89689"},{"taxonomy":"post_tag","embeddable":true,"href":"https:\/\/rdnews.al\/index.php\/wp-json\/wp\/v2\/tags?post=89689"}],"curies":[{"name":"wp","href":"https:\/\/api.w.org\/{rel}","templated":true}]}}