{"id":89706,"date":"2024-09-20T17:43:02","date_gmt":"2024-09-20T17:43:02","guid":{"rendered":"https:\/\/rdnews.al\/?p=89706"},"modified":"2024-09-20T17:43:02","modified_gmt":"2024-09-20T17:43:02","slug":"ky-eshte-kanditati-per-drejtor-te-pergjithshem-te-policise-me-mandat-arresti-berisha-stolia-e-gares","status":"publish","type":"post","link":"https:\/\/rdnews.al\/index.php\/2024\/09\/20\/ky-eshte-kanditati-per-drejtor-te-pergjithshem-te-policise-me-mandat-arresti-berisha-stolia-e-gares\/","title":{"rendered":"Ky \u00ebsht\u00eb kanditati p\u00ebr drejtor t\u00eb P\u00ebrgjithsh\u00ebm t\u00eb Policis\u00eb me mandat arresti, Berisha: Stolia e gar\u00ebs!"},"content":{"rendered":"<p>Personi n\u00eb foto \u00ebsht\u00eb nj\u00eb nga 15 emrat q\u00eb kan\u00eb aplikuar dhe dor\u00ebzuar dokumentacionin p\u00ebr Drejtor t\u00eb P\u00ebrgjithsh\u00ebm t\u00eb Policis\u00eb s\u00eb Shtetit. Ai \u00ebsht\u00eb n\u00eb k\u00ebrkim dhe me mas\u00eb sigurie arrest nga strukturat e drejt\u00ebsis\u00eb n\u00eb Shqip\u00ebri, pork jo nuk e ka penguar q\u00eb t\u00eb garoj\u00eb pr\u00eb kreun e Policis\u00eb s\u00eb Shtetit.<\/p>\n<p>P\u00ebr k\u00ebt\u00eb ngjarje t\u00eb r\u00ebnd\u00eb ka reaguar kryetari I PD, Sali Berisha. Berisha shkruan n\u00eb nj\u00eb postim n\u00eb Facebook se, kanditati p\u00ebr drejtor t\u00eb p\u00ebrgjithsh\u00ebm t\u00eb policis\u00eb Xhivini me mandat arresti n\u00eb sht\u00ebpi.<\/p>\n<p><strong>Postimi<\/strong><\/p>\n<p>Stolia e gar\u00ebs! Kanditati p\u00ebr drejtor t\u00eb p\u00ebrgjithsh\u00ebm t\u00eb policis\u00eb Xhivini me mandat arresti n\u00eb sht\u00ebpi. <a href=\"https:\/\/www.facebook.com\/hashtag\/sb?__eep__=6&amp;__cft__%5b0%5d=AZWmjXMWLD_bianEn61NiOf_dnenAVdwh7MSlSp_0iVzbWw_tT9GW_VzNe7giB0B1arrO5nWUChkGZWQ5Z8YiN7rZkR-J-JAY3Ep6pg1UxpusPuZ6eGIh7GbqtLUXvo5l02oWkKN4a-uWcFgWV9A3t4BJvhIIFDZQLIBlxxyPOSEUCBLrkKYBk6dAUNgz8M-2fdLQ5bH2NKhyKBAD3HGghKz&amp;__tn__=*NK-R\" target=\"_blank\" rel=\"noopener\">#sb<\/a><\/p>\n","protected":false},"excerpt":{"rendered":"<p>Personi n\u00eb foto \u00ebsht\u00eb nj\u00eb nga 15 emrat q\u00eb kan\u00eb aplikuar dhe dor\u00ebzuar dokumentacionin p\u00ebr Drejtor t\u00eb P\u00ebrgjithsh\u00ebm t\u00eb Policis\u00eb s\u00eb Shtetit. Ai \u00ebsht\u00eb n\u00eb k\u00ebrkim dhe me mas\u00eb sigurie arrest nga strukturat e drejt\u00ebsis\u00eb n\u00eb Shqip\u00ebri, pork jo nuk e ka penguar q\u00eb t\u00eb garoj\u00eb pr\u00eb kreun e Policis\u00eb s\u00eb Shtetit. P\u00ebr k\u00ebt\u00eb ngjarje &hellip;<\/p>\n","protected":false},"author":4,"featured_media":89707,"comment_status":"closed","ping_status":"closed","sticky":false,"template":"","format":"standard","meta":{"footnotes":""},"categories":[37],"tags":[],"class_list":["post-89706","post","type-post","status-publish","format-standard","has-post-thumbnail","","category-politike"],"_links":{"self":[{"href":"https:\/\/rdnews.al\/index.php\/wp-json\/wp\/v2\/posts\/89706","targetHints":{"allow":["GET"]}}],"collection":[{"href":"https:\/\/rdnews.al\/index.php\/wp-json\/wp\/v2\/posts"}],"about":[{"href":"https:\/\/rdnews.al\/index.php\/wp-json\/wp\/v2\/types\/post"}],"author":[{"embeddable":true,"href":"https:\/\/rdnews.al\/index.php\/wp-json\/wp\/v2\/users\/4"}],"replies":[{"embeddable":true,"href":"https:\/\/rdnews.al\/index.php\/wp-json\/wp\/v2\/comments?post=89706"}],"version-history":[{"count":0,"href":"https:\/\/rdnews.al\/index.php\/wp-json\/wp\/v2\/posts\/89706\/revisions"}],"wp:featuredmedia":[{"embeddable":true,"href":"https:\/\/rdnews.al\/index.php\/wp-json\/wp\/v2\/media\/89707"}],"wp:attachment":[{"href":"https:\/\/rdnews.al\/index.php\/wp-json\/wp\/v2\/media?parent=89706"}],"wp:term":[{"taxonomy":"category","embeddable":true,"href":"https:\/\/rdnews.al\/index.php\/wp-json\/wp\/v2\/categories?post=89706"},{"taxonomy":"post_tag","embeddable":true,"href":"https:\/\/rdnews.al\/index.php\/wp-json\/wp\/v2\/tags?post=89706"}],"curies":[{"name":"wp","href":"https:\/\/api.w.org\/{rel}","templated":true}]}}