{"id":89976,"date":"2024-09-23T17:39:27","date_gmt":"2024-09-23T17:39:27","guid":{"rendered":"https:\/\/rdnews.al\/?p=89976"},"modified":"2024-09-23T17:39:27","modified_gmt":"2024-09-23T17:39:27","slug":"berisha-dy-jane-rruget-tona-ne-kete-vit-elektoral-eshte-radha-jone-per-te-ecur-sebashku-drejt-fitores","status":"publish","type":"post","link":"https:\/\/rdnews.al\/index.php\/2024\/09\/23\/berisha-dy-jane-rruget-tona-ne-kete-vit-elektoral-eshte-radha-jone-per-te-ecur-sebashku-drejt-fitores\/","title":{"rendered":"Berisha: Dy jan\u00eb rrug\u00ebt tona n\u00eb k\u00ebt\u00eb vit elektoral! \u00cbsht\u00eb radha jon\u00eb p\u00ebr t\u00eb ecur s\u00ebbashku drejt fitores"},"content":{"rendered":"<p>Kryetari i Partis\u00eb Dekomratike, Sali Berisha i ka b\u00ebr\u00eb thirrje t\u00eb rinjve dhe t\u00eb rejave t\u00eb FRPD se n\u00eb k\u00ebt\u00eb vit elektoral, dy jan\u00eb rrug\u00ebt tona, duke theksuar se \u2018\u00ebsht\u00eb koha jon\u00eb q\u00eb s\u00eb bashku t\u00eb ecim drejt fitores\u2019.<\/p>\n<p>Berisha tha se, n\u00eb k\u00ebt\u00eb \u00ebnd\u00ebrr n\u00eb k\u00ebt\u00eb mendim q\u00ebndron forca, energjia nukleare e opozit\u00ebs p\u00ebr t\u00eb arritur objektivat e qeveris\u00eb teknike n\u00eb m\u00ebnyr\u00eb q\u00eb t\u00eb ket\u00eb zgjedhje t\u00eb v\u00ebrteta dhe fitore t\u00eb sigurt\u00eb t\u00eb opozit\u00ebs n\u00eb zgjedhjet e ardhshme.<\/p>\n<p>\u201cSot ne jemi n\u00eb fushat\u00eb elektorale, ose n\u00eb vit elektoral. Dy jan\u00eb rrug\u00ebt tona.<\/p>\n<p>N\u00eb qoft\u00eb se do e krahasonim fushat\u00ebn elektorale me dasm\u00ebn, me fest\u00ebn, me \u00e7far\u00eb t\u00eb doni ju, at\u00ebher\u00eb duhet t\u00eb vendosim nj\u00eb dasm\u00eb pa nuse, apo nj\u00eb dasm\u00eb me nusen q\u00eb meritojm\u00eb.<\/p>\n<p>Nuk mund t\u00eb zgjedhim t\u00eb par\u00ebn ne, nuk mund t\u00eb mashtrohemi ne. \u00cbsht\u00eb radha jon\u00eb dhe ne s\u00eb bashku kemi forc\u00ebn, kemi guximin, kemi aft\u00ebsit\u00eb, men\u00e7urin\u00eb p\u00ebr t\u00eb ecur drejt fitores.<\/p>\n<p>Secili nga ju mendon me t\u00eb drejt\u00eb fitore elektorale. Me qindra e mij\u00ebra bashk\u00ebmoshatar\u00eb tuaj mendojn\u00eb fitoren elektorale.<\/p>\n<p>N\u00eb k\u00ebt\u00eb \u00ebnd\u00ebrr n\u00eb k\u00ebt\u00eb mendim q\u00ebndron forca, energjia nukleare e opozit\u00ebs p\u00ebr t\u00eb arritur objektivat e qeveris\u00eb teknike n\u00eb m\u00ebnyr\u00eb q\u00eb t\u00eb ket\u00eb zgjedhje t\u00eb v\u00ebrteta dhe fitore t\u00eb sigurt\u00eb t\u00eb opozit\u00ebs n\u00eb zgjedhjet e ardhshme.<\/p>\n<p>Ndaj dhe ju ftoj t\u00eb b\u00ebjm\u00eb gjith\u00e7ka q\u00eb \u00e7do dit\u00eb t\u00eb shtojm\u00eb radh\u00ebt tona, \u00e7do dit\u00eb t\u00eb vrasim frik\u00ebn kudo q\u00eb ajo shfaqet. \u00c7do dit\u00eb t\u00eb mendojm\u00eb p\u00ebr shansin historik q\u00eb kemi, shp\u00ebtimin e Shqip\u00ebris\u00eb realisht n\u00eb nj\u00eb rrafsh, n\u00eb rrafshin komb\u00ebtar, demografik, n\u00eb rrafshin e qenies komb\u00ebtare, pushtimin m\u00eb t\u00eb eg\u00ebr q\u00eb kan\u00eb njohur shqiptar\u00ebt n\u00eb koh\u00ebra.<\/p>\n<p>Un\u00eb nuk zgjatem m\u00eb shum\u00eb, por ju garantoj se PD n\u00eb programin e saj t\u00eb ardhsh\u00ebm, kthes\u00ebn e madhe q\u00eb duhet t\u00eb sh\u00ebnoj\u00eb Shqip\u00ebria, e konsideron si kthes\u00ebn e madhe t\u00eb qendrimit ndaj t\u00eb rinjve shqiptar\u00eb.<\/p>\n<p>Jan\u00eb ata t\u00eb cil\u00ebt kan\u00eb energjit\u00eb, kan\u00eb \u00ebndrr\u00ebn, kan\u00eb intelektin q\u00eb do kthejn\u00eb Shqip\u00ebrin\u00eb \u00ebn rrug\u00ebn e revolucionit t\u00eb inteligjenc\u00ebs artificiale.<\/p>\n<p>Q\u00eb do b\u00ebjn\u00eb q\u00eb Shqip\u00ebria dhe shqiptar\u00ebt t\u00eb mos humbasin shansin e madh t\u00eb k\u00ebtij revolucioni por t\u00eb q\u00ebndrojn\u00eb n\u00eb ball t\u00eb koh\u00ebs.<\/p>\n<p>Ju faleminderit dhe ju uroj shum\u00eb suksese\u201d, tha Berisha.<\/p>\n","protected":false},"excerpt":{"rendered":"<p>Kryetari i Partis\u00eb Dekomratike, Sali Berisha i ka b\u00ebr\u00eb thirrje t\u00eb rinjve dhe t\u00eb rejave t\u00eb FRPD se n\u00eb k\u00ebt\u00eb vit elektoral, dy jan\u00eb rrug\u00ebt tona, duke theksuar se \u2018\u00ebsht\u00eb koha jon\u00eb q\u00eb s\u00eb bashku t\u00eb ecim drejt fitores\u2019. Berisha tha se, n\u00eb k\u00ebt\u00eb \u00ebnd\u00ebrr n\u00eb k\u00ebt\u00eb mendim q\u00ebndron forca, energjia nukleare e opozit\u00ebs p\u00ebr &hellip;<\/p>\n","protected":false},"author":4,"featured_media":89977,"comment_status":"closed","ping_status":"closed","sticky":false,"template":"","format":"standard","meta":{"footnotes":""},"categories":[37],"tags":[],"class_list":["post-89976","post","type-post","status-publish","format-standard","has-post-thumbnail","","category-politike"],"_links":{"self":[{"href":"https:\/\/rdnews.al\/index.php\/wp-json\/wp\/v2\/posts\/89976","targetHints":{"allow":["GET"]}}],"collection":[{"href":"https:\/\/rdnews.al\/index.php\/wp-json\/wp\/v2\/posts"}],"about":[{"href":"https:\/\/rdnews.al\/index.php\/wp-json\/wp\/v2\/types\/post"}],"author":[{"embeddable":true,"href":"https:\/\/rdnews.al\/index.php\/wp-json\/wp\/v2\/users\/4"}],"replies":[{"embeddable":true,"href":"https:\/\/rdnews.al\/index.php\/wp-json\/wp\/v2\/comments?post=89976"}],"version-history":[{"count":0,"href":"https:\/\/rdnews.al\/index.php\/wp-json\/wp\/v2\/posts\/89976\/revisions"}],"wp:featuredmedia":[{"embeddable":true,"href":"https:\/\/rdnews.al\/index.php\/wp-json\/wp\/v2\/media\/89977"}],"wp:attachment":[{"href":"https:\/\/rdnews.al\/index.php\/wp-json\/wp\/v2\/media?parent=89976"}],"wp:term":[{"taxonomy":"category","embeddable":true,"href":"https:\/\/rdnews.al\/index.php\/wp-json\/wp\/v2\/categories?post=89976"},{"taxonomy":"post_tag","embeddable":true,"href":"https:\/\/rdnews.al\/index.php\/wp-json\/wp\/v2\/tags?post=89976"}],"curies":[{"name":"wp","href":"https:\/\/api.w.org\/{rel}","templated":true}]}}