{"id":89997,"date":"2024-09-23T18:54:13","date_gmt":"2024-09-23T18:54:13","guid":{"rendered":"https:\/\/rdnews.al\/?p=89997"},"modified":"2024-09-23T18:54:13","modified_gmt":"2024-09-23T18:54:13","slug":"berisha-zotohet-zero-tvsh-per-te-gjitha-ushqimet-ligji-i-pare-qe-do-votohet-do-jete-minimumi-jetik-220-euro","status":"publish","type":"post","link":"https:\/\/rdnews.al\/index.php\/2024\/09\/23\/berisha-zotohet-zero-tvsh-per-te-gjitha-ushqimet-ligji-i-pare-qe-do-votohet-do-jete-minimumi-jetik-220-euro\/","title":{"rendered":"Berisha zotohet: Zero TVSH p\u00ebr t\u00eb gjitha ushqimet! Ligji i par\u00eb q\u00eb do votohet do jet\u00eb minimumi jetik 220 euro"},"content":{"rendered":"<p>Kryetari i Partis\u00eb Demokratike, Sali Berisha ka premtuar se me programin ekonomik, shqiptar\u00ebt do paguajn\u00eb zero TVSH p\u00ebr t\u00eb gjitha ushqimet.<\/p>\n<p>Gjithashtu gjat\u00eb fjal\u00ebs s\u00eb tij n\u00eb tubimin te \u2018Rruga e Shpres\u00ebs\u2019, Berisha theksoi se me ardhjen n\u00eb pushtet t\u00eb demokrat\u00ebve, ligji i par\u00eb q\u00eb do t\u00eb votohet do t\u00eb jet\u00eb minimumi jetik prej 220 euro p\u00ebr \u00e7do shqiptar.<\/p>\n<p>\u201cSot, un\u00eb zotohem para mbar\u00eb shqiptar\u00ebve se ligji i par\u00eb q\u00eb do votohet do jet\u00eb minimumi jetik p\u00ebr \u00e7do shqiptar.<\/p>\n<p>Minimumi jetik prej 220 euro, aq sa e ka p\u00ebrllogaritur Avokati i Popullit me agjencin\u00eb nd\u00ebrkomb\u00ebtare t\u00eb pun\u00ebs.<\/p>\n<p>Por nga ana tjet\u00ebr, miqt\u00eb e mi, nuk mund t\u00eb tolerohet m\u00eb tej kurr\u00eb q\u00eb shqiptar\u00ebt t\u00eb ken\u00eb problemin e ushqimit sot.<\/p>\n<p>Ndaj zotohem para tyre, zero TVSH p\u00ebr t\u00eb gjitha ushqimet.<\/p>\n<p>Zero TVSH!<\/p>\n<p>Zotohem p\u00ebr pensionistet nuk do mund t\u00eb jen\u00eb kurr\u00eb m\u00eb pak se 120-130 p\u00ebrqind e minimumit jetik.<\/p>\n<p>Jo dhe jo!<\/p>\n<p>Si mund ta shnd\u00ebrrojm\u00eb vendin ne n\u00eb nj\u00eb laborator dhimbjesh dhe vuajtjesh njer\u00ebzore n\u00eb nj\u00eb koh\u00eb kur vendi ka pasurit\u00eb m\u00eb p\u00ebrrallore, por vidhen, vidhen dhe vet\u00ebm vidhen?<\/p>\n<p>Un\u00eb u them shqiptar\u00ebve se p\u00ebrs\u00ebri do nisim marshin ton\u00eb p\u00ebr t\u00eb dal\u00eb n\u00eb krye t\u00eb vendeve t\u00eb rajonit p\u00ebr rrogat dhe pensionet.<\/p>\n<p>Asnj\u00eb vend nuk ka pasurit\u00eb e Shqip\u00ebris\u00eb, ja pse shqiptar\u00ebve u takon t\u00eb jen\u00eb m\u00eb t\u00eb mir\u00ebshp\u00ebrblyerit n\u00eb rajon.<\/p>\n<p>Po shqiptar\u00ebt jan\u00eb m\u00eb t\u00eb keqshp\u00ebrblyerit sepse vidhen nga nj\u00eb band\u00eb kriminale.<\/p>\n<p>Po si mund t\u2019ua b\u00ebsh ti nj\u00eb akt t\u00eb till\u00eb, t\u2019u premtosh rritjen n\u00eb mars dhe prill dhe t\u2019ua b\u00ebsh vet\u00ebm n\u00eb tetor p\u00ebr tre muaj?<\/p>\n<p>Dhe t\u00eb rr\u00ebmbesh parat\u00eb e tyre.<\/p>\n<p>Dhe pse? Se do u jap un\u00eb nj\u00eb bonus atyre p\u00ebr vota, si\u00e7 b\u00ebri\u201d, tha Berisha.<\/p>\n","protected":false},"excerpt":{"rendered":"<p>Kryetari i Partis\u00eb Demokratike, Sali Berisha ka premtuar se me programin ekonomik, shqiptar\u00ebt do paguajn\u00eb zero TVSH p\u00ebr t\u00eb gjitha ushqimet. Gjithashtu gjat\u00eb fjal\u00ebs s\u00eb tij n\u00eb tubimin te \u2018Rruga e Shpres\u00ebs\u2019, Berisha theksoi se me ardhjen n\u00eb pushtet t\u00eb demokrat\u00ebve, ligji i par\u00eb q\u00eb do t\u00eb votohet do t\u00eb jet\u00eb minimumi jetik prej 220 &hellip;<\/p>\n","protected":false},"author":4,"featured_media":82794,"comment_status":"closed","ping_status":"closed","sticky":false,"template":"","format":"standard","meta":{"footnotes":""},"categories":[37],"tags":[],"class_list":["post-89997","post","type-post","status-publish","format-standard","has-post-thumbnail","","category-politike"],"_links":{"self":[{"href":"https:\/\/rdnews.al\/index.php\/wp-json\/wp\/v2\/posts\/89997","targetHints":{"allow":["GET"]}}],"collection":[{"href":"https:\/\/rdnews.al\/index.php\/wp-json\/wp\/v2\/posts"}],"about":[{"href":"https:\/\/rdnews.al\/index.php\/wp-json\/wp\/v2\/types\/post"}],"author":[{"embeddable":true,"href":"https:\/\/rdnews.al\/index.php\/wp-json\/wp\/v2\/users\/4"}],"replies":[{"embeddable":true,"href":"https:\/\/rdnews.al\/index.php\/wp-json\/wp\/v2\/comments?post=89997"}],"version-history":[{"count":0,"href":"https:\/\/rdnews.al\/index.php\/wp-json\/wp\/v2\/posts\/89997\/revisions"}],"wp:featuredmedia":[{"embeddable":true,"href":"https:\/\/rdnews.al\/index.php\/wp-json\/wp\/v2\/media\/82794"}],"wp:attachment":[{"href":"https:\/\/rdnews.al\/index.php\/wp-json\/wp\/v2\/media?parent=89997"}],"wp:term":[{"taxonomy":"category","embeddable":true,"href":"https:\/\/rdnews.al\/index.php\/wp-json\/wp\/v2\/categories?post=89997"},{"taxonomy":"post_tag","embeddable":true,"href":"https:\/\/rdnews.al\/index.php\/wp-json\/wp\/v2\/tags?post=89997"}],"curies":[{"name":"wp","href":"https:\/\/api.w.org\/{rel}","templated":true}]}}