{"id":90050,"date":"2024-10-01T12:04:03","date_gmt":"2024-10-01T12:04:03","guid":{"rendered":"https:\/\/rdnews.al\/?p=90050"},"modified":"2024-10-01T12:07:43","modified_gmt":"2024-10-01T12:07:43","slug":"berisha-ju-garantoj-se-opozita-ka-zbritur-ne-shesh-dhe-nuk-do-terhiqet","status":"publish","type":"post","link":"https:\/\/rdnews.al\/index.php\/2024\/10\/01\/berisha-ju-garantoj-se-opozita-ka-zbritur-ne-shesh-dhe-nuk-do-terhiqet\/","title":{"rendered":"Berisha: Opozita ka zbritur n\u00eb shesh dhe nuk do t\u00ebrhiqet!"},"content":{"rendered":"<p>Opozita ka zbritur n\u00eb shesh, deklaroi kreu i PD-s\u00eb, Sali Berisha i pyetur nga gazetar\u00ebt n\u00ebse do t\u00eb ket\u00eb p\u00ebrshkall\u00ebzim t\u00eb reagimit t\u00eb saj.<\/p>\n<p>\u201cT\u00eb gjitha k\u00ebto jan\u00eb akte t\u00eb nj\u00eb regjimi kriminal, i lidhur kok\u00eb e k\u00ebmb\u00eb me krimin dhe drog\u00ebn, me t\u00eb cilin k\u00ebrkon t\u00eb shuaj\u00eb z\u00ebrat e opozit\u00ebs.<\/p>\n<p>\\Ju garantoj se opozita ka zbritur n\u00eb shesh dhe gjer n\u00eb p\u00ebrmbushjen e misionit t\u00eb saj, e vendosur p\u00ebr \u00e7do sakrific\u00eb, e vendosur p\u00ebr q\u00ebndres\u00ebn m\u00eb t\u00eb fuqishme, ajo nuk t\u00ebrhiqet\u201d, tha Berisha.<\/p>\n","protected":false},"excerpt":{"rendered":"<p>Opozita ka zbritur n\u00eb shesh, deklaroi kreu i PD-s\u00eb, Sali Berisha i pyetur nga gazetar\u00ebt n\u00ebse do t\u00eb ket\u00eb p\u00ebrshkall\u00ebzim t\u00eb reagimit t\u00eb saj. \u201cT\u00eb gjitha k\u00ebto jan\u00eb akte t\u00eb nj\u00eb regjimi kriminal, i lidhur kok\u00eb e k\u00ebmb\u00eb me krimin dhe drog\u00ebn, me t\u00eb cilin k\u00ebrkon t\u00eb shuaj\u00eb z\u00ebrat e opozit\u00ebs. \\Ju garantoj se opozita &hellip;<\/p>\n","protected":false},"author":4,"featured_media":37107,"comment_status":"closed","ping_status":"closed","sticky":false,"template":"","format":"standard","meta":{"footnotes":""},"categories":[37],"tags":[],"class_list":["post-90050","post","type-post","status-publish","format-standard","has-post-thumbnail","","category-politike"],"_links":{"self":[{"href":"https:\/\/rdnews.al\/index.php\/wp-json\/wp\/v2\/posts\/90050","targetHints":{"allow":["GET"]}}],"collection":[{"href":"https:\/\/rdnews.al\/index.php\/wp-json\/wp\/v2\/posts"}],"about":[{"href":"https:\/\/rdnews.al\/index.php\/wp-json\/wp\/v2\/types\/post"}],"author":[{"embeddable":true,"href":"https:\/\/rdnews.al\/index.php\/wp-json\/wp\/v2\/users\/4"}],"replies":[{"embeddable":true,"href":"https:\/\/rdnews.al\/index.php\/wp-json\/wp\/v2\/comments?post=90050"}],"version-history":[{"count":0,"href":"https:\/\/rdnews.al\/index.php\/wp-json\/wp\/v2\/posts\/90050\/revisions"}],"wp:featuredmedia":[{"embeddable":true,"href":"https:\/\/rdnews.al\/index.php\/wp-json\/wp\/v2\/media\/37107"}],"wp:attachment":[{"href":"https:\/\/rdnews.al\/index.php\/wp-json\/wp\/v2\/media?parent=90050"}],"wp:term":[{"taxonomy":"category","embeddable":true,"href":"https:\/\/rdnews.al\/index.php\/wp-json\/wp\/v2\/categories?post=90050"},{"taxonomy":"post_tag","embeddable":true,"href":"https:\/\/rdnews.al\/index.php\/wp-json\/wp\/v2\/tags?post=90050"}],"curies":[{"name":"wp","href":"https:\/\/api.w.org\/{rel}","templated":true}]}}