{"id":90063,"date":"2024-10-01T13:06:55","date_gmt":"2024-10-01T13:06:55","guid":{"rendered":"https:\/\/rdnews.al\/?p=90063"},"modified":"2024-10-01T13:45:20","modified_gmt":"2024-10-01T13:45:20","slug":"truth-commission-paralajmerimi-i-berishes-jemi-perpara-zbulimit-te-zi-me-te-madh-te-shekullit","status":"publish","type":"post","link":"https:\/\/rdnews.al\/index.php\/2024\/10\/01\/truth-commission-paralajmerimi-i-berishes-jemi-perpara-zbulimit-te-zi-me-te-madh-te-shekullit\/","title":{"rendered":"&#8220;Truth Commission&#8221;, paralajm\u00ebrimi i Berish\u00ebs: Jemi p\u00ebrpara zbulimit t\u00eb zi m\u00eb t\u00eb madh t\u00eb shekullit"},"content":{"rendered":"<p><strong>Sali BERISHA<\/strong><\/p>\n<p>N\u00eb qoft\u00eb se lexon nj\u00eb t\u00eb pest\u00ebn e nj\u00ebr\u00ebs nga dosjet t\u00eb paraqitur gjer sot, apo po t\u00eb marrim k\u00ebt\u00eb t\u00eb fundit, t\u00eb asaj q\u00eb hyri n\u00eb zhargon si dosja Balla apo Toyota Yaris, ju konstatoni aty se lidhjet e politik\u00ebs me krimin, lidhjet e qeveritar\u00ebve gjer tek Edi Rama, e gjykat\u00ebsve, prokuror\u00ebve, polic\u00ebve, jan\u00eb tragjedia dhe drama m\u00eb e madhe e shqiptar\u00ebve.<\/p>\n<div id=\"rekl-13\">\n<div id=\"__sap-ad-15\" class=\"__sap-ads __sap-html inline tracked\" data-title=\"Credins desktop Brenda lajmit 08\">Jan\u00eb nj\u00eb rrezik i jasht\u00ebzakonsh\u00ebm n\u00eb potencial jo vet\u00ebm p\u00ebr shqiptar\u00ebt n\u00eb Shqip\u00ebri, p\u00ebr rajonin, p\u00ebr Europ\u00ebn dhe m\u00eb gjer\u00eb.<\/div>\n<\/div>\n<p>Kam koh\u00eb q\u00eb un\u00eb shqyrtoj, analizoj, mendoj p\u00ebr k\u00ebt\u00eb problem dhe i garantoj shqiptar\u00ebt dhe partner\u00ebt nd\u00ebrkomb\u00ebtar\u00eb se ka vet\u00ebm nj\u00eb zgjidhje p\u00ebr t\u2019u dh\u00ebn\u00eb p\u00ebrgjigjen e plot\u00eb atij Everesti t\u00eb zi t\u00eb lidhjeve t\u00eb tmerrshme me krimin nga Edi Rama dhe posht\u00eb t\u00eb k\u00ebsaj administrate dhe k\u00ebtij shteti dhe kjo \u00ebsht\u00eb nj\u00eb \u2018truth commission\u2019 me prani edhe t\u00eb p\u00ebrfaq\u00ebsuesve t\u00eb partner\u00ebve nd\u00ebrkomb\u00ebtar\u00eb.<\/p>\n<p>Kemi fatin q\u00eb tashm\u00eb jemi p\u00ebrpara zbulimit t\u00eb zi m\u00eb t\u00eb madh t\u00eb shekullit porsa i p\u00ebrket lidhjeve t\u00eb politik\u00ebs me krimin.<\/p>\n<p>At\u00ebher\u00eb cfar\u00eb do b\u00ebjm\u00eb? Do lejojm\u00eb q\u00eb k\u00ebto lidhje t\u00eb pasohen n\u00ebn tok\u00eb, mbi tok\u00eb dhe t\u00eb p\u00ebrcaktojn\u00eb t\u00eb ardhmen e k\u00ebtij vendi, t\u00eb rrezikojn\u00eb rajonin dhe Europ\u00ebn, apo me nj\u00eb komision t\u00eb t\u00eb v\u00ebrtet\u00ebs do presim k\u00ebto lidhje p\u00ebr t\u00eb shp\u00ebtuar kombin shqiptar, shoq\u00ebrin\u00eb shqiptare nga kthetrat e tmerrshme t\u00eb krimit qeveritar dhe joqeveritar q\u00eb e kan\u00eb ng\u00ebrthyer at\u00eb.<\/p>\n<p>Pra, ky \u00ebsht\u00eb nj\u00eb zotim para shqiptar\u00ebve.<\/p>\n<p>Shqiptar\u00ebt do lemerisen, do lebetiten kur t\u00eb d\u00ebgjojn\u00eb t\u00eb v\u00ebrtetuara k\u00ebto lidhje.<\/p>\n<p>Edhe nj\u00ebher\u00eb, informoj se nga 60 mij\u00eb telefonata t\u00eb koduara n\u00eb Europ\u00eb dhe bot\u00eb, 15 mij\u00eb kan\u00eb qen\u00eb n\u00eb duart e shqiptar\u00ebve. 8 mij\u00eb prej tyre n\u00eb duart e zeza t\u00eb pushtetar\u00ebve n\u00eb Shqip\u00ebri. nga t\u00eb cilat, 73 n\u00eb duart e zeza t\u00eb Edi Ram\u00ebs dhe punonj\u00ebsve t\u00eb tij n\u00eb kryeministri.<\/p>\n<p>Pra, jemi k\u00ebtu, \u00e7far\u00eb do b\u00ebjm\u00eb, do heshtim, do ulim kok\u00ebn apo do q\u00ebndrojm\u00eb t\u00eb pal\u00ebkundur n\u00eb mbrojtje t\u00eb interesit t\u00eb qytetar\u00ebve shqiptar\u00eb.<\/p>\n<p>Kjo \u00ebsht\u00eb arsyeja pse ne k\u00ebrkojm\u00eb Komisionin e t\u00eb V\u00ebrtet\u00ebs n\u00eb parlament dhe kudo.<\/p>\n","protected":false},"excerpt":{"rendered":"<p>Sali BERISHA N\u00eb qoft\u00eb se lexon nj\u00eb t\u00eb pest\u00ebn e nj\u00ebr\u00ebs nga dosjet t\u00eb paraqitur gjer sot, apo po t\u00eb marrim k\u00ebt\u00eb t\u00eb fundit, t\u00eb asaj q\u00eb hyri n\u00eb zhargon si dosja Balla apo Toyota Yaris, ju konstatoni aty se lidhjet e politik\u00ebs me krimin, lidhjet e qeveritar\u00ebve gjer tek Edi Rama, e gjykat\u00ebsve, prokuror\u00ebve, &hellip;<\/p>\n","protected":false},"author":3,"featured_media":59891,"comment_status":"closed","ping_status":"closed","sticky":false,"template":"","format":"standard","meta":{"footnotes":""},"categories":[40],"tags":[],"class_list":["post-90063","post","type-post","status-publish","format-standard","has-post-thumbnail","","category-aktualitet"],"_links":{"self":[{"href":"https:\/\/rdnews.al\/index.php\/wp-json\/wp\/v2\/posts\/90063","targetHints":{"allow":["GET"]}}],"collection":[{"href":"https:\/\/rdnews.al\/index.php\/wp-json\/wp\/v2\/posts"}],"about":[{"href":"https:\/\/rdnews.al\/index.php\/wp-json\/wp\/v2\/types\/post"}],"author":[{"embeddable":true,"href":"https:\/\/rdnews.al\/index.php\/wp-json\/wp\/v2\/users\/3"}],"replies":[{"embeddable":true,"href":"https:\/\/rdnews.al\/index.php\/wp-json\/wp\/v2\/comments?post=90063"}],"version-history":[{"count":0,"href":"https:\/\/rdnews.al\/index.php\/wp-json\/wp\/v2\/posts\/90063\/revisions"}],"wp:featuredmedia":[{"embeddable":true,"href":"https:\/\/rdnews.al\/index.php\/wp-json\/wp\/v2\/media\/59891"}],"wp:attachment":[{"href":"https:\/\/rdnews.al\/index.php\/wp-json\/wp\/v2\/media?parent=90063"}],"wp:term":[{"taxonomy":"category","embeddable":true,"href":"https:\/\/rdnews.al\/index.php\/wp-json\/wp\/v2\/categories?post=90063"},{"taxonomy":"post_tag","embeddable":true,"href":"https:\/\/rdnews.al\/index.php\/wp-json\/wp\/v2\/tags?post=90063"}],"curies":[{"name":"wp","href":"https:\/\/api.w.org\/{rel}","templated":true}]}}