{"id":90065,"date":"2024-10-01T13:38:58","date_gmt":"2024-10-01T13:38:58","guid":{"rendered":"https:\/\/rdnews.al\/?p=90065"},"modified":"2024-10-01T13:38:58","modified_gmt":"2024-10-01T13:38:58","slug":"bardhi-ambasadave-nuk-do-ti-nenshtrohemi-dhunes-se-rames-dhe-nuk-do-pranojme-instalimin-e-shtetit-te-tij-personal","status":"publish","type":"post","link":"https:\/\/rdnews.al\/index.php\/2024\/10\/01\/bardhi-ambasadave-nuk-do-ti-nenshtrohemi-dhunes-se-rames-dhe-nuk-do-pranojme-instalimin-e-shtetit-te-tij-personal\/","title":{"rendered":"Bardhi-Ambasadave: Nuk do t&#8217;i n\u00ebnshtrohemi dhun\u00ebs s\u00eb Ram\u00ebs dhe nuk do pranojm\u00eb instalimin e shtetit t\u00eb tij personal"},"content":{"rendered":"<p>Kryetari i Grupit Parlamentar t\u00eb PD, Gazment Bardhi ka reaguar pas deklaratave t\u00eb ambasadorit t\u00eb BE n\u00eb Tiran\u00eb, Silvio Gonzato dhe ambasad\u00ebs s\u00eb SHBA, lidhur me protest\u00ebn n\u00eb Kuvend. Bardhi thot\u00eb n\u00eb reagimin e tij se mazhoranca po vepron si gjykat\u00eb duke burgosur opozit\u00ebn si dhe k\u00ebrc\u00ebnon deputet\u00ebt q\u00eb denoncojn\u00eb lidhjet e qeveris\u00eb me krimin.<\/p>\n<p><strong>Reagimi<\/strong><\/p>\n<p>Nuk ka akt m\u00eb antidemokratik sesa tentativa p\u00ebr t\u00eb zhb\u00ebr\u00eb opozit\u00ebn. Nuk ka akt m\u00eb brutal dhe t\u00eb dhunsh\u00ebm sesa t\u00eb burgosesh p\u00ebr fjal\u00ebn e lir\u00eb. Nuk ka autoritariz\u00ebm m\u00eb t\u00eb madh sesa t\u00eb injorosh vendimet e Gjykat\u00ebs Kushtetuese dhe t\u00eb refuzosh t\u00eb dor\u00ebzosh para drejt\u00ebsis\u00eb nj\u00eb deputet t\u00eb mazhoranc\u00ebs. Nuk ka veprim m\u00eb t\u00eb dhunsh\u00ebm sesa t\u00eb marr\u00ebsh hapur autor\u00ebsin\u00eb e vendimeve politike t\u00eb gjykatave q\u00eb burgosin opozit\u00ebn dhe t\u00eb k\u00ebrc\u00ebnosh me fjalor rruge k\u00ebdo q\u00eb guxon t\u00eb denoncoj\u00eb lidhjet e Edi Ram\u00ebs me krimin e organizuar.<\/p>\n<p>Grupi Parlamentar i Partis\u00eb Demokratike dhe \u00e7do qytetar i ndersh\u00ebm n\u00eb k\u00ebt\u00eb vend, \u00ebsht\u00eb thell\u00ebsisht i shqet\u00ebsuar p\u00ebr shkat\u00ebrrimin e balanc\u00ebs mes pushtetet\u00ebve, asgjesimit t\u00eb parimeve demokratike, shantazhit dhe dhun\u00ebs ndaj opozit\u00ebs e qytetar\u00ebve, rikthimit t\u00eb metodave t\u00eb Sigurimit t\u00eb Shtetit p\u00ebr p\u00ebrndjekjen kund\u00ebr opozit\u00ebs dhe qytetar\u00ebve, apo ngritjes n\u00eb majat e pushtetit t\u00eb krimit t\u00eb organizuar.<\/p>\n<p>Dialogu \u00ebsht\u00eb mjet i duhur n\u00eb vende demokratike, ku mosmarr\u00ebveshjet zgjidhen n\u00eb rrug\u00eb institucionale. Por nj\u00eb vend, ku shumica n\u00eb Parlament injoron vendimet e Gjykat\u00ebs Kushtetuese kur ato jan\u00eb n\u00eb favor t\u00eb opozit\u00ebs, nuk \u00ebsht\u00eb as demokratik dhe as krijon mund\u00ebsin\u00eb p\u00ebr ndjekjen e rrug\u00ebve institucionale. Nga protesta apo aktet simbolike nuk i rrezikohet jeta askujt, p\u00ebrve\u00e7se rrezikohet pushteti personal i Edi Ram\u00ebs! Nga p\u00ebrballja me krimin e organizuar dhe qeverisjen e kriminalizuar t\u00eb lidhur me t\u00eb, q\u00eb \u00ebsht\u00eb mision i \u00e7do deputeti q\u00eb mbron interesin publik, i rrezikohet jeta e prona kujtdo, \u00e7do sekond, \u00e7do minut\u00eb, \u00e7do or\u00eb dhe \u00e7do dit\u00eb.<\/p>\n<p>P\u00ebr k\u00ebt\u00eb arsye, reagimi, rezistenca dhe mosn\u00ebnshtrimi \u00ebsht\u00eb e vetmja form\u00eb q\u00eb i mbetet opozit\u00ebs p\u00ebr t\u00eb mbrojtur demokracin\u00eb dhe shtetin ligjor. Me keqardhje rikonfirmoj se e kemi t\u00eb pamundur t\u2019i n\u00ebnshtrohemi dhun\u00ebs s\u00eb Edi Ram\u00ebs, t\u00eb lejojm\u00eb asgjesimin e \u00e7do grimce lirie n\u00eb k\u00ebt\u00eb vend apo t\u00eb pranojm\u00eb n\u00eb heshtje instalimin e shtetit t\u00eb tij personal.<\/p>\n","protected":false},"excerpt":{"rendered":"<p>Kryetari i Grupit Parlamentar t\u00eb PD, Gazment Bardhi ka reaguar pas deklaratave t\u00eb ambasadorit t\u00eb BE n\u00eb Tiran\u00eb, Silvio Gonzato dhe ambasad\u00ebs s\u00eb SHBA, lidhur me protest\u00ebn n\u00eb Kuvend. Bardhi thot\u00eb n\u00eb reagimin e tij se mazhoranca po vepron si gjykat\u00eb duke burgosur opozit\u00ebn si dhe k\u00ebrc\u00ebnon deputet\u00ebt q\u00eb denoncojn\u00eb lidhjet e qeveris\u00eb me krimin. &hellip;<\/p>\n","protected":false},"author":3,"featured_media":57166,"comment_status":"closed","ping_status":"closed","sticky":false,"template":"","format":"standard","meta":{"footnotes":""},"categories":[37],"tags":[],"class_list":["post-90065","post","type-post","status-publish","format-standard","has-post-thumbnail","","category-politike"],"_links":{"self":[{"href":"https:\/\/rdnews.al\/index.php\/wp-json\/wp\/v2\/posts\/90065","targetHints":{"allow":["GET"]}}],"collection":[{"href":"https:\/\/rdnews.al\/index.php\/wp-json\/wp\/v2\/posts"}],"about":[{"href":"https:\/\/rdnews.al\/index.php\/wp-json\/wp\/v2\/types\/post"}],"author":[{"embeddable":true,"href":"https:\/\/rdnews.al\/index.php\/wp-json\/wp\/v2\/users\/3"}],"replies":[{"embeddable":true,"href":"https:\/\/rdnews.al\/index.php\/wp-json\/wp\/v2\/comments?post=90065"}],"version-history":[{"count":0,"href":"https:\/\/rdnews.al\/index.php\/wp-json\/wp\/v2\/posts\/90065\/revisions"}],"wp:featuredmedia":[{"embeddable":true,"href":"https:\/\/rdnews.al\/index.php\/wp-json\/wp\/v2\/media\/57166"}],"wp:attachment":[{"href":"https:\/\/rdnews.al\/index.php\/wp-json\/wp\/v2\/media?parent=90065"}],"wp:term":[{"taxonomy":"category","embeddable":true,"href":"https:\/\/rdnews.al\/index.php\/wp-json\/wp\/v2\/categories?post=90065"},{"taxonomy":"post_tag","embeddable":true,"href":"https:\/\/rdnews.al\/index.php\/wp-json\/wp\/v2\/tags?post=90065"}],"curies":[{"name":"wp","href":"https:\/\/api.w.org\/{rel}","templated":true}]}}