{"id":90067,"date":"2024-10-01T16:36:08","date_gmt":"2024-10-01T16:36:08","guid":{"rendered":"https:\/\/rdnews.al\/?p=90067"},"modified":"2024-10-01T16:36:08","modified_gmt":"2024-10-01T16:36:08","slug":"deputetet-e-pd-ne-ppe-rama-mban-pushtetin-me-para-krimi-arrestimi-i-berishes-antikushtetues-beleri-salianji-hakmarrje-politike","status":"publish","type":"post","link":"https:\/\/rdnews.al\/index.php\/2024\/10\/01\/deputetet-e-pd-ne-ppe-rama-mban-pushtetin-me-para-krimi-arrestimi-i-berishes-antikushtetues-beleri-salianji-hakmarrje-politike\/","title":{"rendered":"Deputet\u00ebt e PD n\u00eb PPE: Rama mban pushtetin me para krimi! Arrestimi i Berish\u00ebs antikushtetues! Beleri-Salianji, hakmarrje politike"},"content":{"rendered":"<div id=\"rekl-49\">Mbajtja prej nj\u00eb viti n\u00eb arrest sht\u00ebpie pa prova e fakte e Kryetarit t\u00eb PD dhe liderit t\u00eb opozit\u00ebs Sali Berisha, arrestimi p\u00ebrpara zgjedhjeve i kryetarit t\u00eb Bashkis\u00eb s\u00eb Himar\u00ebs Fredi Bejleri, arrestimi i deputetit demokrat Ervin Salianji ishin shtyllat e diskutimit n\u00eb Asamblen\u00eb e Parlamentit Europian nga N\u00ebnkryetari i Partis\u00eb Demokratike Oerd Bylykbashi dhe Kryetarja e LDG-s\u00eb, z\u00ebvend\u00ebspresidente e EPP Women Albana Vokshi.<\/div>\n<div class=\"readmore-text-here\">\n<p>N\u00eb fjal\u00ebn e tij, Bylykbashi vuri theksin tek synimi i Edi Ram\u00ebs p\u00ebr mbajtjen e pushtetit me vota t\u00eb blera nga parat\u00eb e korrupsionit, krimit t\u00eb organizuar dhe presionit t\u00eb pushtetit.<\/p>\n<p>Bylykbashi b\u00ebri nj\u00eb p\u00ebrmbledhje t\u00eb situat\u00ebs s\u00eb r\u00ebnd\u00eb politike me t\u00eb cil\u00ebn po p\u00ebrballet Partia Demokratike k\u00ebto tre vite t\u00eb cilat sipas tij vijn\u00eb n\u00ebn sulmet e vazhdueshme t\u00eb kryeministrit Edi Rama.<\/p>\n<div id=\"rekl-13\">\n<div id=\"__sap-ad-15\" class=\"__sap-ads __sap-html inline tracked\" data-title=\"Credins desktop Brenda lajmit 08\"><ins><\/p>\n<div id=\"beacon_53e4df7ae4\"><img loading=\"lazy\" decoding=\"async\" src=\"https:\/\/ads1.medium.al\/www\/delivery\/lg.php?bannerid=0&amp;campaignid=0&amp;zoneid=232&amp;loc=https%3A%2F%2Fwww.syri.net%2Fpolitike%2F727310%2Fdeputetet-e-pd-ne-ppe-rama-mban-pushtetin-me-para-krimi-arrestimi-i-berishes-antikushtetues-beleri-salianji-hakmarrje-politike%2F&amp;referer=https%3A%2F%2Fwww.syri.net%2Flajme%2F&amp;cb=53e4df7ae4\" alt=\"\" width=\"0\" height=\"0\" \/>\u201cRama ka p\u00ebrdur t\u00eb gjitha mjetet, p\u00ebrfshir\u00eb drejt\u00ebsin\u00eb e kapur politikisht p\u00ebr t\u00eb rr\u00ebnuar PDSH-n\u00eb dhe opozit\u00ebn dhe p\u00ebr ta nxjerr\u00eb jasht\u00eb sistemit politik. Ky sulm vazhdon edhe aktualisht\u201d tha ai.<\/div>\n<p><\/ins><\/div>\n<\/div>\n<p>RENDITJA E FAKTEVE NGA DEPUTETI OERD BYLYKBASHI N\u00cb ASAMBLEN\u00cb PARLAMENTARE T\u00cb PPE<\/p>\n<p>\u201c- Vendimet e Gjykat\u00ebs Kushtetuese po injorohen hapur. Institucionet e pavarura kontrollohen nga shumica qeveris\u00ebse.<\/p>\n<p>Mediat kapen apo ushtrohet presion dhe ka raste kur gazetar\u00eb gjithashtu jan\u00eb kontrolluar dhe arrestuar pa urdh\u00ebr gjykate.<\/p>\n<p>Gjyq\u00ebsori \u00ebsht\u00eb n\u00ebn kontrollin politik nd\u00ebrsa ekonomia \u00ebsht\u00eb e centralizuar n\u00eb duart e miqve t\u00eb kryeministrit dhe oligark\u00ebve.<\/p>\n<p>P\u00ebr momentin, tre figura politike t\u00eb opozit\u00ebs jan\u00eb n\u00eb arrest politik ose n\u00eb burg; dy jan\u00eb deputet\u00eb t\u00eb grupit parlamentar t\u00eb partis\u00eb demokratike.<\/p>\n<p>Kreu i PD-s\u00eb dhe opozit\u00ebs, Sali Berisha ndodhet n\u00eb arrest sht\u00ebpie prej nj\u00eb viti. Asnj\u00ebher\u00eb nuk \u00ebsht\u00eb marr\u00eb n\u00eb pyetje nga prokuror\u00ebt. Arrestimi i tij \u00ebsht\u00eb antikushtetues pasi Parlamentit nuk iu k\u00ebrkua heqja e imunitetit q\u00eb k\u00ebrkohet p\u00ebrpara kufizimit t\u00eb liris\u00eb s\u00eb nj\u00eb deputeti.<\/p>\n<p>Kryetari i Bashkis\u00eb s\u00eb Himar\u00ebs, i zgjedhur nga opozita, Fredi Bejleri, nga minoriteti grek, u arrestua dy dit\u00eb para zgjedhjeve t\u00eb vitit t\u00eb kaluar. Ai fitoi zgjedhjet, por u bllokua nga prokuror\u00ebt dhe gjykatat p\u00ebr t\u00eb b\u00ebr\u00eb betimin me urdh\u00ebr t\u00eb kryeministrit Rama.<\/p>\n<p>Kat\u00ebr dit\u00eb m\u00eb par\u00eb, deputeti tjet\u00ebr i PDSH-s\u00eb Ervin Salianji u d\u00ebnua me nj\u00eb vit burg. Gjith\u00e7ka q\u00eb b\u00ebri ishte denoncimi publikisht se v\u00ebllai i ministrit t\u00eb Brendsh\u00ebm ishte d\u00ebnuar n\u00eb Itali me 7.5 vjet p\u00ebr trafik droge. Ministri dha dor\u00ebheqjen, v\u00ebllai i tij u ekstradua brenda pak dit\u00ebsh, por deputeti yn\u00eb \u00ebsht\u00eb n\u00eb burg sot q\u00eb flasim, vet\u00ebm p\u00ebr hakmarrje politike.<\/p>\n<p>T\u00eb tre rastet jan\u00eb t\u00eb bazuara n\u00eb prova t\u00eb fabrikuara.<\/p>\n<p>K\u00ebto jan\u00eb fakte t\u00eb pastra. Nuk \u00ebsht\u00eb \u00e7udi n\u00ebse ne q\u00eb p\u00ebrfaq\u00ebsojm\u00eb sot PDSH-n\u00eb k\u00ebtu n\u00eb k\u00ebt\u00eb Asamble Politike, mund t\u00eb arrestohemi p\u00ebr denoncimin e kryeministrit Rama.<\/p>\n<p>Kjo \u00ebsht\u00eb arsyeja pse kthimi i PDSH-s\u00eb n\u00eb forumet e PPE-s\u00eb \u00ebsht\u00eb kaq i r\u00ebnd\u00ebsish\u00ebm n\u00eb k\u00ebto muaj para zgjedhjeve.<\/p>\n<p>Ne sot b\u00ebjm\u00eb thirrje p\u00ebr mb\u00ebshtetjen e fort\u00eb dhe t\u00eb z\u00ebshme t\u00eb PPE-s\u00eb dhe partive simotra, n\u00eb p\u00ebrpjekjet tona p\u00ebr t\u00eb rikthyer demokracin\u00eb n\u00eb Shqip\u00ebri, p\u00ebrmes zgjedhjeve t\u00eb lira dhe t\u00eb ndershme dhe p\u00ebr t\u00eb b\u00ebr\u00eb t\u00eb mundur rotacionin demokratik t\u00eb pushtetit\u201d, tha Bylykbashi n\u00eb PPE.<\/p>\n<p>N\u00ebnkryetari i Partis\u00eb Demokratike Oerd Bylykbashi dhe Kryetarja e LDG-s\u00eb, nj\u00ebherazi z\u00ebvend\u00ebspresidente e EPP Women Albana Vokshi, mor\u00ebn pjes\u00eb n\u00eb takimin e rradh\u00ebs s\u00eb Asambles\u00eb Politike t\u00eb PPE. Ky \u00ebsht\u00eb takimi i par\u00eb i k\u00ebtij forumi pas zgjedhjeve p\u00ebr Parlamentin Europian ku forc\u00eb e par\u00eb fituese ishte PPE. Pjes\u00eb t\u00eb r\u00ebnd\u00ebsishme t\u00eb takimit zuri edhe prezantimi i Komisionerer\u00ebve Europian\u00eb t\u00eb propozuar nga PPE.<\/p>\n<p>Takimi u p\u00ebrsh\u00ebndet nga z. Marteb Weber, president i PPE, Riberta Metzola, Presidente e PE, Friedrich Mertz, Kryetar i CDU, kandidat p\u00ebr kancelar n\u00eb zgjedhjet e ardhme gjermane.<\/p>\n<p>N\u00eb takim u nderua kujtimi dhe kontributi i ish deputetit t\u00eb PD, Gerti Bogdani.<\/p>\n<p>Sekretari i P\u00ebrgjithsh\u00ebm i PPE uroi mir\u00ebseardhjen e PD n\u00eb familjen politike t\u00eb PPE.<\/p>\n<p>N\u00eb takimet me z. Weber, President i PPE; ishte edhe znj. Dubravka Suica, Komisionere e propozuar p\u00ebr Mesdheun; dhe Doris Pack, Presidente Nderi e EPPW.<\/p>\n<div class=\"fotogaleri\">\n<div class=\"bx-wrapper\">\n<div class=\"bx-viewport\">\n<ul class=\"read-slider\">\n<li><a href=\"https:\/\/www.syri.net\/fotogaleria\/727310\/deputetet-e-pd-ne-ppe-rama-mban-pushtetin-me-para-krimi-arrestimi-i-berishes-antikushtetues-beleri-salianji-hakmarrje-politike\/\" target=\"_blank\" rel=\"noopener\"><img decoding=\"async\" src=\"https:\/\/www.syri.net\/uploads\/syri.net\/images\/2024\/October\/01\/auto_d3a60796-8d05-4cce-92fe-c2186554e1c31727798656.jfif\" \/><\/a><\/li>\n<\/ul>\n<\/div>\n<\/div>\n<\/div>\n<\/div>\n","protected":false},"excerpt":{"rendered":"<p>Mbajtja prej nj\u00eb viti n\u00eb arrest sht\u00ebpie pa prova e fakte e Kryetarit t\u00eb PD dhe liderit t\u00eb opozit\u00ebs Sali Berisha, arrestimi p\u00ebrpara zgjedhjeve i kryetarit t\u00eb Bashkis\u00eb s\u00eb Himar\u00ebs Fredi Bejleri, arrestimi i deputetit demokrat Ervin Salianji ishin shtyllat e diskutimit n\u00eb Asamblen\u00eb e Parlamentit Europian nga N\u00ebnkryetari i Partis\u00eb Demokratike Oerd Bylykbashi dhe &hellip;<\/p>\n","protected":false},"author":4,"featured_media":90068,"comment_status":"closed","ping_status":"closed","sticky":false,"template":"","format":"standard","meta":{"footnotes":""},"categories":[37],"tags":[],"class_list":["post-90067","post","type-post","status-publish","format-standard","has-post-thumbnail","","category-politike"],"_links":{"self":[{"href":"https:\/\/rdnews.al\/index.php\/wp-json\/wp\/v2\/posts\/90067","targetHints":{"allow":["GET"]}}],"collection":[{"href":"https:\/\/rdnews.al\/index.php\/wp-json\/wp\/v2\/posts"}],"about":[{"href":"https:\/\/rdnews.al\/index.php\/wp-json\/wp\/v2\/types\/post"}],"author":[{"embeddable":true,"href":"https:\/\/rdnews.al\/index.php\/wp-json\/wp\/v2\/users\/4"}],"replies":[{"embeddable":true,"href":"https:\/\/rdnews.al\/index.php\/wp-json\/wp\/v2\/comments?post=90067"}],"version-history":[{"count":0,"href":"https:\/\/rdnews.al\/index.php\/wp-json\/wp\/v2\/posts\/90067\/revisions"}],"wp:featuredmedia":[{"embeddable":true,"href":"https:\/\/rdnews.al\/index.php\/wp-json\/wp\/v2\/media\/90068"}],"wp:attachment":[{"href":"https:\/\/rdnews.al\/index.php\/wp-json\/wp\/v2\/media?parent=90067"}],"wp:term":[{"taxonomy":"category","embeddable":true,"href":"https:\/\/rdnews.al\/index.php\/wp-json\/wp\/v2\/categories?post=90067"},{"taxonomy":"post_tag","embeddable":true,"href":"https:\/\/rdnews.al\/index.php\/wp-json\/wp\/v2\/tags?post=90067"}],"curies":[{"name":"wp","href":"https:\/\/api.w.org\/{rel}","templated":true}]}}