{"id":90070,"date":"2024-10-01T16:42:04","date_gmt":"2024-10-01T16:42:04","guid":{"rendered":"https:\/\/rdnews.al\/?p=90070"},"modified":"2024-10-01T16:44:01","modified_gmt":"2024-10-01T16:44:01","slug":"gjl-regjistron-kerkesen-e-deputetit-ervin-salianji-per-pezullimin-e-denimit-me-burg","status":"publish","type":"post","link":"https:\/\/rdnews.al\/index.php\/2024\/10\/01\/gjl-regjistron-kerkesen-e-deputetit-ervin-salianji-per-pezullimin-e-denimit-me-burg\/","title":{"rendered":"GjL regjistron k\u00ebrkes\u00ebn e deputetit Ervin Salianji p\u00ebr pezullimin e d\u00ebnimit me burg"},"content":{"rendered":"<p>Gjykata e Lart\u00eb ka regjistruar k\u00ebrkes\u00ebn e deputetit t\u00eb PD-s\u00eb, Ervin Salianji, p\u00ebr pezullimin e d\u00ebnimit politik ndaj tij me nj\u00eb vit burg, pasi denoncoi publikisht v\u00ebllain trafikant droge t\u00eb ish-ministrit t\u00eb Brendsh\u00ebm, Fatmir Xhafaj.<\/p>\n<p>Gjykata e Lart\u00eb ka regjistruar k\u00ebrkes\u00ebn e demokratit, nd\u00ebrsa \u00ebsht\u00eb ende n\u00eb pritje caktimi i dat\u00ebs s\u00eb seanc\u00ebs kur do t\u00eb shqyrtohet \u00e7\u00ebshtja.<\/p>\n<p>Data e shqyrtimit t\u00eb k\u00ebrkes\u00ebs do t\u00eb p\u00ebrcaktohet nga relatori Sokol Binaj.<\/p>\n<p>Salianji depozitoi k\u00ebrkes\u00ebn kat\u00ebr dit\u00eb pas d\u00ebnimit me burg, ku k\u00ebrkon pezullimin e vendimit t\u00eb Gjykat\u00ebs s\u00eb Apelit, q\u00eb e d\u00ebnoi at\u00eb me 1 vit heqje lirie, duke l\u00ebn\u00eb n\u00eb fuqi vendimin e Gjykat\u00ebs t\u00eb Shkall\u00ebs s\u00eb Par\u00eb.<\/p>\n<p>N\u00eb shkres\u00eb argumentohet nd\u00ebr t\u00eb tjera se pezullimi i ekzekutimit \u00ebsht\u00eb i r\u00ebnd\u00ebsish\u00ebm p\u00ebrve\u00e7se p\u00ebr vuajtjen e d\u00ebnimit me burgim, por edhe p\u00ebr ruajtjen e mandatit t\u00eb deputetit si nj\u00eb mandat q\u00eb i takon popullit.<\/p>\n<p>\u201cN\u00eb lidhje me cil\u00ebsin\u00eb aktuale t\u00eb deputetit, do i referohemi faktit q\u00eb ende nuk ka nj\u00eb vendimmarrje t\u00eb Komisionerit Shtet\u00ebror t\u00eb Zgjedhjeve n\u00eb zbatim t\u00eb nenit 164 t\u00eb K.Zgjedhor, \u00e7ka do t\u00eb thot\u00eb q\u00eb pezullimi i ekzekutimit \u00ebsht\u00eb i r\u00ebnd\u00ebsish\u00ebm p\u00ebrve\u00e7se p\u00ebr vuajtjen e d\u00ebnimit me burgim, por edhe p\u00ebr ruajtjen e mandatit t\u00eb deputetit si nj\u00eb mandat q\u00eb i takon popullit. Duke qen\u00eb se k\u00ebrkuesi Ervin Salianji \u00ebsht\u00eb zgjedhur deputet nga populli me mbi 10 mij\u00eb vota preferenciale n\u00eb zgjedhjet e vitit 2021, zgjedhje k\u00ebto t\u00eb zhvilluara pas vendimit t\u00eb Gjykat\u00ebs s\u00eb Rrethit Gjyq\u00ebsor Tiran\u00eb (18.12.2019), vendim ky i l\u00ebn\u00eb n\u00eb fuqi me vendimin e Gjykat\u00ebs s\u00eb Apelit t\u00eb Juridiksionit t\u00eb P\u00ebrgjithsh\u00ebm, \u00ebsht\u00eb tregues i shkakut t\u00eb ve\u00e7ant\u00eb q\u00eb paraqet ky rast n\u00eb kuptim t\u00eb nenit 476 pika 1 t\u00eb K.Pr.Penale. Besimi me vot\u00eb q\u00eb i ka dh\u00ebn\u00eb populli, pavar\u00ebsisht nj\u00eb vendimmarrje gjykate t\u00eb dh\u00ebn\u00eb m\u00eb par\u00eb, \u00ebsht\u00eb tregues i ve\u00e7antis\u00eb q\u00eb ka rasti objekt shqyrtimi, p\u00ebr m\u00eb tep\u00ebr q\u00eb sovraniteti n\u00eb Republik\u00ebn e Shqip\u00ebris\u00eb i p\u00ebrket popullit\u201d, thuhet ne shkresen drejtuar Gjykates se Larte.<\/p>\n<p>Ish-deputeti i PD q\u00eb e cil\u00ebson d\u00ebnimin t\u00eb padrejt\u00eb dhe pa prova, ndaj k\u00ebrkon pezullimin e vendimit, duke pretenduar se nuk i jan\u00eb v\u00ebn\u00eb n\u00eb dispozicion aktet e dosjes dhe vendimit t\u00eb Apelit, para se t\u00eb burgosej.<\/p>\n<p>Sipas tij Prokuroria dhe Gjykata kan\u00eb nxituar n\u00eb ekzekutimin e vendimit, duke theksuar se duhet t\u00eb pritej nj\u00eb her\u00eb zbardhja e vendimit apo rekursi n\u00eb Gjykat\u00ebn e Lart\u00eb.<\/p>\n<p>Kujtojm\u00eb q\u00eb dit\u00ebn e djeshme (30 shtator) Parlamenti u njoftua p\u00ebr d\u00ebnimin e form\u00ebs s\u00eb prer\u00eb nga Apeli i Tiran\u00ebs, gj\u00eb q\u00eb \u00e7oi edhe n\u00eb humbjen e mandatit p\u00ebrfundimtar t\u00eb deputetit.<\/p>\n<div class=\"fotogaleri\">\n<div class=\"bx-wrapper\">\n<div class=\"bx-viewport\">\n<ul class=\"read-slider\">\n<li><a href=\"https:\/\/www.syri.net\/fotogaleria\/727315\/gjl-regjistron-kerkesen-e-deputetit-te-pd-se-ervin-salianjit-per-pezullimin-e-denimit-me-burg\/\" target=\"_blank\" rel=\"noopener\"><img loading=\"lazy\" decoding=\"async\" class=\"\" src=\"https:\/\/www.syri.net\/uploads\/syri.net\/images\/2024\/October\/01\/auto_-640-0-11-7111727800084.jpg\" width=\"587\" height=\"469\" \/><\/a><\/li>\n<\/ul>\n<\/div>\n<\/div>\n<\/div>\n<div class=\"fotogaleri\">\n<div class=\"bx-wrapper\">\n<div class=\"bx-viewport\">\n<ul class=\"read-slider\">\n<li><a href=\"https:\/\/www.syri.net\/fotogaleria\/727315\/gjl-regjistron-kerkesen-e-deputetit-te-pd-se-ervin-salianjit-per-pezullimin-e-denimit-me-burg\/\" target=\"_blank\" rel=\"noopener\"><img decoding=\"async\" src=\"https:\/\/www.syri.net\/uploads\/syri.net\/images\/2024\/October\/01\/auto_-640-0-22-1271727800086.jpeg\" \/><\/a><\/li>\n<\/ul>\n<\/div>\n<\/div>\n<\/div>\n","protected":false},"excerpt":{"rendered":"<p>Gjykata e Lart\u00eb ka regjistruar k\u00ebrkes\u00ebn e deputetit t\u00eb PD-s\u00eb, Ervin Salianji, p\u00ebr pezullimin e d\u00ebnimit politik ndaj tij me nj\u00eb vit burg, pasi denoncoi publikisht v\u00ebllain trafikant droge t\u00eb ish-ministrit t\u00eb Brendsh\u00ebm, Fatmir Xhafaj. Gjykata e Lart\u00eb ka regjistruar k\u00ebrkes\u00ebn e demokratit, nd\u00ebrsa \u00ebsht\u00eb ende n\u00eb pritje caktimi i dat\u00ebs s\u00eb seanc\u00ebs kur do &hellip;<\/p>\n","protected":false},"author":4,"featured_media":90024,"comment_status":"closed","ping_status":"closed","sticky":false,"template":"","format":"standard","meta":{"footnotes":""},"categories":[37],"tags":[],"class_list":["post-90070","post","type-post","status-publish","format-standard","has-post-thumbnail","","category-politike"],"_links":{"self":[{"href":"https:\/\/rdnews.al\/index.php\/wp-json\/wp\/v2\/posts\/90070","targetHints":{"allow":["GET"]}}],"collection":[{"href":"https:\/\/rdnews.al\/index.php\/wp-json\/wp\/v2\/posts"}],"about":[{"href":"https:\/\/rdnews.al\/index.php\/wp-json\/wp\/v2\/types\/post"}],"author":[{"embeddable":true,"href":"https:\/\/rdnews.al\/index.php\/wp-json\/wp\/v2\/users\/4"}],"replies":[{"embeddable":true,"href":"https:\/\/rdnews.al\/index.php\/wp-json\/wp\/v2\/comments?post=90070"}],"version-history":[{"count":0,"href":"https:\/\/rdnews.al\/index.php\/wp-json\/wp\/v2\/posts\/90070\/revisions"}],"wp:featuredmedia":[{"embeddable":true,"href":"https:\/\/rdnews.al\/index.php\/wp-json\/wp\/v2\/media\/90024"}],"wp:attachment":[{"href":"https:\/\/rdnews.al\/index.php\/wp-json\/wp\/v2\/media?parent=90070"}],"wp:term":[{"taxonomy":"category","embeddable":true,"href":"https:\/\/rdnews.al\/index.php\/wp-json\/wp\/v2\/categories?post=90070"},{"taxonomy":"post_tag","embeddable":true,"href":"https:\/\/rdnews.al\/index.php\/wp-json\/wp\/v2\/tags?post=90070"}],"curies":[{"name":"wp","href":"https:\/\/api.w.org\/{rel}","templated":true}]}}