{"id":90076,"date":"2024-10-01T16:51:25","date_gmt":"2024-10-01T16:51:25","guid":{"rendered":"https:\/\/rdnews.al\/?p=90076"},"modified":"2024-10-01T16:51:25","modified_gmt":"2024-10-01T16:51:25","slug":"vetem-per-karriget-ngrejne-grup-pune-rilindasit","status":"publish","type":"post","link":"https:\/\/rdnews.al\/index.php\/2024\/10\/01\/vetem-per-karriget-ngrejne-grup-pune-rilindasit\/","title":{"rendered":"Vet\u00ebm p\u00ebr \u201ckarriget\u201d ngrejn\u00eb grup pune rilindasit"},"content":{"rendered":"<p><strong>Nga Dorian TELITI<\/strong><\/p>\n<p>Parlamenti shqiptar nuk \u00ebsht\u00eb m\u00eb organi q\u00eb p\u00ebrfaq\u00ebson interesat e shqiptar\u00ebve, p\u00ebrkundrazi, shkeljet e Kushtetut\u00ebs dhe rregullores s\u00eb saj jan\u00eb kthyer n\u00eb c\u00ebshtje normale t\u00eb rutin\u00ebs s\u00eb mazhoranc\u00ebs parlamentare.<\/p>\n<p>Na paska ngritur Kuvendi i Rilindjes nj\u00eb grup pune p\u00ebr demet e disa karrigeve t\u00eb kalbura q\u00eb u dogj\u00ebn n\u00eb shenj\u00eb proteste t\u00eb mosbindjes civile.<\/p>\n<p>Sa qesharake kur e d\u00ebgjon!<\/p>\n<p>Pse nuk ngrejn\u00eb grupe pune p\u00ebr qindra e mij\u00ebra tendera pa gar\u00eb t\u00eb zhvilluara n\u00eb 11 vite?<\/p>\n<p>Pse nuk ngrejn\u00eb grupe pune p\u00ebr qindra mij\u00ebra euro q\u00eb cdo dit\u00eb gllab\u00ebrohen nga incenerator\u00ebt fantaz\u00ebm apo koncesione t\u00eb tjera t\u00eb faktuara tashm\u00eb si korruptive dhe klienteliste?<\/p>\n<p>Pse nuk ngrejn\u00eb grupe pune p\u00ebr shpopullimin makab\u00ebr q\u00eb i ka ndodhur vendit, p\u00ebr 1 milion\u00eb shqiptar\u00ebt q\u00eb kan\u00eb marr\u00eb arratin\u00eb k\u00ebto vite?<\/p>\n<p>Pse nuk ngrejn\u00eb grupe pune p\u00ebr ekonomin\u00eb e fundosur, falimentimin masiv t\u00eb sip\u00ebrmarrjes prodhuese, apo edhe p\u00ebr renditjen e vendit ton\u00eb n\u00eb fund t\u00eb list\u00ebs p\u00ebrsa i p\u00ebrket klim\u00ebs s\u00eb t\u00eb b\u00ebrit biznes?<\/p>\n<p>Pse nuk ngrejn\u00eb grupe pune p\u00ebr varf\u00ebrin\u00eb ulur k\u00ebmb\u00ebkryq, ku sipas Unicef 47% e f\u00ebmij\u00ebve shqiptar\u00eb jan\u00eb t\u00eb kequshqyer?<\/p>\n<p>Pse nuk ngrejn\u00eb grupe pune p\u00ebr ilacet e domosdoshme q\u00eb i mungojn\u00eb t\u00eb s\u00ebmur\u00ebve?<\/p>\n<p>Pse nuk ngrejn\u00eb grupe pune p\u00ebr cerdhet e kopshtet q\u00eb mungojn\u00eb, p\u00ebr shkollat ende me dy turne, apo edhe p\u00ebr renditjen qesharake t\u00eb arsimit t\u00eb lart\u00eb?<\/p>\n<p>Dhe e fundit, cfar\u00eb mbeti nga ato karrike t\u00eb djegura n\u00eb shenj\u00eb revolte dhe proteste\u2026a do shkrumbohen thoni ju te inceneratori fantaz\u00ebm i Tiran\u00ebs\u2026 apo edhe k\u00ebt\u00eb e di vet\u00ebm \u201cgrupi i gatsh\u00ebm i pun\u00ebs i Kuvendit t\u00eb Rilindjes\u201d?<\/p>\n<p>T\u00eb gjith\u00eb n\u00eb protest\u00eb n\u00eb #7tetor p\u00ebr Shqip\u00ebrin\u00eb e lir\u00eb dhe demokratike, n\u00eb protest\u00eb p\u00ebr ngritjen e qeveris\u00eb teknike dhe zgjedhje t\u00eb lira e t\u00eb ndershme.<\/p>\n","protected":false},"excerpt":{"rendered":"<p>Nga Dorian TELITI Parlamenti shqiptar nuk \u00ebsht\u00eb m\u00eb organi q\u00eb p\u00ebrfaq\u00ebson interesat e shqiptar\u00ebve, p\u00ebrkundrazi, shkeljet e Kushtetut\u00ebs dhe rregullores s\u00eb saj jan\u00eb kthyer n\u00eb c\u00ebshtje normale t\u00eb rutin\u00ebs s\u00eb mazhoranc\u00ebs parlamentare. Na paska ngritur Kuvendi i Rilindjes nj\u00eb grup pune p\u00ebr demet e disa karrigeve t\u00eb kalbura q\u00eb u dogj\u00ebn n\u00eb shenj\u00eb proteste t\u00eb &hellip;<\/p>\n","protected":false},"author":4,"featured_media":90077,"comment_status":"closed","ping_status":"closed","sticky":false,"template":"","format":"standard","meta":{"footnotes":""},"categories":[44],"tags":[],"class_list":["post-90076","post","type-post","status-publish","format-standard","has-post-thumbnail","","category-editorial"],"_links":{"self":[{"href":"https:\/\/rdnews.al\/index.php\/wp-json\/wp\/v2\/posts\/90076","targetHints":{"allow":["GET"]}}],"collection":[{"href":"https:\/\/rdnews.al\/index.php\/wp-json\/wp\/v2\/posts"}],"about":[{"href":"https:\/\/rdnews.al\/index.php\/wp-json\/wp\/v2\/types\/post"}],"author":[{"embeddable":true,"href":"https:\/\/rdnews.al\/index.php\/wp-json\/wp\/v2\/users\/4"}],"replies":[{"embeddable":true,"href":"https:\/\/rdnews.al\/index.php\/wp-json\/wp\/v2\/comments?post=90076"}],"version-history":[{"count":0,"href":"https:\/\/rdnews.al\/index.php\/wp-json\/wp\/v2\/posts\/90076\/revisions"}],"wp:featuredmedia":[{"embeddable":true,"href":"https:\/\/rdnews.al\/index.php\/wp-json\/wp\/v2\/media\/90077"}],"wp:attachment":[{"href":"https:\/\/rdnews.al\/index.php\/wp-json\/wp\/v2\/media?parent=90076"}],"wp:term":[{"taxonomy":"category","embeddable":true,"href":"https:\/\/rdnews.al\/index.php\/wp-json\/wp\/v2\/categories?post=90076"},{"taxonomy":"post_tag","embeddable":true,"href":"https:\/\/rdnews.al\/index.php\/wp-json\/wp\/v2\/tags?post=90076"}],"curies":[{"name":"wp","href":"https:\/\/api.w.org\/{rel}","templated":true}]}}