{"id":90111,"date":"2024-10-01T18:05:22","date_gmt":"2024-10-01T18:05:22","guid":{"rendered":"https:\/\/rdnews.al\/?p=90111"},"modified":"2024-10-01T18:05:22","modified_gmt":"2024-10-01T18:05:22","slug":"kalaja-opozita-e-vendosur-te-mos-largohet-nga-rruga-e-shpreses-deri-ne-lirimin-e-liderit-te-saj","status":"publish","type":"post","link":"https:\/\/rdnews.al\/index.php\/2024\/10\/01\/kalaja-opozita-e-vendosur-te-mos-largohet-nga-rruga-e-shpreses-deri-ne-lirimin-e-liderit-te-saj\/","title":{"rendered":"Kalaja: Opozita e vendosur t\u00eb mos largohet nga &#8220;Rruga e Shpres\u00ebs&#8221; deri n\u00eb lirimin e liderit t\u00eb saj"},"content":{"rendered":"<p>Avokatja Adriana Kalaja, pjes\u00ebmarr\u00ebse n\u00eb tubimin e sot\u00ebm posht\u00eb sht\u00ebpis\u00eb s\u00eb liderit demokrat Sali Berisha mbajti fjal\u00ebn e saj. Ajo u shpreh se opozit\u00eb \u00ebsht\u00eb e vendosur t\u00eb mos largohet nga Rruga e Shpres\u00ebs deri n\u00eb lirimin e liderit t\u00eb saj.<\/p>\n<p>\u201cMe fjal\u00ebn dhe bes\u00ebn ton\u00eb prej 274 dit\u00ebsh ne kemi vendos t\u00eb mos largohemi nga kjo rrugice deri n\u00eb lirimin e liderit ton\u00eb.<\/p>\n<p>Sot do doja t\u00eb ndaja me ju dy vendime tr\u00eb atyre q\u00eb kan\u00eb vendosur t\u00eb jen\u00eb n\u00eb krah t\u00eb krimit dhe maofes q\u00eb paguhet me taksat tona dhe quhet SPAK.<\/p>\n<p>Por fillimisht do doja shum\u00eb t\u00eb ndaja nj\u00eb opinion dhe nj\u00eb inat, nj\u00eb trishtim, nje dhimbje kur shoh se sin a shqet\u00ebsohen disa palo ambassador, disa sharlatan\u00eb, p\u00ebr 5 karrige, a vlen vlera e disa karrigeve para lirive kushtetuese?<\/p>\n<p>A vlen vlera e q indra mij\u00ebra karrigeve para arrestimit t\u00eb paligjsh\u00ebm t\u00eb Berish\u00ebs?<\/p>\n<p>A vlen arrestimi i Salinajit pse denoncoi nj\u00eb t\u00eb v\u00ebrtet\u00eb para atyre karrigeve t\u00eb cilat jan\u00eb paguar me lek\u00ebt tona?<\/p>\n<p>Po ku ishit ju ambasador\u00eb kur u shemb Teatri?\u201d, tha Kalaja.<\/p>\n","protected":false},"excerpt":{"rendered":"<p>Avokatja Adriana Kalaja, pjes\u00ebmarr\u00ebse n\u00eb tubimin e sot\u00ebm posht\u00eb sht\u00ebpis\u00eb s\u00eb liderit demokrat Sali Berisha mbajti fjal\u00ebn e saj. Ajo u shpreh se opozit\u00eb \u00ebsht\u00eb e vendosur t\u00eb mos largohet nga Rruga e Shpres\u00ebs deri n\u00eb lirimin e liderit t\u00eb saj. \u201cMe fjal\u00ebn dhe bes\u00ebn ton\u00eb prej 274 dit\u00ebsh ne kemi vendos t\u00eb mos largohemi &hellip;<\/p>\n","protected":false},"author":4,"featured_media":72333,"comment_status":"closed","ping_status":"closed","sticky":false,"template":"","format":"standard","meta":{"footnotes":""},"categories":[37],"tags":[],"class_list":["post-90111","post","type-post","status-publish","format-standard","has-post-thumbnail","","category-politike"],"_links":{"self":[{"href":"https:\/\/rdnews.al\/index.php\/wp-json\/wp\/v2\/posts\/90111","targetHints":{"allow":["GET"]}}],"collection":[{"href":"https:\/\/rdnews.al\/index.php\/wp-json\/wp\/v2\/posts"}],"about":[{"href":"https:\/\/rdnews.al\/index.php\/wp-json\/wp\/v2\/types\/post"}],"author":[{"embeddable":true,"href":"https:\/\/rdnews.al\/index.php\/wp-json\/wp\/v2\/users\/4"}],"replies":[{"embeddable":true,"href":"https:\/\/rdnews.al\/index.php\/wp-json\/wp\/v2\/comments?post=90111"}],"version-history":[{"count":0,"href":"https:\/\/rdnews.al\/index.php\/wp-json\/wp\/v2\/posts\/90111\/revisions"}],"wp:featuredmedia":[{"embeddable":true,"href":"https:\/\/rdnews.al\/index.php\/wp-json\/wp\/v2\/media\/72333"}],"wp:attachment":[{"href":"https:\/\/rdnews.al\/index.php\/wp-json\/wp\/v2\/media?parent=90111"}],"wp:term":[{"taxonomy":"category","embeddable":true,"href":"https:\/\/rdnews.al\/index.php\/wp-json\/wp\/v2\/categories?post=90111"},{"taxonomy":"post_tag","embeddable":true,"href":"https:\/\/rdnews.al\/index.php\/wp-json\/wp\/v2\/tags?post=90111"}],"curies":[{"name":"wp","href":"https:\/\/api.w.org\/{rel}","templated":true}]}}