{"id":90145,"date":"2024-10-02T09:14:09","date_gmt":"2024-10-02T09:14:09","guid":{"rendered":"https:\/\/rdnews.al\/?p=90145"},"modified":"2024-10-02T09:14:09","modified_gmt":"2024-10-02T09:14:09","slug":"edhe-kerkimi-shkencor-nen-kontrollin-e-rames","status":"publish","type":"post","link":"https:\/\/rdnews.al\/index.php\/2024\/10\/02\/edhe-kerkimi-shkencor-nen-kontrollin-e-rames\/","title":{"rendered":"Edhe k\u00ebrkimi shkencor n\u00ebn kontrollin e Ram\u00ebs!"},"content":{"rendered":"<p>Termi institucione t\u00eb pavarura me Edi Ram\u00ebn kryeminist\u00ebr duke se nuk ekziston, pasi ai do q\u00eb ta ket\u00eb gjith\u00e7ka n\u00ebn kontroll t\u00eb tij. S\u00eb fundmi, kreu i Qeveris\u00eb ka nd\u00ebrmarr\u00eb nj\u00eb nism\u00eb tjet\u00ebr p\u00ebr kontrollin mbi Arsimin e Lart\u00eb dhe k\u00ebrkimin shkencor.<\/p>\n<p>Ligji i Arsimit t\u00eb Lart\u00eb ka n\u00eb themel t\u00eb tij lirin\u00eb akademike, por Qeveria ka \u00e7uar p\u00ebr miratim n\u00eb Kuvend projektligjin e ri, n\u00ebp\u00ebrmjet t\u00eb cilit do t\u00eb ngrihet K\u00ebshilli Komb\u00ebtar p\u00ebr Shkenc\u00ebn dhe K\u00ebrkimin Shkencor, q\u00eb do t\u00eb drejtohet nga Kryeministri dhe n\u00eb k\u00ebshill do t\u00eb jen\u00eb edhe 7 ministra q\u00eb do t\u00eb z\u00ebvend\u00ebsojn\u00eb akademik\u00ebt.<\/p>\n<p>Ky ligj i jep Ministris\u00eb s\u00eb Arsimit kompetenc\u00ebn p\u00ebr t\u00eb kontrolluar, financuar dhe vler\u00ebsuar k\u00ebrkimin shkencor t\u00eb t\u00eb gjitha institucioneve arsimore dhe pedagog\u00ebve n\u00eb vend.<\/p>\n<p>N\u00eb lidhje me k\u00ebt\u00eb projekt-ligj ka ardhur nj\u00eb reagim edhe nga Q\u00ebndresa Qytetare, e cila evidenton problematikat dhe fton akademik\u00ebt, profesor\u00ebt dhe sindikatat t\u00eb reagojn\u00eb ndaj k\u00ebsaj kapje dhe zhveshje t\u00eb universitetit nga liria dhe autonomia akademike.<\/p>\n<p><strong>Reagimi i Q\u00ebndres\u00ebs Qytetare:<\/strong><\/p>\n<p>Qeveria ka d\u00ebrguar n\u00eb Kuvend projektligjin p\u00ebr shkenc\u00ebn, i cili ka marr\u00eb miratimin e komisioneve parlamentare. Ky ligj i jep Ministris\u00eb s\u00eb Arsimit kompetenc\u00ebn p\u00ebr t\u00eb kontrolluar, financuar dhe vler\u00ebsuar k\u00ebrkimin shkencor t\u00eb t\u00eb gjitha institucioneve arsimore dhe pedagog\u00ebve n\u00eb vend.<\/p>\n<p>Sipas projektligjit, K\u00ebshilli Komb\u00ebtar p\u00ebr Shkenc\u00ebn dhe K\u00ebrkimin Shkencor drejtohet nga Kryeministri dhe n\u00eb k\u00ebshill do t\u00eb jen\u00eb edhe 7 ministra, roli i t\u00eb cil\u00ebve n\u00eb akademi \u00ebsht\u00eb totalisht i pakuptimt\u00eb, pasi rolin e tij e ka pasur nj\u00eb K\u00ebshill i p\u00ebrb\u00ebr\u00eb vet\u00ebm nga akademik\u00eb dhe departamentet e vet\u00eb universiteteve.<\/p>\n<p>Ky projektligj, bie n\u00eb kund\u00ebrshtim me ligjin p\u00ebr arsimin e lart\u00eb dhe k\u00ebrkimin shkencor, i cili e ka n\u00eb themel t\u00eb tij lirin\u00eb akademike, liri t\u00eb cil\u00ebn ky ligj ia zhvesh universitetit, departamentit dhe institutit, p\u00ebr t\u2019ia ngarkuar organeve t\u00eb reja t\u00eb krijuara. Ky ligj zhvler\u00ebson nj\u00ebkoh\u00ebsisht edhe titujt akademik\u00eb t\u00eb marr\u00eb deri tani, pasi krijon tituj t\u00eb rinj, si k\u00ebrkues, apo k\u00ebrkues i avancuar duke dubluar titujt profesor apo doktor n\u00eb universitete.<\/p>\n<p>Q\u00ebndresa Qytetare fton akademik\u00ebt, profesor\u00ebt dhe sindikatat t\u00eb reagojn\u00eb ndaj kesaj kapje dhe zhveshje t\u00eb universitetit nga liria dhe autonomia akademike.<\/p>\n","protected":false},"excerpt":{"rendered":"<p>Termi institucione t\u00eb pavarura me Edi Ram\u00ebn kryeminist\u00ebr duke se nuk ekziston, pasi ai do q\u00eb ta ket\u00eb gjith\u00e7ka n\u00ebn kontroll t\u00eb tij. S\u00eb fundmi, kreu i Qeveris\u00eb ka nd\u00ebrmarr\u00eb nj\u00eb nism\u00eb tjet\u00ebr p\u00ebr kontrollin mbi Arsimin e Lart\u00eb dhe k\u00ebrkimin shkencor. Ligji i Arsimit t\u00eb Lart\u00eb ka n\u00eb themel t\u00eb tij lirin\u00eb akademike, por &hellip;<\/p>\n","protected":false},"author":4,"featured_media":49111,"comment_status":"closed","ping_status":"closed","sticky":false,"template":"","format":"standard","meta":{"footnotes":""},"categories":[37],"tags":[],"class_list":["post-90145","post","type-post","status-publish","format-standard","has-post-thumbnail","","category-politike"],"_links":{"self":[{"href":"https:\/\/rdnews.al\/index.php\/wp-json\/wp\/v2\/posts\/90145","targetHints":{"allow":["GET"]}}],"collection":[{"href":"https:\/\/rdnews.al\/index.php\/wp-json\/wp\/v2\/posts"}],"about":[{"href":"https:\/\/rdnews.al\/index.php\/wp-json\/wp\/v2\/types\/post"}],"author":[{"embeddable":true,"href":"https:\/\/rdnews.al\/index.php\/wp-json\/wp\/v2\/users\/4"}],"replies":[{"embeddable":true,"href":"https:\/\/rdnews.al\/index.php\/wp-json\/wp\/v2\/comments?post=90145"}],"version-history":[{"count":0,"href":"https:\/\/rdnews.al\/index.php\/wp-json\/wp\/v2\/posts\/90145\/revisions"}],"wp:featuredmedia":[{"embeddable":true,"href":"https:\/\/rdnews.al\/index.php\/wp-json\/wp\/v2\/media\/49111"}],"wp:attachment":[{"href":"https:\/\/rdnews.al\/index.php\/wp-json\/wp\/v2\/media?parent=90145"}],"wp:term":[{"taxonomy":"category","embeddable":true,"href":"https:\/\/rdnews.al\/index.php\/wp-json\/wp\/v2\/categories?post=90145"},{"taxonomy":"post_tag","embeddable":true,"href":"https:\/\/rdnews.al\/index.php\/wp-json\/wp\/v2\/tags?post=90145"}],"curies":[{"name":"wp","href":"https:\/\/api.w.org\/{rel}","templated":true}]}}