{"id":90191,"date":"2024-10-02T16:45:03","date_gmt":"2024-10-02T16:45:03","guid":{"rendered":"https:\/\/rdnews.al\/?p=90191"},"modified":"2024-10-02T16:45:03","modified_gmt":"2024-10-02T16:45:03","slug":"la-repubblica-policet-italiane-mbajne-radhe-per-te-shkuar-tek-kampi-i-refugjateve-ne-shqiperi","status":"publish","type":"post","link":"https:\/\/rdnews.al\/index.php\/2024\/10\/02\/la-repubblica-policet-italiane-mbajne-radhe-per-te-shkuar-tek-kampi-i-refugjateve-ne-shqiperi\/","title":{"rendered":"\u201cLa Repubblica\u201d: Polic\u00ebt italian\u00eb mbajn\u00eb radh\u00eb p\u00ebr t\u00eb shkuar tek kampi i refugjat\u00ebve n\u00eb Shqip\u00ebri"},"content":{"rendered":"<p>E p\u00ebrditshmja italiane\u00a0<a href=\"https:\/\/www.repubblica.it\/italia\/2024\/10\/02\/news\/albania_migranti_flop_centri_chiusi-423530785\/?ref=RHLF-BG-P12-S1-T1\" target=\"_blank\" rel=\"noopener\">\u201cLa Repubblica\u201d<\/a>, n\u00eb nj\u00eb artikull t\u00eb publikuar k\u00ebt\u00eb t\u00eb m\u00ebrkur\u00eb raporton se efektiv\u00ebt e Policis\u00eb italiane jan\u00eb duke mbajtur radh\u00eb p\u00ebr t\u00eb qen\u00eb pjes\u00eb e grupit t\u00eb organeve ligjzbatuese q\u00eb do t\u00eb punojn\u00eb n\u00eb kampin p\u00ebr azilk\u00ebrkuesit n\u00eb Shqip\u00ebri, ku do t\u00eb strehohen refugjat\u00ebt afrikan\u00eb.<\/p>\n<p>Sipas gazet\u00ebs italiane, p\u00ebr shkak se piku i \u201csezonit\u201d t\u00eb lundrimeve t\u00eb refugjat\u00ebve t\u00eb paligjsh\u00ebm n\u00eb Mesdhe ka kaluar, nga 13 milion\u00eb eurot e ndara p\u00ebr mir\u00ebmbajtjen e kampit p\u00ebr tre muajt e par\u00eb, jan\u00eb shpenzuar vet\u00ebm 1,5 milion\u00eb euro.<\/p>\n<p>Media p\u00ebrtej Adriatikut raporton gjithshtu se nuk ka m\u00eb asnj\u00eb dat\u00eb t\u00eb sakt\u00eb se kur do t\u00eb hapet kampi i refugjat\u00ebve n\u00eb Sh\u00ebngjin dhe n\u00eb Gjad\u00ebr. Fillimisht punimet jan\u00eb shtyr\u00eb p\u00ebr shkak t\u00eb diellit t\u00eb nxeht\u00eb t\u00eb ver\u00ebs n\u00eb vendin ton\u00eb, m\u00eb pas shirat dhe mungesa e kanalizimeve n\u00eb Gjad\u00ebr ka penguar pun\u00ebn.<\/p>\n<p>Por pavar\u00ebsisht se nuk ka nj\u00eb dat\u00eb p\u00ebr hapjen e kampit dhe qendr\u00ebs s\u00eb p\u00ebrpunimit t\u00eb k\u00ebrkesave p\u00ebr azil,\u00a0<a href=\"https:\/\/www.repubblica.it\/italia\/2024\/10\/02\/news\/albania_migranti_flop_centri_chiusi-423530785\/?ref=RHLF-BG-P12-S1-T1\" target=\"_blank\" rel=\"noopener\">\u201cLa Repubblica\u201d<\/a>\u00a0shkruan se polic\u00ebt, karabinier\u00ebt, dhe oficer\u00ebt e tjer\u00eb t\u00eb agjencive italiane po mbajn\u00eb radh\u00eb p\u00ebr t\u00eb fituar nj\u00eb vend pune p\u00ebr n\u00eb Shqip\u00ebri. Deri tani raportohet se jan\u00eb me mij\u00ebra k\u00ebrkesat p\u00ebr t\u00eb b\u00ebr\u00eb t\u00eb pakt\u00ebn nj\u00eb tur.<\/p>\n<p>P\u00ebr sh\u00ebrbimet e tyre, ata do t\u00eb fitojn\u00eb 100 euro n\u00eb dit\u00eb neto, si dhe fjetje dhe ushqim falas. P\u00ebr momentin struktura \u00ebsht\u00eb bosh, por edhe n\u00eb rast se dikush prej azilk\u00ebrkuesve do t\u00eb p\u00ebrfundoj\u00eb n\u00eb burgun e vog\u00ebl t\u00eb nd\u00ebrtuar p\u00ebr \u00e7o rast, raporti \u00ebsht\u00eb 3 roje p\u00ebr 1 t\u00eb burgosur. P\u00ebr krahasim, n\u00eb burgjet italiane raporti \u00ebsht\u00eb i kund\u00ebrti, 1 roje p\u00ebr 3 t\u00eb burgosur.<\/p>\n","protected":false},"excerpt":{"rendered":"<p>E p\u00ebrditshmja italiane\u00a0\u201cLa Repubblica\u201d, n\u00eb nj\u00eb artikull t\u00eb publikuar k\u00ebt\u00eb t\u00eb m\u00ebrkur\u00eb raporton se efektiv\u00ebt e Policis\u00eb italiane jan\u00eb duke mbajtur radh\u00eb p\u00ebr t\u00eb qen\u00eb pjes\u00eb e grupit t\u00eb organeve ligjzbatuese q\u00eb do t\u00eb punojn\u00eb n\u00eb kampin p\u00ebr azilk\u00ebrkuesit n\u00eb Shqip\u00ebri, ku do t\u00eb strehohen refugjat\u00ebt afrikan\u00eb. Sipas gazet\u00ebs italiane, p\u00ebr shkak se piku i &hellip;<\/p>\n","protected":false},"author":4,"featured_media":90192,"comment_status":"closed","ping_status":"closed","sticky":false,"template":"","format":"standard","meta":{"footnotes":""},"categories":[37],"tags":[],"class_list":["post-90191","post","type-post","status-publish","format-standard","has-post-thumbnail","","category-politike"],"_links":{"self":[{"href":"https:\/\/rdnews.al\/index.php\/wp-json\/wp\/v2\/posts\/90191","targetHints":{"allow":["GET"]}}],"collection":[{"href":"https:\/\/rdnews.al\/index.php\/wp-json\/wp\/v2\/posts"}],"about":[{"href":"https:\/\/rdnews.al\/index.php\/wp-json\/wp\/v2\/types\/post"}],"author":[{"embeddable":true,"href":"https:\/\/rdnews.al\/index.php\/wp-json\/wp\/v2\/users\/4"}],"replies":[{"embeddable":true,"href":"https:\/\/rdnews.al\/index.php\/wp-json\/wp\/v2\/comments?post=90191"}],"version-history":[{"count":0,"href":"https:\/\/rdnews.al\/index.php\/wp-json\/wp\/v2\/posts\/90191\/revisions"}],"wp:featuredmedia":[{"embeddable":true,"href":"https:\/\/rdnews.al\/index.php\/wp-json\/wp\/v2\/media\/90192"}],"wp:attachment":[{"href":"https:\/\/rdnews.al\/index.php\/wp-json\/wp\/v2\/media?parent=90191"}],"wp:term":[{"taxonomy":"category","embeddable":true,"href":"https:\/\/rdnews.al\/index.php\/wp-json\/wp\/v2\/categories?post=90191"},{"taxonomy":"post_tag","embeddable":true,"href":"https:\/\/rdnews.al\/index.php\/wp-json\/wp\/v2\/tags?post=90191"}],"curies":[{"name":"wp","href":"https:\/\/api.w.org\/{rel}","templated":true}]}}