{"id":90249,"date":"2024-10-03T08:46:38","date_gmt":"2024-10-03T08:46:38","guid":{"rendered":"https:\/\/rdnews.al\/?p=90249"},"modified":"2024-10-03T09:12:07","modified_gmt":"2024-10-03T09:12:07","slug":"bardhi-ky-eshte-nje-regjim-qe-nuk-njeh-ligj-dhe-kushtetute-as-putini-nuk-ben-asgje-me-shume","status":"publish","type":"post","link":"https:\/\/rdnews.al\/index.php\/2024\/10\/03\/bardhi-ky-eshte-nje-regjim-qe-nuk-njeh-ligj-dhe-kushtetute-as-putini-nuk-ben-asgje-me-shume\/","title":{"rendered":"Bardhi: As Putini nuk b\u00ebn asgj\u00eb m\u00eb shum\u00eb se Rama!"},"content":{"rendered":"<p>Kryetari i grupit parlamentar t\u00eb PD, Gazment Bardhi, tha se protestat e opozit\u00ebs do t\u00eb vazhdojn\u00eb.<\/p>\n<p>\u201cP\u00ebrjashtimi i deputet\u00ebve t\u00eb Kuvendit t\u00eb Shqip\u00ebris\u00eb nuk parashikohet n\u00eb rrethanat q\u00eb njeh rregullorja e Kuvendit.<\/p>\n<p>Pra, praktikisht nj\u00ebsoj si deputet\u00ebt e burgosur jan\u00eb burgosur pa ligj, edhe deputet\u00ebt e d\u00ebnuar jan\u00eb d\u00ebnuar pa ligj.<\/p>\n<p>Ky \u00ebsht\u00eb nj\u00eb regjim q\u00eb nuk njeh ligj dhe Kushtetut\u00eb dhe k\u00ebt\u00eb po e tregon edhe me luft\u00ebn q\u00eb po b\u00ebn me opozit\u00ebn n\u00eb t\u00ebr\u00ebsi dhe qytetar\u00ebt e ndersh\u00ebm q\u00eb kan\u00eb vendosur t\u2019i q\u00ebndrojn\u00eb p\u00ebrball\u00eb regjimit t\u00eb Edi Ram\u00ebs\u201d,\u00a0tha Bardhi.<\/p>\n<p>\u201cNuk b\u00ebn asgj\u00eb m\u00eb shum\u00eb se Rama as Putini. Sjell deputet\u00ebt e tij si dele t\u00eb p\u00ebrplasen me opozit\u00ebn, kurse vet\u00eb fshihet n\u00eb Surrel duke shijuar luksin e krijuar me parat\u00eb e vjedhura qytetar\u00ebve t\u00eb varf\u00ebr shqiptar\u00eb.<\/p>\n<p>Ne do t\u00eb vazhdojm\u00eb si do na teket. Pra, rast pas rasti do vazhdojm\u00eb n\u00eb raport me k\u00ebt\u00eb godin\u00eb dhe \u00e7do godin\u00eb ku \u00ebsht\u00eb strehuar krimi i organizuar&#8221;, tha Bardhi.<\/p>\n","protected":false},"excerpt":{"rendered":"<p>Kryetari i grupit parlamentar t\u00eb PD, Gazment Bardhi, tha se protestat e opozit\u00ebs do t\u00eb vazhdojn\u00eb. \u201cP\u00ebrjashtimi i deputet\u00ebve t\u00eb Kuvendit t\u00eb Shqip\u00ebris\u00eb nuk parashikohet n\u00eb rrethanat q\u00eb njeh rregullorja e Kuvendit. Pra, praktikisht nj\u00ebsoj si deputet\u00ebt e burgosur jan\u00eb burgosur pa ligj, edhe deputet\u00ebt e d\u00ebnuar jan\u00eb d\u00ebnuar pa ligj. Ky \u00ebsht\u00eb nj\u00eb regjim &hellip;<\/p>\n","protected":false},"author":4,"featured_media":90252,"comment_status":"closed","ping_status":"closed","sticky":false,"template":"","format":"standard","meta":{"footnotes":""},"categories":[37],"tags":[],"class_list":["post-90249","post","type-post","status-publish","format-standard","has-post-thumbnail","","category-politike"],"_links":{"self":[{"href":"https:\/\/rdnews.al\/index.php\/wp-json\/wp\/v2\/posts\/90249","targetHints":{"allow":["GET"]}}],"collection":[{"href":"https:\/\/rdnews.al\/index.php\/wp-json\/wp\/v2\/posts"}],"about":[{"href":"https:\/\/rdnews.al\/index.php\/wp-json\/wp\/v2\/types\/post"}],"author":[{"embeddable":true,"href":"https:\/\/rdnews.al\/index.php\/wp-json\/wp\/v2\/users\/4"}],"replies":[{"embeddable":true,"href":"https:\/\/rdnews.al\/index.php\/wp-json\/wp\/v2\/comments?post=90249"}],"version-history":[{"count":0,"href":"https:\/\/rdnews.al\/index.php\/wp-json\/wp\/v2\/posts\/90249\/revisions"}],"wp:featuredmedia":[{"embeddable":true,"href":"https:\/\/rdnews.al\/index.php\/wp-json\/wp\/v2\/media\/90252"}],"wp:attachment":[{"href":"https:\/\/rdnews.al\/index.php\/wp-json\/wp\/v2\/media?parent=90249"}],"wp:term":[{"taxonomy":"category","embeddable":true,"href":"https:\/\/rdnews.al\/index.php\/wp-json\/wp\/v2\/categories?post=90249"},{"taxonomy":"post_tag","embeddable":true,"href":"https:\/\/rdnews.al\/index.php\/wp-json\/wp\/v2\/tags?post=90249"}],"curies":[{"name":"wp","href":"https:\/\/api.w.org\/{rel}","templated":true}]}}