{"id":90277,"date":"2024-10-03T10:31:34","date_gmt":"2024-10-03T10:31:34","guid":{"rendered":"https:\/\/rdnews.al\/?p=90277"},"modified":"2024-10-03T10:38:12","modified_gmt":"2024-10-03T10:38:12","slug":"diktatura-e-re-e-krajave-dhe-ish-hetuesve-te-komunizmit","status":"publish","type":"post","link":"https:\/\/rdnews.al\/index.php\/2024\/10\/03\/diktatura-e-re-e-krajave-dhe-ish-hetuesve-te-komunizmit\/","title":{"rendered":"Diktatura e re e Krajave dhe ish-hetuesve t\u00eb komunizmit"},"content":{"rendered":"<div class=\"readmore-text-here\">\n<p><strong>Nga Agron TUFA<\/strong><\/p>\n<p>Kur b\u00ebra publike p\u00ebr her\u00eb t\u00eb par\u00eb (dhjetor, 2019) dokumentet arkivor\u00eb t\u00eb kreut t\u00eb sapozgjedhur t\u00eb SPAK-ut, ish-hetuesit komunist Arben Kraja, t\u00eb zgjedhur me nj\u00eb procedur\u00eb mbi trevje\u00e7are Vetingu, pati reaksion t\u00eb madh, ku nuk munguan mbrojt\u00ebsit e tij. Ca m\u00eb shkruan n\u00eb privat me nj\u00eb ton gjysm\u00ebrixhaje e gjysm\u00ebk\u00ebrc\u00ebnimi. Ca t\u00eb tjer\u00eb, koleg\u00eb t\u00eb ish-hetuesit komunist Kraja, si ish-hetuesi dhe spiuni Bujar Sheshaj (edhe ata t\u00eb zgjedhur me Veting), dol\u00ebn hapur q\u00eb n\u00eb mbledhjen e par\u00eb t\u00eb KLP-s\u00eb s\u00eb sapo \u201creformuar\u201d, me thirrjen \u2013 \u201ct\u00eb q\u00ebndrojm\u00eb grushtbashkuar rreth kreut t\u00eb SPAK-ut, Arben Kraja, p\u00ebr ta mbrojtur at\u00eb dhe nj\u00ebri-tjetrin nga sulmet e Agron Tuf\u00ebs!\u201d<\/p>\n<p>Ndonj\u00ebri prej dal\u00ebzot\u00ebsve t\u00eb Kraj\u00ebs, kaloi nga mohimi total n\u00eb relativizim, duke e minimizuar rolin e Arben Kraj\u00ebs vet\u00ebm me rastin e t\u00eb rinjve shkodran\u00eb Lu\u00e7i dhe Bizi. Nxor\u00ebm prap\u00eb dokumenta t\u00eb tjer\u00eb me firm\u00ebn e Kraj\u00ebs, ku d\u00ebshmohet se rasti i Lu\u00e7it dhe Bizit nuk ka qen\u00eb rast i vetmuar! N\u00eb k\u00ebto dokumenta shihet se Partia i ka ngarkuar Arben Kraj\u00ebs hetues (i pari krye i SPAK), gjuetin\u00eb e shtrigave mbi rinin\u00eb shkodrane. Dhe kur se! Pasi mij\u00ebra shqiptar\u00eb kishin thyer barrierat e ambasadave dhe ishin larguar drejt Europ\u00ebs \u2018kapitaliste\u2019. Pra, n\u00eb fund t\u00eb korrikut 1990! Dhe me \u00e7far\u00eb eg\u00ebrsie!<\/p>\n<p>Viktima tjet\u00ebr e hetuesit komunist mizor Arben Kraja, \u00ebsht\u00eb 22 vje\u00e7ari shkodran Andrea Daija, t\u00eb cilin e ka torturuar dhe detyruar t\u00eb firmos\u00eb se ka pasur n\u00eb planin imagjinativ tentativ\u00ebn p\u00ebr arratisje. Ky Beni hynte me forc\u00eb n\u00eb kokat e t\u00eb rinjve p\u00ebr t\u2019u kontrolluar dhe \u00ebnd\u00ebrrimet dhe imagjinatat&#8230;<\/p>\n<p>Veprimin e par\u00eb si kreu i SPAK-ut Arben Kraja e b\u00ebri ngutazi q\u00eb n\u00eb dhjetor 2019 m\u00eb pushimin e kall\u00ebzimit penal n\u00eb Gjykat\u00ebn e Krimeve t\u00eb R\u00ebnda p\u00ebr nj\u00eb ish drejtor burgjesh t\u00eb komunizmit, kriminel e vras\u00ebs, madje shkresa e tij nuk ka as vul\u00eb!<\/p>\n<p>Nj\u00eb pjes\u00eb e dosjes ku protagonist \u00ebsht\u00eb Arben Kraja hetues, e keni m\u00eb posht\u00eb.<\/p>\n<p>Nj\u00eb gj\u00eb na ngelej gjithmon\u00eb mister: si ka mund\u00ebsi q\u00eb Autoriteti i Rr\u00ebnimit t\u00eb Dosjeve p\u00ebr ish-Sigurimin e Shtetit e ka nxjerr\u00eb t\u00eb past\u00ebr n\u00eb Veting k\u00ebt\u00eb hung\u00ebrues t\u00eb Diktatur\u00ebs!? Si ka mund\u00ebsi q\u00eb AIDSSH i num\u00ebronte (dhe i justifikonte) Arben Kraj\u00ebs vet\u00ebm rastin e t\u00eb rinjve Lu\u00e7i e Bizi, duke e quajtur k\u00ebt\u00eb si nj\u00eb gj\u00eb t\u00eb pap\u00ebrfillshme?<\/p>\n<p>Tash q\u00eb e njohim mir\u00eb se ku \u00e7oi kjo mbrojtje e urdh\u00ebruar e k\u00ebtyre qenve t\u00eb t\u00ebrbuar, t\u00eb l\u00ebshuar nga zinxhir\u00ebt e diktatur\u00ebs p\u00ebr t\u00eb \u00e7arvalosur demokracin\u00eb, nuk \u00ebsht\u00eb fare m\u00eb mister. Asfar\u00eb misteri! P\u00ebr fatin ton\u00eb t\u00eb keq, na del se paskam par\u00eb qart\u00eb dhe sakt\u00eb, se paskam pasur 100% t\u00eb drejt\u00eb n\u00eb profecin\u00eb time prej kasandre.<\/p>\n<p>At\u00eb alarm q\u00eb dhash\u00eb q\u00eb n\u00eb dhjetor t\u00eb vitit 2019 (ndon\u00ebse i mbyllur n\u00eb kamp azilant\u00ebsh politik\u00eb), fare pak kush deshi ta marr\u00eb parasysh. Ja frytet e helm\u00ebta ku i kemi tash, sot e gjith\u00eb dit\u00ebn:<\/p>\n<p>1. Shkat\u00ebrrimi i pluralizmit politik, shkat\u00ebrrimi i zgjedhjeve dhe vot\u00ebs s\u00eb lir\u00eb;<\/p>\n<p>2. Opozita e burgosur, e shantazhuar, e penguar, e arrestuar, e ndaluar.<\/p>\n<p>3) Mbrojtja e hapur, e tro\u00e7t\u00eb, e pafytyr\u00eb e gjith\u00eb trafikut komb\u00ebtar e nd\u00ebrkomb\u00ebtar, sipas interesave t\u00eb qeveris\u00eb, folje-ndihm\u00ebse e diktatur\u00ebs s\u00eb re.<\/p>\n<p>4) Nj\u00eb mori e panum\u00ebrt perversitetesh t\u00eb neveritshme, q\u00eb mund t\u2019i shtoni vet\u00eb&#8230;<\/p>\n<p>D\u00ebmi \u00ebsht\u00eb i m\u00ebnxyrsh\u00ebm. Njer\u00ebzit nuk kan\u00eb kuraj\u00eb t\u00eb flasin. Popullit i \u00ebsht\u00eb aktivizuar ajo q\u00eb un\u00eb e quaj \u201cagjencia e fsheht\u00eb e pavet\u00ebdijes\u201d, q\u00eb ka ndezuar automatikisht llamp\u00ebn e alarmit t\u00eb frik\u00ebs s\u00eb vjet\u00ebr t\u00eb diktatur\u00ebs enveriste. Njer\u00ebzit kan\u00eb frik\u00eb se u shkat\u00ebrrohet jeta, familja, fati, karriera. Sepse jo m\u00ebkot jan\u00eb prej t\u00eb nj\u00ebjtit gen&#8230; prej t\u00eb nj\u00ebjt\u00ebs familje politike, me t\u00eb nj\u00ebjtat metoda drejt\u00ebsie e survejimi dhe me t\u00eb nj\u00ebjt\u00ebn nd\u00ebrgjegje t\u00eb krimbur n\u00eb krime. Njer\u00ebzit kan\u00eb frik\u00eb, sepse po shohin se si po d\u00ebnohet lidershipi opozitar. Po ata dhjet\u00ebramij\u00ebra si un\u00eb e si ti?! Njer\u00ebzit kan\u00eb frik\u00eb! Madje kan\u00eb frik\u00eb t\u00eb b\u00ebjn\u00eb dhe nj\u00eb &#8220;like&#8221; t\u00eb k\u00ebtij shkrimi dhe i kuptoj mir\u00ebfilli, ndon\u00ebse nuk i mir\u00ebkuptoj.<\/p>\n<p>P\u00ebr mua, diktatura e bijve (le t\u00eb thartoj\u00eb turinjt\u00eb kush t\u00eb doj\u00eb) \u00ebsht\u00eb nj\u00eb pun\u00eb e kryer tashm\u00eb, e dizajnuar, e eg\u00ebr, me cerber\u00ebt e vet. Dakord, e di, ajo nuk shembet me vot\u00eb t\u00eb lir\u00eb e frym\u00ebzime elektorale, se nuk ka b\u00ebr\u00eb vaki t\u00eb shemben ndonj\u00ebher\u00eb k\u00ebshtu diktaturat. Sepse nuk jan\u00eb aq kaqola ustallar\u00ebt e diktatur\u00ebs, sa t\u00eb t\u00eb l\u00ebn\u00eb ty t\u00eb shkosh serbes dhe i lir\u00eb n\u00eb kutin\u00eb e votimit&#8230; I kan\u00eb marr\u00eb masat dhe kush nuk e di k\u00ebt\u00eb gj\u00eb tashm\u00eb t\u00eb provuar kaq e kaq her\u00eb&#8230;?<\/p>\n<p>Diktaturat m\u00eb t\u00eb frikshme e m\u00eb t\u00eb paskrupullta jan\u00eb nj\u00ebher\u00ebsh dhe m\u00eb frikacaket. Mjafton t\u00eb kesh zem\u00ebr, t\u00eb ngrihesh, po, edhe t\u00eb sakrifikosh, dhe shemben si nj\u00eb dordolec n\u00eb shesh. Epo, liria gjithmon\u00eb e ka nj\u00eb pesh\u00eb e nj\u00eb \u00e7mim, nuk t\u00eb falet p\u00ebr sadaka&#8230; Duhet shembur me \u00e7do kusht kjo tirania e diktatur\u00ebs s\u00eb re, p\u00ebr t\u00eb ndaluar shfytyrimin e njeriut ton\u00eb dhe atdheut ton\u00eb. Ndryshe ka p\u00ebr t\u00eb qen\u00eb tragjikisht von\u00eb.<\/p>\n<p><img decoding=\"async\" src=\"https:\/\/www.syri.net\/uploads\/syri.net\/images\/2024\/October\/03\/auto_kraja1727948845.jpg\" alt=\"Image\" \/><img decoding=\"async\" src=\"https:\/\/www.syri.net\/uploads\/syri.net\/images\/2024\/October\/03\/auto_kraja11727948845.jpg\" alt=\"Image\" \/><img decoding=\"async\" src=\"https:\/\/www.syri.net\/uploads\/syri.net\/images\/2024\/October\/03\/auto_kraja21727948846.jpg\" alt=\"Image\" \/><img decoding=\"async\" src=\"https:\/\/www.syri.net\/uploads\/syri.net\/images\/2024\/October\/03\/auto_kraja31727948846.jpg\" alt=\"Image\" \/><img decoding=\"async\" src=\"https:\/\/www.syri.net\/uploads\/syri.net\/images\/2024\/October\/03\/auto_kraja41727948847.jpg\" alt=\"Image\" \/><\/p>\n<\/div>\n<div id=\"rekl-33\"><\/div>\n","protected":false},"excerpt":{"rendered":"<p>Nga Agron TUFA Kur b\u00ebra publike p\u00ebr her\u00eb t\u00eb par\u00eb (dhjetor, 2019) dokumentet arkivor\u00eb t\u00eb kreut t\u00eb sapozgjedhur t\u00eb SPAK-ut, ish-hetuesit komunist Arben Kraja, t\u00eb zgjedhur me nj\u00eb procedur\u00eb mbi trevje\u00e7are Vetingu, pati reaksion t\u00eb madh, ku nuk munguan mbrojt\u00ebsit e tij. Ca m\u00eb shkruan n\u00eb privat me nj\u00eb ton gjysm\u00ebrixhaje e gjysm\u00ebk\u00ebrc\u00ebnimi. Ca t\u00eb &hellip;<\/p>\n","protected":false},"author":4,"featured_media":81586,"comment_status":"closed","ping_status":"closed","sticky":false,"template":"","format":"standard","meta":{"footnotes":""},"categories":[44],"tags":[],"class_list":["post-90277","post","type-post","status-publish","format-standard","has-post-thumbnail","","category-editorial"],"_links":{"self":[{"href":"https:\/\/rdnews.al\/index.php\/wp-json\/wp\/v2\/posts\/90277","targetHints":{"allow":["GET"]}}],"collection":[{"href":"https:\/\/rdnews.al\/index.php\/wp-json\/wp\/v2\/posts"}],"about":[{"href":"https:\/\/rdnews.al\/index.php\/wp-json\/wp\/v2\/types\/post"}],"author":[{"embeddable":true,"href":"https:\/\/rdnews.al\/index.php\/wp-json\/wp\/v2\/users\/4"}],"replies":[{"embeddable":true,"href":"https:\/\/rdnews.al\/index.php\/wp-json\/wp\/v2\/comments?post=90277"}],"version-history":[{"count":0,"href":"https:\/\/rdnews.al\/index.php\/wp-json\/wp\/v2\/posts\/90277\/revisions"}],"wp:featuredmedia":[{"embeddable":true,"href":"https:\/\/rdnews.al\/index.php\/wp-json\/wp\/v2\/media\/81586"}],"wp:attachment":[{"href":"https:\/\/rdnews.al\/index.php\/wp-json\/wp\/v2\/media?parent=90277"}],"wp:term":[{"taxonomy":"category","embeddable":true,"href":"https:\/\/rdnews.al\/index.php\/wp-json\/wp\/v2\/categories?post=90277"},{"taxonomy":"post_tag","embeddable":true,"href":"https:\/\/rdnews.al\/index.php\/wp-json\/wp\/v2\/tags?post=90277"}],"curies":[{"name":"wp","href":"https:\/\/api.w.org\/{rel}","templated":true}]}}