{"id":90364,"date":"2024-10-03T17:57:02","date_gmt":"2024-10-03T17:57:02","guid":{"rendered":"https:\/\/rdnews.al\/?p=90364"},"modified":"2024-10-03T17:57:02","modified_gmt":"2024-10-03T17:57:02","slug":"korreshi-qeveria-teknike-dhe-lirimi-i-berishes-kusht-i-panegociushem-per-zgjedhjet-e-2025","status":"publish","type":"post","link":"https:\/\/rdnews.al\/index.php\/2024\/10\/03\/korreshi-qeveria-teknike-dhe-lirimi-i-berishes-kusht-i-panegociushem-per-zgjedhjet-e-2025\/","title":{"rendered":"Korreshi: Qeveria teknike dhe lirimi i Berish\u00ebs kusht i panegociush\u00ebm p\u00ebr zgjedhjet e 2025"},"content":{"rendered":"<p>Deputeti i PD, Sajmir Korreshi n\u00eb tubimin e p\u00ebrnatsh\u00ebm n\u00eb \u201cRrug\u00ebn e Shpres\u00ebs\u201d u shpreh se, deputet\u00ebt e PD nuk jan\u00eb\u00a0pun\u00ebtor\u00ebt e Edi Ram\u00ebs, por jan\u00eb\u00a0t\u00eb zgjedhur me 650.00 vota demokrat\u00ebsh q\u00eb nuk e kan\u00eb votuar Edi Ram\u00ebn.<\/p>\n<p>\u201cNe i kemi provuar t\u00eb gjitha, me denoncime, e kemi provuar me t\u00eb gjitha m\u00ebnyrat por ju e pat\u00eb se \u00e7far\u00eb na b\u00ebn\u00eb, por na kan\u00eb d\u00ebnuar t\u00eb gjith\u00ebve, as n\u00eb 47 nuk ka ndodhur kjo me deputet\u00ebt e opozit\u00ebs.<\/p>\n<p>Asnj\u00eb nuk e meriton kt\u00eb, ato nuk jan\u00eb karrige dhe ne nuk jemi pun\u00ebtor\u00ebt e Edi Ram\u00ebs, nuk jemi pun\u00ebtor\u00ebt e mamic\u00ebs s\u00eb kuvendit, n\u00eb jemi t\u00eb zgjedhur me 650.00 vota demokrat\u00ebsh q\u00eb nuk e kan\u00eb votuar Edi Ram\u00ebn.<\/p>\n<p>Ju e shikoni, sot \u00ebsht\u00eb dita e 276 e q\u00ebndres\u00ebs dhe p\u00ebrdit\u00eb e p\u00ebrjetoni,kurr\u00eb m\u00eb par\u00eb nuk ka ndodhur t\u00eb d\u00ebnohet lideri i opozit\u00ebs dhe t\u00eb rrij\u00eb n\u00eb sht\u00ebpi, aq m\u00eb tep\u00ebr duke d\u00ebnuar padrejt\u00ebsisht, i vetmi q\u00eb ndodhet n\u00eb burg p\u00ebr shpifje \u00ebsht\u00eb Ervin Salianji, ju d\u00ebrgon t\u00eb fala, ne me\u00a0miqt\u00eb e kemi takuar dhe \u00ebsht\u00eb n\u00eb mb\u00ebshtetje t\u00eb fort\u00eb t\u00eb \u00e7do demokrati.<\/p>\n<p>Sot flasim n\u00eb nj\u00eb dit\u00eb shum\u00eb t\u00eb trishtuar, ju e shikoni\u00a0mir\u00eb q\u00eb edhe deputet\u00ebt e tjer\u00eb demokrat\u00eb q\u00eb nuk jan\u00eb d\u00ebnuar nuk u lejuan t\u00eb futeshin n\u00eb parlament, ne do t\u00eb p\u00ebrballemi n\u00eb dat\u00ebn 7 tetor.<\/p>\n<p>N\u00eb 7 tetor ose do t\u00eb kthehen bijat e et\u00ebrve t\u00eb na sugjenosin si\u00e7 b\u00ebn\u00eb 50 vjet ose do ti heqim nj\u00ebher\u00eb e mir\u00eb.<\/p>\n<p>N\u00ebqoft\u00ebse presim 2025 pa nj\u00eb qeveri teknike, kusht i panegociush\u00ebm, pa lirimin e doktorr Berish\u00ebs, kusht i panegociush\u00ebm, \u00e7do dit\u00eb do na ken\u00eb n\u00eb shesh nga data 7 e n\u00eb vijim\u201d, u shpreh Korreshi.<\/p>\n","protected":false},"excerpt":{"rendered":"<p>Deputeti i PD, Sajmir Korreshi n\u00eb tubimin e p\u00ebrnatsh\u00ebm n\u00eb \u201cRrug\u00ebn e Shpres\u00ebs\u201d u shpreh se, deputet\u00ebt e PD nuk jan\u00eb\u00a0pun\u00ebtor\u00ebt e Edi Ram\u00ebs, por jan\u00eb\u00a0t\u00eb zgjedhur me 650.00 vota demokrat\u00ebsh q\u00eb nuk e kan\u00eb votuar Edi Ram\u00ebn. \u201cNe i kemi provuar t\u00eb gjitha, me denoncime, e kemi provuar me t\u00eb gjitha m\u00ebnyrat por ju &hellip;<\/p>\n","protected":false},"author":4,"featured_media":90365,"comment_status":"closed","ping_status":"closed","sticky":false,"template":"","format":"standard","meta":{"footnotes":""},"categories":[37],"tags":[],"class_list":["post-90364","post","type-post","status-publish","format-standard","has-post-thumbnail","","category-politike"],"_links":{"self":[{"href":"https:\/\/rdnews.al\/index.php\/wp-json\/wp\/v2\/posts\/90364","targetHints":{"allow":["GET"]}}],"collection":[{"href":"https:\/\/rdnews.al\/index.php\/wp-json\/wp\/v2\/posts"}],"about":[{"href":"https:\/\/rdnews.al\/index.php\/wp-json\/wp\/v2\/types\/post"}],"author":[{"embeddable":true,"href":"https:\/\/rdnews.al\/index.php\/wp-json\/wp\/v2\/users\/4"}],"replies":[{"embeddable":true,"href":"https:\/\/rdnews.al\/index.php\/wp-json\/wp\/v2\/comments?post=90364"}],"version-history":[{"count":0,"href":"https:\/\/rdnews.al\/index.php\/wp-json\/wp\/v2\/posts\/90364\/revisions"}],"wp:featuredmedia":[{"embeddable":true,"href":"https:\/\/rdnews.al\/index.php\/wp-json\/wp\/v2\/media\/90365"}],"wp:attachment":[{"href":"https:\/\/rdnews.al\/index.php\/wp-json\/wp\/v2\/media?parent=90364"}],"wp:term":[{"taxonomy":"category","embeddable":true,"href":"https:\/\/rdnews.al\/index.php\/wp-json\/wp\/v2\/categories?post=90364"},{"taxonomy":"post_tag","embeddable":true,"href":"https:\/\/rdnews.al\/index.php\/wp-json\/wp\/v2\/tags?post=90364"}],"curies":[{"name":"wp","href":"https:\/\/api.w.org\/{rel}","templated":true}]}}