{"id":90367,"date":"2024-10-03T18:02:39","date_gmt":"2024-10-03T18:02:39","guid":{"rendered":"https:\/\/rdnews.al\/?p=90367"},"modified":"2024-10-03T18:02:39","modified_gmt":"2024-10-03T18:02:39","slug":"berisha-me-7-tetor-miqte-e-shqiperise-do-shohin-se-shqiptaret-do-dominojne-narkoshtetin","status":"publish","type":"post","link":"https:\/\/rdnews.al\/index.php\/2024\/10\/03\/berisha-me-7-tetor-miqte-e-shqiperise-do-shohin-se-shqiptaret-do-dominojne-narkoshtetin\/","title":{"rendered":"Berisha: M\u00eb 7 tetor miqt\u00eb e Shqip\u00ebris\u00eb do shohin se shqiptar\u00ebt do dominojn\u00eb narkoshtetin!"},"content":{"rendered":"<p>Lideri i opozit\u00ebs, Sali Berisha \u00ebsht\u00eb ndalur te protesta komb\u00ebtare e thirrur n\u00eb dat\u00eb 7 tetor n\u00eb or\u00ebn 18:00 p\u00ebrpara Kryeministris\u00eb, ku shqiptar\u00ebt do t\u00eb ushtrojn\u00eb t\u00eb dr\u00ebjt\u00ebn e tyre t\u00eb mosbindjes civile, pas luft\u00ebs s\u00eb shpallur nga Edi Rama ndaj popullit dhe drejtuesve demokrat\u00eb.<\/p>\n<p>Berisha tha se, m\u00eb 7 tetor miqt\u00eb e Shqip\u00ebris\u00eb do shohin se shqiptar\u00ebt do dominojn\u00eb narkoshtetin dhe do \u00e7elin rrug\u00ebn e zgjedhjeve t\u00eb lira.<\/p>\n<p>\u201cM\u00eb 7 tetor, \u00e7do shqiptar \u00ebsht\u00eb i thirrur t\u00eb ngrihet n\u00eb lart\u00ebsin\u00eb e guximit shqiptar.<\/p>\n<p>\u00c7do shqiptar \u00ebsht\u00eb i thirrur t\u00eb ngrihet n\u00eb k\u00ebmb\u00eb p\u00ebr idealet e tyre.<\/p>\n<p>\u00c7do shqiptar \u00ebsht\u00eb i thirrur t\u00eb tregoj\u00eb veten qytetar t\u00eb civilizuar evropian q\u00eb mbron me sakrifica, sypatrembur, guximtar t\u00eb drejtat e tij. T\u00eb drejtat e shkelmuara nga padrino i Shqip\u00ebris\u00eb, organizata e tij kriminale qeveri, organizata Skrapi i partis\u00eb, etj, etj.<\/p>\n<p>T\u00eb dashur miq, 7 tetori fton gjenin\u00eb krijuese dhe t\u00eb guximit t\u00eb qytetar\u00ebve shqiptar\u00eb q\u00eb ta b\u00ebjn\u00eb at\u00eb nj\u00eb dit\u00eb si asnj\u00eb tjet\u00ebr n\u00eb histori.<\/p>\n<p>Nj\u00eb dit\u00eb t\u00eb kthes\u00ebs s\u00eb madhe.<\/p>\n<p>Nj\u00eb dit\u00eb t\u00eb triumfit t\u00eb madh.<\/p>\n<p>Nj\u00eb dit\u00eb n\u00eb t\u00eb cil\u00ebn shqiptar\u00ebt n\u00eb t\u00eb kat\u00ebrt an\u00ebt e Europ\u00ebs dhe bot\u00ebs do t\u00eb shohin kombin e tyre vigan t\u00eb triumfoj\u00eb.<\/p>\n<p>Miqt\u00eb e Shqip\u00ebris\u00eb do t\u00eb shohin shqiptar\u00ebt t\u00eb dominojn\u00eb narkoshtetin, t\u00eb \u00e7elin rrug\u00ebn e zgjedhjeve t\u00eb lira, qeveri teknike, zgjedhje t\u00eb lira, fitore t\u00eb opozit\u00ebs.<\/p>\n<p>Ndaj dhe ftesa ime \u00ebsht\u00eb p\u00ebr \u00e7do t\u00eb re dhe t\u00eb ri shqiptar, p\u00ebr \u00e7do studente dhe student, \u00e7do nx\u00ebn\u00ebse dhe nx\u00ebn\u00ebs, \u00e7do t\u00eb ri kudo q\u00eb ndodhet, ta shnd\u00ebrrojm\u00eb 7 tetorin n\u00eb dit\u00ebn e betej\u00ebs fitimtare t\u00eb rinis\u00eb shqiptare.<\/p>\n<p>T\u2019i japim protest\u00ebs s\u00eb 7 tetorit, fytyr\u00ebn e rinis\u00eb, guximin e saj, vizionin e saj, fitoren e saj\u201d, tha Berisha.<\/p>\n","protected":false},"excerpt":{"rendered":"<p>Lideri i opozit\u00ebs, Sali Berisha \u00ebsht\u00eb ndalur te protesta komb\u00ebtare e thirrur n\u00eb dat\u00eb 7 tetor n\u00eb or\u00ebn 18:00 p\u00ebrpara Kryeministris\u00eb, ku shqiptar\u00ebt do t\u00eb ushtrojn\u00eb t\u00eb dr\u00ebjt\u00ebn e tyre t\u00eb mosbindjes civile, pas luft\u00ebs s\u00eb shpallur nga Edi Rama ndaj popullit dhe drejtuesve demokrat\u00eb. Berisha tha se, m\u00eb 7 tetor miqt\u00eb e Shqip\u00ebris\u00eb do &hellip;<\/p>\n","protected":false},"author":4,"featured_media":71950,"comment_status":"closed","ping_status":"closed","sticky":false,"template":"","format":"standard","meta":{"footnotes":""},"categories":[37],"tags":[],"class_list":["post-90367","post","type-post","status-publish","format-standard","has-post-thumbnail","","category-politike"],"_links":{"self":[{"href":"https:\/\/rdnews.al\/index.php\/wp-json\/wp\/v2\/posts\/90367","targetHints":{"allow":["GET"]}}],"collection":[{"href":"https:\/\/rdnews.al\/index.php\/wp-json\/wp\/v2\/posts"}],"about":[{"href":"https:\/\/rdnews.al\/index.php\/wp-json\/wp\/v2\/types\/post"}],"author":[{"embeddable":true,"href":"https:\/\/rdnews.al\/index.php\/wp-json\/wp\/v2\/users\/4"}],"replies":[{"embeddable":true,"href":"https:\/\/rdnews.al\/index.php\/wp-json\/wp\/v2\/comments?post=90367"}],"version-history":[{"count":0,"href":"https:\/\/rdnews.al\/index.php\/wp-json\/wp\/v2\/posts\/90367\/revisions"}],"wp:featuredmedia":[{"embeddable":true,"href":"https:\/\/rdnews.al\/index.php\/wp-json\/wp\/v2\/media\/71950"}],"wp:attachment":[{"href":"https:\/\/rdnews.al\/index.php\/wp-json\/wp\/v2\/media?parent=90367"}],"wp:term":[{"taxonomy":"category","embeddable":true,"href":"https:\/\/rdnews.al\/index.php\/wp-json\/wp\/v2\/categories?post=90367"},{"taxonomy":"post_tag","embeddable":true,"href":"https:\/\/rdnews.al\/index.php\/wp-json\/wp\/v2\/tags?post=90367"}],"curies":[{"name":"wp","href":"https:\/\/api.w.org\/{rel}","templated":true}]}}