{"id":9039,"date":"2022-04-09T10:00:02","date_gmt":"2022-04-09T10:00:02","guid":{"rendered":"https:\/\/rdnews.al\/?p=9039"},"modified":"2022-04-09T10:07:53","modified_gmt":"2022-04-09T10:07:53","slug":"rama-me-foton-e-nanos-berisha-perpjekje-per-te-retushuar-imazhin-e-tij-te-nxire","status":"publish","type":"post","link":"https:\/\/rdnews.al\/index.php\/2022\/04\/09\/rama-me-foton-e-nanos-berisha-perpjekje-per-te-retushuar-imazhin-e-tij-te-nxire\/","title":{"rendered":"Rama me foton e Nanos\/ Berisha: P\u00ebrpjekje p\u00ebr t\u00eb retushuar imazhin e tij t\u00eb nxir\u00eb!"},"content":{"rendered":"<p>Kryeministri Edi Rama e nisi dit\u00ebn duke njoftuar shqiptar\u00ebt se \u00ebsht\u00eb gogol.<\/p>\n<p><em>\u201cMIR\u00cbM\u00cbNGJES dhe me ndjes\u00ebn q\u00eb po ju zgjoj si gogol n\u00eb k\u00ebt\u00eb dit\u00eb pushimi, teksa PS e ka dit\u00eb kongresi, uroj p\u00ebr t\u00eb gjith\u00eb ju nj\u00eb fundjav\u00eb t\u00eb qet\u00eb,\u201d\u00a0<\/em>shkruan Rama, duke postuar nj\u00eb foto.<\/p>\n<p>Ajo q\u00eb bie n\u00eb sy \u00ebsht\u00eb se n\u00eb sfond shfaqet Fatos Nano, lideri historik i t\u00eb majt\u00ebs, i cili u largua nga pushteti duke lejuar rotacionin normal.<\/p>\n<p>Por teksa Edi Rama shihet si lideri m\u00eb autokratik dhe m\u00eb i korruptuar q\u00eb ka prodhuar tranzicioni shqiptar, postimi i fotos s\u00eb Nanos ka nxitur debat n\u00eb opinionin publik.<\/p>\n<p>Ish-kryeministri Sali Berisha thot\u00eb se Rama po p\u00ebrpiqet q\u00eb t\u00eb retushoj\u00eb imazhin e tij t\u00eb nxir\u00eb.<\/p>\n<p><em>\u201cRama n\u00eb p\u00ebrpjekje p\u00ebr t\u00eb retushuar imazhin e tij t\u00eb nxir\u00eb, poston foton me Fatos Nanon n\u00eb sfond,\u201d<\/em>\u00a0shkruan Berisha.<\/p>\n<p>Kujtojm\u00eb se Rama shkon n\u00eb k\u00ebt\u00eb kongres teksa n\u00eb burg po i krijohet nj\u00eb grup parlamentar me miqt\u00eb e tij.<\/p>\n<p><img loading=\"lazy\" decoding=\"async\" class=\"alignnone size-medium wp-image-9040\" src=\"https:\/\/rdnews.al\/wp-content\/uploads\/2022\/04\/rama-3-300x240.jpg\" alt=\"\" width=\"300\" height=\"240\" \/><\/p>\n","protected":false},"excerpt":{"rendered":"<p>Kryeministri Edi Rama e nisi dit\u00ebn duke njoftuar shqiptar\u00ebt se \u00ebsht\u00eb gogol. \u201cMIR\u00cbM\u00cbNGJES dhe me ndjes\u00ebn q\u00eb po ju zgjoj si gogol n\u00eb k\u00ebt\u00eb dit\u00eb pushimi, teksa PS e ka dit\u00eb kongresi, uroj p\u00ebr t\u00eb gjith\u00eb ju nj\u00eb fundjav\u00eb t\u00eb qet\u00eb,\u201d\u00a0shkruan Rama, duke postuar nj\u00eb foto. Ajo q\u00eb bie n\u00eb sy \u00ebsht\u00eb se n\u00eb sfond &hellip;<\/p>\n","protected":false},"author":4,"featured_media":9044,"comment_status":"open","ping_status":"open","sticky":false,"template":"","format":"standard","meta":{"footnotes":""},"categories":[40],"tags":[],"class_list":["post-9039","post","type-post","status-publish","format-standard","has-post-thumbnail","","category-aktualitet"],"_links":{"self":[{"href":"https:\/\/rdnews.al\/index.php\/wp-json\/wp\/v2\/posts\/9039","targetHints":{"allow":["GET"]}}],"collection":[{"href":"https:\/\/rdnews.al\/index.php\/wp-json\/wp\/v2\/posts"}],"about":[{"href":"https:\/\/rdnews.al\/index.php\/wp-json\/wp\/v2\/types\/post"}],"author":[{"embeddable":true,"href":"https:\/\/rdnews.al\/index.php\/wp-json\/wp\/v2\/users\/4"}],"replies":[{"embeddable":true,"href":"https:\/\/rdnews.al\/index.php\/wp-json\/wp\/v2\/comments?post=9039"}],"version-history":[{"count":0,"href":"https:\/\/rdnews.al\/index.php\/wp-json\/wp\/v2\/posts\/9039\/revisions"}],"wp:featuredmedia":[{"embeddable":true,"href":"https:\/\/rdnews.al\/index.php\/wp-json\/wp\/v2\/media\/9044"}],"wp:attachment":[{"href":"https:\/\/rdnews.al\/index.php\/wp-json\/wp\/v2\/media?parent=9039"}],"wp:term":[{"taxonomy":"category","embeddable":true,"href":"https:\/\/rdnews.al\/index.php\/wp-json\/wp\/v2\/categories?post=9039"},{"taxonomy":"post_tag","embeddable":true,"href":"https:\/\/rdnews.al\/index.php\/wp-json\/wp\/v2\/tags?post=9039"}],"curies":[{"name":"wp","href":"https:\/\/api.w.org\/{rel}","templated":true}]}}