{"id":90412,"date":"2024-10-04T10:02:46","date_gmt":"2024-10-04T10:02:46","guid":{"rendered":"https:\/\/rdnews.al\/?p=90412"},"modified":"2024-10-04T12:52:28","modified_gmt":"2024-10-04T12:52:28","slug":"qeveritaret-ne-pergjimet-e-sky-ecc-bardhi-nese-spak-nuk-vepron-do-ti-publikoj","status":"publish","type":"post","link":"https:\/\/rdnews.al\/index.php\/2024\/10\/04\/qeveritaret-ne-pergjimet-e-sky-ecc-bardhi-nese-spak-nuk-vepron-do-ti-publikoj\/","title":{"rendered":"Mesazhet sekrete q\u00eb disponon Bardhi, paralajm\u00ebrimi p\u00ebr SPAK"},"content":{"rendered":"<p>Kryetari i grupit parlamentar t\u00eb PD, Gazment Bardhi foli n\u00eb emisionin n\u00eb \u201cOpinion\u201d p\u00ebr disa p\u00ebrgjime t\u00eb Sky ECC t\u00eb cilat, sipas tij, provojn\u00eb lidhjen mes eksponent\u00ebve t\u00eb r\u00ebnd\u00ebsish\u00ebm t\u00eb mazhoranc\u00ebs socialiste dhe krimit t\u00eb organizuar p\u00ebr nd\u00ebrhyrje n\u00eb sistemin e drejt\u00ebsis\u00eb apo Policin\u00eb e Shtetit.<\/p>\n<p>I pyetur nga gazetari Blendi Fevziu se, p\u00ebr \u00e7far\u00eb p\u00ebrgjimesh b\u00ebhen fjal\u00eb, Bardhi tha se, \u201cb\u00ebhet fjal\u00eb p\u00ebr t\u00eb dh\u00ebna q\u00eb nuk jan\u00eb publikuar deri m\u00eb tani p\u00ebr faktin e thjesht\u00eb sepse mbrohen nga sekreti hetimor\u201d.<\/p>\n<p>\u201cDel e provuar se si eksponent\u00eb t\u00eb r\u00ebnd\u00ebsish\u00ebm t\u00eb mazhoranc\u00ebs jo vet\u00ebm bashk\u00ebpunojn\u00eb, t\u00eb nivelit shum\u00eb t\u00eb lart\u00eb, an\u00ebtar\u00eb qeverie mes tyre patjet\u00ebr, se si ndihmojn\u00eb eksponent\u00eb tashm\u00eb publik\u00eb dhe t\u00eb provuar nga SPAK t\u00eb krimit t\u00eb organizuar n\u00eb \u00e7\u00ebshtjet q\u00eb ata kan\u00eb me drejt\u00ebsin\u00eb. Nd\u00ebrhyjn\u00eb n\u00eb prokuror\u00eb, n\u00eb punonj\u00ebs t\u00eb policis\u00eb\u201d, shtoi Bardhi.<\/p>\n<p>Ai tha se nuk i ka publikuar k\u00ebt\u00eb t\u00eb dh\u00ebna, t\u00eb cilat sipas tij edhe SPAK i disponon, p\u00ebr t\u2019i l\u00ebn\u00eb prokuroris\u00eb koh\u00ebn e nevojshme q\u00eb t\u00eb b\u00ebj\u00eb pun\u00ebn e saj. Por n\u00ebse prokuroria nuk vepron, Bardhi tha se t\u00eb dh\u00ebnat do t\u00eb publikohen p\u00ebr shkak t\u00eb interesit t\u00eb lart\u00eb publik q\u00eb kan\u00eb.<\/p>\n<p>\u201cT\u00eb jeni t\u00eb sigurt q\u00eb t\u00eb dh\u00ebnat do t\u00eb b\u00ebhen publike sepse prevalon interesi publik. N\u00ebse ka n\u00eb k\u00ebt\u00eb vend prokuror\u00eb q\u00eb duan t\u00eb fshehin lidhjet mes krimit dhe qeverisjes, faktin q\u00eb eksponent\u00eb t\u00eb r\u00ebnd\u00ebsish\u00ebm me pushtet n\u00eb Shqip\u00ebri ndihmojn\u00eb apo nd\u00ebrhyjn\u00eb p\u00ebr t\u00eb ndihmuar eksponent\u00eb t\u00eb rreziksh\u00ebm t\u00eb krimit t\u00eb organizuar q\u00eb atyre t\u00eb mos i c\u00ebnohet fjala vend pasuria kjo p\u00ebrb\u00ebn \u00e7\u00ebshtje me interes publik dhe un\u00eb jam n\u00eb politik\u00eb p\u00ebr t\u00eb mbrojtur interesin publik. Po i jap koh\u00ebn e nevojshme prokuroris\u00eb p\u00ebr t\u00eb b\u00ebr\u00eb detyr\u00ebn e vet. Dua q\u00eb institucionet t\u00eb funksionojn\u00eb sipas rregullave t\u00eb k\u00ebtij vendi. N\u00ebse d\u00ebshtojn\u00eb t\u00eb p\u00ebrmbushin misionin e tyre un\u00eb do t\u00eb p\u00ebrmbush misionin si p\u00ebrfaq\u00ebsues i qytetar\u00ebve\u201d, tha Bardhi.<\/p>\n<p>E tashm\u00eb pyetja lind se sa koh\u00eb do i jap\u00eb Bardhi SPAK-ut para se t\u2019i publikoj\u00eb t\u00eb dh\u00ebnat. Fillimisht ai shprehu bindjen se prokuroria do t\u00eb veproj\u00eb dhe se nuk ka nj\u00eb afat t\u00eb caktuar p\u00ebr k\u00ebt\u00eb gj\u00eb. Megjithat\u00eb theksoi se prokuroris\u00eb nuk i duhen shum\u00eb q\u00eb t\u00eb lexoj\u00eb ato q\u00eb ka p\u00ebrpara.<\/p>\n<p>\u201cN\u00ebse SPAK i duhet nj\u00eb vit q\u00eb t\u00eb lexoj\u00eb at\u00eb q\u00eb ka, do marr mesazhin patjet\u00ebr q\u00eb k\u00ebtu ka nj\u00eb tentativ\u00eb t\u00eb qart\u00eb nga prokuroria p\u00ebr ti fshehur k\u00ebto t\u00eb dh\u00ebna\u201d, tha Bardhi.<\/p>\n","protected":false},"excerpt":{"rendered":"<p>Kryetari i grupit parlamentar t\u00eb PD, Gazment Bardhi foli n\u00eb emisionin n\u00eb \u201cOpinion\u201d p\u00ebr disa p\u00ebrgjime t\u00eb Sky ECC t\u00eb cilat, sipas tij, provojn\u00eb lidhjen mes eksponent\u00ebve t\u00eb r\u00ebnd\u00ebsish\u00ebm t\u00eb mazhoranc\u00ebs socialiste dhe krimit t\u00eb organizuar p\u00ebr nd\u00ebrhyrje n\u00eb sistemin e drejt\u00ebsis\u00eb apo Policin\u00eb e Shtetit. I pyetur nga gazetari Blendi Fevziu se, p\u00ebr \u00e7far\u00eb &hellip;<\/p>\n","protected":false},"author":4,"featured_media":74257,"comment_status":"closed","ping_status":"closed","sticky":false,"template":"","format":"standard","meta":{"footnotes":""},"categories":[40],"tags":[],"class_list":["post-90412","post","type-post","status-publish","format-standard","has-post-thumbnail","","category-aktualitet"],"_links":{"self":[{"href":"https:\/\/rdnews.al\/index.php\/wp-json\/wp\/v2\/posts\/90412","targetHints":{"allow":["GET"]}}],"collection":[{"href":"https:\/\/rdnews.al\/index.php\/wp-json\/wp\/v2\/posts"}],"about":[{"href":"https:\/\/rdnews.al\/index.php\/wp-json\/wp\/v2\/types\/post"}],"author":[{"embeddable":true,"href":"https:\/\/rdnews.al\/index.php\/wp-json\/wp\/v2\/users\/4"}],"replies":[{"embeddable":true,"href":"https:\/\/rdnews.al\/index.php\/wp-json\/wp\/v2\/comments?post=90412"}],"version-history":[{"count":0,"href":"https:\/\/rdnews.al\/index.php\/wp-json\/wp\/v2\/posts\/90412\/revisions"}],"wp:featuredmedia":[{"embeddable":true,"href":"https:\/\/rdnews.al\/index.php\/wp-json\/wp\/v2\/media\/74257"}],"wp:attachment":[{"href":"https:\/\/rdnews.al\/index.php\/wp-json\/wp\/v2\/media?parent=90412"}],"wp:term":[{"taxonomy":"category","embeddable":true,"href":"https:\/\/rdnews.al\/index.php\/wp-json\/wp\/v2\/categories?post=90412"},{"taxonomy":"post_tag","embeddable":true,"href":"https:\/\/rdnews.al\/index.php\/wp-json\/wp\/v2\/tags?post=90412"}],"curies":[{"name":"wp","href":"https:\/\/api.w.org\/{rel}","templated":true}]}}